{"id":9820,"date":"2019-09-11T13:10:08","date_gmt":"2019-09-11T11:10:08","guid":{"rendered":"http:\/\/www.petervasara.hu\/2013\/?p=9820"},"modified":"2019-09-25T13:12:53","modified_gmt":"2019-09-25T11:12:53","slug":"helyi-valasztasi-bizottsag-hatarozatai","status":"publish","type":"post","link":"https:\/\/www.petervasara.hu\/2013\/?p=9820","title":{"rendered":"Helyi V\u00e1laszt\u00e1si Bizotts\u00e1g hat\u00e1rozatai"},"content":{"rendered":"\n<p>P\u00e9terv\u00e1s\u00e1ra V\u00e1ros Helyi V\u00e1laszt\u00e1si Bizotts\u00e1ga tagjai k\u00f6z\u00fcl eln\u00f6k\u00e9v\u00e9 megv\u00e1lasztotta Varg\u00e1n\u00e9 Szab\u00f3 Ang\u00e9la P\u00e9terv\u00e1s\u00e1ra, T\u00e1ncsics \u00fat 57. sz\u00e1m alatti lakost, eln\u00f6k-helyettes\u00e9v\u00e9 megv\u00e1lasztotta Lakatos Katalin P\u00e9terv\u00e1s\u00e1ra, R\u00e1k\u00f3czi \u00fat 13. sz\u00e1m alatti lakost.<\/p>\n\n\n\n<p>Kivonatok, hat\u00e1rozatok a Helyi V\u00e1laszt\u00e1si Bizotts\u00e1g \u00fcl\u00e9seinek jegyz\u0151k\u00f6nyveib\u0151l:<\/p>\n\n\n\n<p><a href=\"http:\/\/www.petervasara.hu\/2013\/wp-content\/uploads\/2019\/09\/hvb_1_alakulo.pdf\">-1\/2019 (IX.2.) hat\u00e1rozat &#8211; alakul\u00f3 \u00fcl\u00e9s<\/a><br><a href=\"http:\/\/www.petervasara.hu\/2013\/wp-content\/uploads\/2019\/09\/hvb_2_bocsi_krisztian_kv.pdf\">-2\/2019 (IX.5.) hat\u00e1rozat &#8211; Bocsi Kriszti\u00e1n egy\u00e9ni k\u00e9pvisel\u0151<\/a><br><a href=\"http:\/\/www.petervasara.hu\/2013\/wp-content\/uploads\/2019\/09\/hvb_3_szanto_arpad_kv.pdf\">-3\/2019 (IX.5.) hat\u00e1rozat &#8211; Sz\u00e1nt\u00f3 \u00c1rp\u00e1d egy\u00e9ni k\u00e9pvisel\u0151<\/a><br><a href=\"http:\/\/www.petervasara.hu\/2013\/wp-content\/uploads\/2019\/09\/hvb_4_zay_jozsef.pdf\">-4\/2019 (IX.5.) hat\u00e1rozat &#8211; Zay J\u00f3zsef egy\u00e9ni k\u00e9pvisel\u0151<\/a><br><a href=\"http:\/\/www.petervasara.hu\/2013\/wp-content\/uploads\/2019\/09\/hvb_5_bocsi_krisztian_pm.pdf\">-5\/2019 (IX.5.) hat\u00e1rozat &#8211; Bocsi Kriszti\u00e1n polg\u00e1rmester<\/a><br><a href=\"http:\/\/www.petervasara.hu\/2013\/wp-content\/uploads\/2019\/09\/hvb_6_simon_maria_kv.pdf\">-6\/2019 (IX.5.) hat\u00e1rozat &#8211; Simon M\u00e1ria egy\u00e9ni k\u00e9pvisel\u0151<\/a><br><a href=\"http:\/\/www.petervasara.hu\/2013\/wp-content\/uploads\/2019\/09\/hvb_7_abelovszki_ildiko.pdf\">-7\/2019 (IX.5.) hat\u00e1rozat &#8211; Abelovszki Ildik\u00f3 egy\u00e9ni k\u00e9pvisel\u0151<\/a><br><a href=\"http:\/\/www.petervasara.hu\/2013\/wp-content\/uploads\/2019\/09\/hvb_8_juhasz_attila.pdf\">-8\/2019 (IX.5.) hat\u00e1rozat &#8211; Juh\u00e1sz Attila egy\u00e9ni k\u00e9pvisel\u0151<\/a> <br><a href=\"http:\/\/www.petervasara.hu\/2013\/wp-content\/uploads\/2019\/09\/hvb_9_boros_csaba.pdf\">-9\/2019 (IX.5.) hat\u00e1rozat &#8211; Boros Csaba egy\u00e9ni k\u00e9pvisel\u0151<\/a> <br><a href=\"http:\/\/www.petervasara.hu\/2013\/wp-content\/uploads\/2019\/09\/hvb_10_toth_janos.pdf\">-10\/2019 (IX.5.) hat\u00e1rozat &#8211; T\u00f3th J\u00e1nos egy\u00e9ni k\u00e9pvisel\u0151<\/a> <br><a href=\"http:\/\/www.petervasara.hu\/2013\/wp-content\/uploads\/2019\/09\/hvb_11_csik_sandorne.pdf\">-11\/2019 (IX.5.) hat\u00e1rozat &#8211; Cs\u00edk S\u00e1ndorn\u00e9 egy\u00e9ni k\u00e9pvisel\u0151<\/a> <br><a href=\"http:\/\/www.petervasara.hu\/2013\/wp-content\/uploads\/2019\/09\/hvb_12_barta_gabor.pdf\">-12\/2019 (IX.5.) hat\u00e1rozat &#8211; Barta G\u00e1bor L\u00f3r\u00e1nt egy\u00e9ni k\u00e9pvisel\u0151<\/a> <br><a href=\"http:\/\/www.petervasara.hu\/2013\/wp-content\/uploads\/2019\/09\/hvb_13_eged_istvan_pm.pdf\">-13\/2019 (IX.5.) hat\u00e1rozat &#8211; Eged Istv\u00e1n polg\u00e1rmester<\/a> <br><a href=\"http:\/\/www.petervasara.hu\/2013\/wp-content\/uploads\/2019\/09\/hvb_14_varro_magdolna.pdf\">-14\/2019 (IX.9.) hat\u00e1rozat &#8211; Varr\u00f3 Magdolna egy\u00e9ni k\u00e9pvisel\u0151<\/a> <\/p>\n\n\n\n<p><a href=\"http:\/\/www.petervasara.hu\/2013\/wp-content\/uploads\/2019\/09\/hvb_15-20_nemzetisegi_roma.pdf\">-15-20\/2019 (IX.9.) hat\u00e1rozatok &#8211;  nemzetis\u00e9gi roma k\u00e9pvisel\u0151 jel\u00f6ltek nyilv\u00e1ntart\u00e1sba v\u00e9tel\u00e9r\u0151l<\/a><\/p>\n\n\n\n<p><a href=\"http:\/\/www.petervasara.hu\/2013\/wp-content\/uploads\/2019\/09\/hvb_21_pmsorsolas.pdf\">-21\/2019 (IX.9.) hat\u00e1rozat &#8211; polg\u00e1rmester jel\u00f6ltek szavaz\u00f3lapon t\u00f6rt\u00e9n\u0151 sorrendje<\/a><br><a href=\"http:\/\/www.petervasara.hu\/2013\/wp-content\/uploads\/2019\/09\/hvb_22_kvsorsolas.pdf\">-22\/2019 (IX.9.) hat\u00e1rozat &#8211; k\u00e9pvisel\u0151 jel\u00f6ltek szavaz\u00f3lapon t\u00f6rt\u00e9n\u0151 sorrendje<\/a><br><a href=\"http:\/\/www.petervasara.hu\/2013\/wp-content\/uploads\/2019\/09\/hvb_23_romasorolas.pdf\">-23\/2019 (IX.9.) hat\u00e1rozat &#8211; nemzetis\u00e9gi k\u00e9pvisel\u0151 jel\u00f6ltek szavaz\u00f3lapon t\u00f6rt\u00e9n\u0151 sorrendje<\/a><\/p>\n\n\n\n<p>&#8211;<a href=\"http:\/\/www.petervasara.hu\/2013\/wp-content\/uploads\/2019\/09\/imprimalas_pm_pv.pdf\">24\/2019 (IX.18.) szavaz\u00f3lap imprim\u00e1l\u00e1s polg\u00e1rmester<\/a><br>&#8211;<a href=\"http:\/\/www.petervasara.hu\/2013\/wp-content\/uploads\/2019\/09\/imprimalas_egyeni_pv.pdf\">25\/2019 (IX.18.) szavaz\u00f3lap imprim\u00e1l\u00e1s egy\u00e9ni k\u00e9pvisel\u0151k<\/a><br>&#8211;<a href=\"http:\/\/www.petervasara.hu\/2013\/wp-content\/uploads\/2019\/09\/imprimalas_roma_pv.pdf\">26\/2019 (IX.18.) szavaz\u00f3lap imprim\u00e1l\u00e1s nemzetis\u00e9gi roma k\u00e9pvisel\u0151k<\/a><br>&#8211;<a href=\"http:\/\/www.petervasara.hu\/2013\/wp-content\/uploads\/2019\/09\/szavazo_pv_pm.pdf\">polg\u00e1rmester jel\u00f6lt szavaz\u00f3lap<\/a><br>&#8211;<a href=\"http:\/\/www.petervasara.hu\/2013\/wp-content\/uploads\/2019\/09\/szavazo_pm_kv.pdf\">egy\u00e9ni k\u00e9pvisel\u0151-jel\u00f6lt szavaz\u00f3lap<\/a><br>&#8211;<a href=\"http:\/\/www.petervasara.hu\/2013\/wp-content\/uploads\/2019\/09\/szavazo_pv_roma.pdf\">nemzetis\u00e9gi roma k\u00e9pvisel\u0151 jel\u00f6lt szavaz\u00f3lap<\/a><\/p>\n","protected":false},"excerpt":{"rendered":"A Helyi V\u00e1laszt\u00e1si Bizotts\u00e1g hat\u00e1rozatai.\n","protected":false},"author":1,"featured_media":9827,"comment_status":"closed","ping_status":"open","sticky":false,"template":"","format":"standard","meta":{"footnotes":""},"categories":[185,2],"tags":[],"views":1248,"_links":{"self":[{"href":"https:\/\/www.petervasara.hu\/2013\/index.php?rest_route=\/wp\/v2\/posts\/9820"}],"collection":[{"href":"https:\/\/www.petervasara.hu\/2013\/index.php?rest_route=\/wp\/v2\/posts"}],"about":[{"href":"https:\/\/www.petervasara.hu\/2013\/index.php?rest_route=\/wp\/v2\/types\/post"}],"author":[{"embeddable":true,"href":"https:\/\/www.petervasara.hu\/2013\/index.php?rest_route=\/wp\/v2\/users\/1"}],"replies":[{"embeddable":true,"href":"https:\/\/www.petervasara.hu\/2013\/index.php?rest_route=%2Fwp%2Fv2%2Fcomments&post=9820"}],"version-history":[{"count":9,"href":"https:\/\/www.petervasara.hu\/2013\/index.php?rest_route=\/wp\/v2\/posts\/9820\/revisions"}],"predecessor-version":[{"id":9901,"href":"https:\/\/www.petervasara.hu\/2013\/index.php?rest_route=\/wp\/v2\/posts\/9820\/revisions\/9901"}],"wp:featuredmedia":[{"embeddable":true,"href":"https:\/\/www.petervasara.hu\/2013\/index.php?rest_route=\/wp\/v2\/media\/9827"}],"wp:attachment":[{"href":"https:\/\/www.petervasara.hu\/2013\/index.php?rest_route=%2Fwp%2Fv2%2Fmedia&parent=9820"}],"wp:term":[{"taxonomy":"category","embeddable":true,"href":"https:\/\/www.petervasara.hu\/2013\/index.php?rest_route=%2Fwp%2Fv2%2Fcategories&post=9820"},{"taxonomy":"post_tag","embeddable":true,"href":"https:\/\/www.petervasara.hu\/2013\/index.php?rest_route=%2Fwp%2Fv2%2Ftags&post=9820"}],"curies":[{"name":"wp","href":"https:\/\/api.w.org\/{rel}","templated":true}]}}