{"id":9777,"date":"2019-08-08T09:46:13","date_gmt":"2019-08-08T07:46:13","guid":{"rendered":"http:\/\/www.petervasara.hu\/2013\/?p=9777"},"modified":"2019-08-08T09:46:18","modified_gmt":"2019-08-08T07:46:18","slug":"onkormanyzati-valasztasok-2019-ajanlasok-szama","status":"publish","type":"post","link":"https:\/\/www.petervasara.hu\/2013\/?p=9777","title":{"rendered":"\u00d6nkorm\u00e1nyzati v\u00e1laszt\u00e1sok 2019. &#8211; Aj\u00e1nl\u00e1sok sz\u00e1ma"},"content":{"rendered":"\n<p>A 2019. \u00e9vi helyi \u00f6nkorm\u00e1nyzati k\u00e9pvisel\u0151k \u00e9s polg\u00e1rmesterek v\u00e1laszt\u00e1s\u00e1n a polg\u00e1rmesterjel\u00f6lt \u00e1ll\u00edt\u00e1s\u00e1hoz sz\u00fcks\u00e9ges aj\u00e1nl\u00e1sok sz\u00e1ma P\u00c9TERV\u00c1S\u00c1RA telep\u00fcl\u00e9sen: <strong>54<\/strong><\/p>\n\n\n\n<p> A 2019. \u00e9vi helyi \u00f6nkorm\u00e1nyzati k\u00e9pvisel\u0151k \u00e9s polg\u00e1rmesterek v\u00e1laszt\u00e1s\u00e1n az egy\u00e9ni list\u00e1s jel\u00f6lt\u00e1ll\u00edt\u00e1shoz, k\u00e9pvisel\u0151 jel\u00f6lts\u00e9ghez sz\u00fcks\u00e9ges aj\u00e1nl\u00e1sok sz\u00e1ma P\u00c9TERV\u00c1S\u00c1RA  telep\u00fcl\u00e9sen: <strong>18<\/strong><\/p>\n\n\n\n<p>A hat\u00e1rozat let\u00f6lt\u00e9se <a href=\"http:\/\/www.petervasara.hu\/2013\/wp-content\/uploads\/2019\/08\/ajanlasok_szama_pv.pdf\">INNEN<\/a>.<\/p>\n\n\n\n<p>A jel\u00f6lt\u00e1ll\u00edt\u00e1s szab\u00e1lyair\u00f3l <a href=\"http:\/\/www.petervasara.hu\/2013\/?p=9757\">itt<\/a> \u00edrtunk b\u0151vebben, illetve a Nemzeti V\u00e1laszt\u00e1si Iroda honlapj\u00e1n is t\u00e1j\u00e9koz\u00f3dhatnak.<\/p>\n","protected":false},"excerpt":{"rendered":"A 2019. \u00e9vi helyi \u00f6nkorm\u00e1nyzati k\u00e9pvisel\u0151k \u00e9s polg\u00e1rmesterek v\u00e1laszt\u00e1s\u00e1n a polg\u00e1rmesterjel\u00f6lt \u00e1ll\u00edt\u00e1s\u00e1hoz sz\u00fcks\u00e9ges aj\u00e1nl\u00e1sok sz\u00e1ma P\u00c9TERV\u00c1S\u00c1RA telep\u00fcl\u00e9sen: 54&hellip;\n","protected":false},"author":1,"featured_media":9764,"comment_status":"closed","ping_status":"open","sticky":false,"template":"","format":"standard","meta":{"footnotes":""},"categories":[185],"tags":[],"views":1186,"_links":{"self":[{"href":"https:\/\/www.petervasara.hu\/2013\/index.php?rest_route=\/wp\/v2\/posts\/9777"}],"collection":[{"href":"https:\/\/www.petervasara.hu\/2013\/index.php?rest_route=\/wp\/v2\/posts"}],"about":[{"href":"https:\/\/www.petervasara.hu\/2013\/index.php?rest_route=\/wp\/v2\/types\/post"}],"author":[{"embeddable":true,"href":"https:\/\/www.petervasara.hu\/2013\/index.php?rest_route=\/wp\/v2\/users\/1"}],"replies":[{"embeddable":true,"href":"https:\/\/www.petervasara.hu\/2013\/index.php?rest_route=%2Fwp%2Fv2%2Fcomments&post=9777"}],"version-history":[{"count":2,"href":"https:\/\/www.petervasara.hu\/2013\/index.php?rest_route=\/wp\/v2\/posts\/9777\/revisions"}],"predecessor-version":[{"id":9780,"href":"https:\/\/www.petervasara.hu\/2013\/index.php?rest_route=\/wp\/v2\/posts\/9777\/revisions\/9780"}],"wp:featuredmedia":[{"embeddable":true,"href":"https:\/\/www.petervasara.hu\/2013\/index.php?rest_route=\/wp\/v2\/media\/9764"}],"wp:attachment":[{"href":"https:\/\/www.petervasara.hu\/2013\/index.php?rest_route=%2Fwp%2Fv2%2Fmedia&parent=9777"}],"wp:term":[{"taxonomy":"category","embeddable":true,"href":"https:\/\/www.petervasara.hu\/2013\/index.php?rest_route=%2Fwp%2Fv2%2Fcategories&post=9777"},{"taxonomy":"post_tag","embeddable":true,"href":"https:\/\/www.petervasara.hu\/2013\/index.php?rest_route=%2Fwp%2Fv2%2Ftags&post=9777"}],"curies":[{"name":"wp","href":"https:\/\/api.w.org\/{rel}","templated":true}]}}