{"id":9477,"date":"2019-02-05T09:11:30","date_gmt":"2019-02-05T08:11:30","guid":{"rendered":"http:\/\/www.petervasara.hu\/2013\/?p=9477"},"modified":"2019-02-12T11:11:39","modified_gmt":"2019-02-12T10:11:39","slug":"9477","status":"publish","type":"post","link":"https:\/\/www.petervasara.hu\/2013\/?p=9477","title":{"rendered":"Hat\u00e1rozat k\u00e9pvisel\u0151 test\u00fcleti tagok sz\u00e1m\u00e1r\u00f3l"},"content":{"rendered":"<p>Mint P\u00e9terv\u00e1s\u00e1ra V\u00e1ros Helyi V\u00e1laszt\u00e1si Iroda Vezet\u0151je a helyi \u00f6nkorm\u00e1nyzati k\u00e9pvisel\u0151k \u00e9s polg\u00e1rmesterek v\u00e1laszt\u00e1s\u00e1r\u00f3l sz\u00f3l\u00f3 2010. \u00e9vi L. t\u00f6rv\u00e9ny (a tov\u00e1bbiakban: \u00d6vjt.) 3. \u00a7-a, illetve a v\u00e1laszt\u00e1si elj\u00e1r\u00e1sr\u00f3l sz\u00f3l\u00f3 2013. \u00e9vi XXXVI. t\u00f6rv\u00e9ny (a tov\u00e1bbiakban: Ve.) 306. \u00a7 (2) bekezd\u00e9s\u00e9nek felhatalmaz\u00e1sa alapj\u00e1n P\u00e9terv\u00e1s\u00e1ra v\u00e1rosban a k\u00e9pvisel\u0151-test\u00fclet tagjainak sz\u00e1m\u00e1r\u00f3l az al\u00e1bbi hat\u00e1rozatot hozom:<\/p>\n<p><strong>P\u00e9terv\u00e1s\u00e1ra V\u00e1ros \u00d6nkorm\u00e1nyzat K\u00e9pvisel\u0151-test\u00fclete k\u00e9pvisel\u0151 tagjainak sz\u00e1m\u00e1t<\/strong> a telep\u00fcl\u00e9s lakoss\u00e1gsz\u00e1ma alapj\u00e1n <strong>6 f\u0151ben hat\u00e1rozom meg<\/strong>.<\/p>\n\n\n<div class=\"wp-block-file\"><a href=\"http:\/\/www.petervasara.hu\/2013\/wp-content\/uploads\/2019\/02\/P\u00e9terv\u00e1s\u00e1rai-k\u00e9pvisel\u0151test\u00fcleti-tagok-sz\u00e1ma.pdf\">P\u00e9terv\u00e1s\u00e1rai k\u00e9pvisel\u0151-test\u00fcleti tagok sz\u00e1ma<\/a><a href=\"http:\/\/www.petervasara.hu\/2013\/wp-content\/uploads\/2019\/02\/P\u00e9terv\u00e1s\u00e1rai-k\u00e9pvisel\u0151test\u00fcleti-tagok-sz\u00e1ma.pdf\" class=\"wp-block-file__button\" download>Let\u00f6lt\u00e9s<\/a><\/div>\n\n\n\n<div class=\"wp-block-file\"><a href=\"http:\/\/www.petervasara.hu\/2013\/wp-content\/uploads\/2019\/02\/szavazo_pv.pdf\">Hat\u00e1rozat a szavaz\u00f3k\u00f6r\u00f6k kialak\u00edt\u00e1s\u00e1r\u00f3l<\/a><a href=\"http:\/\/www.petervasara.hu\/2013\/wp-content\/uploads\/2019\/02\/szavazo_pv.pdf\" class=\"wp-block-file__button\" download>Let\u00f6lt\u00e9s<\/a><\/div>\n","protected":false},"excerpt":{"rendered":"Mint P\u00e9terv\u00e1s\u00e1ra V\u00e1ros Helyi V\u00e1laszt\u00e1si Iroda Vezet\u0151je a helyi \u00f6nkorm\u00e1nyzati k\u00e9pvisel\u0151k \u00e9s polg\u00e1rmesterek v\u00e1laszt\u00e1s\u00e1r\u00f3l sz\u00f3l\u00f3 2010. \u00e9vi L.&hellip;\n","protected":false},"author":1,"featured_media":9062,"comment_status":"closed","ping_status":"open","sticky":false,"template":"","format":"standard","meta":{"footnotes":""},"categories":[185,2],"tags":[186],"views":1392,"_links":{"self":[{"href":"https:\/\/www.petervasara.hu\/2013\/index.php?rest_route=\/wp\/v2\/posts\/9477"}],"collection":[{"href":"https:\/\/www.petervasara.hu\/2013\/index.php?rest_route=\/wp\/v2\/posts"}],"about":[{"href":"https:\/\/www.petervasara.hu\/2013\/index.php?rest_route=\/wp\/v2\/types\/post"}],"author":[{"embeddable":true,"href":"https:\/\/www.petervasara.hu\/2013\/index.php?rest_route=\/wp\/v2\/users\/1"}],"replies":[{"embeddable":true,"href":"https:\/\/www.petervasara.hu\/2013\/index.php?rest_route=%2Fwp%2Fv2%2Fcomments&post=9477"}],"version-history":[{"count":5,"href":"https:\/\/www.petervasara.hu\/2013\/index.php?rest_route=\/wp\/v2\/posts\/9477\/revisions"}],"predecessor-version":[{"id":9500,"href":"https:\/\/www.petervasara.hu\/2013\/index.php?rest_route=\/wp\/v2\/posts\/9477\/revisions\/9500"}],"wp:featuredmedia":[{"embeddable":true,"href":"https:\/\/www.petervasara.hu\/2013\/index.php?rest_route=\/wp\/v2\/media\/9062"}],"wp:attachment":[{"href":"https:\/\/www.petervasara.hu\/2013\/index.php?rest_route=%2Fwp%2Fv2%2Fmedia&parent=9477"}],"wp:term":[{"taxonomy":"category","embeddable":true,"href":"https:\/\/www.petervasara.hu\/2013\/index.php?rest_route=%2Fwp%2Fv2%2Fcategories&post=9477"},{"taxonomy":"post_tag","embeddable":true,"href":"https:\/\/www.petervasara.hu\/2013\/index.php?rest_route=%2Fwp%2Fv2%2Ftags&post=9477"}],"curies":[{"name":"wp","href":"https:\/\/api.w.org\/{rel}","templated":true}]}}