{"id":9362,"date":"2018-10-17T14:55:10","date_gmt":"2018-10-17T12:55:10","guid":{"rendered":"http:\/\/www.petervasara.hu\/2013\/?p=9362"},"modified":"2018-10-17T14:55:51","modified_gmt":"2018-10-17T12:55:51","slug":"meghivo-oktober-23-ai-unnepseg-4","status":"publish","type":"post","link":"https:\/\/www.petervasara.hu\/2013\/?p=9362","title":{"rendered":"Megh\u00edv\u00f3 okt\u00f3ber 23-ai \u00fcnneps\u00e9g"},"content":{"rendered":"<p style=\"text-align: center;\">P\u00e9terv\u00e1s\u00e1ra V\u00e1ros \u00d6nkorm\u00e1nyzata \u00e9s a Sz\u00e1nt\u00f3 Vezek\u00e9nyi Istv\u00e1n M\u0171vel\u0151d\u00e9s H\u00e1za \u00e9s K\u00f6nyvt\u00e1r szeretettel megh\u00edvja \u00d6nt \u00e9s csal\u00e1dj\u00e1t<\/p>\n<p style=\"text-align: center;\"><strong>2018. okt\u00f3ber 19-\u00e9n (p\u00e9nteken) 15.30 \u00f3r\u00e1t\u00f3l<\/strong><\/p>\n<p style=\"text-align: center;\">a Sz\u00e1nt\u00f3 Vezek\u00e9nyi Istv\u00e1n M\u0171vel\u0151d\u00e9s H\u00e1za nagyterm\u00e9ben az 1956-os Forradalom \u00e9s Szabads\u00e1gharc<\/p>\n<p style=\"text-align: center;\">62. \u00e9vfordul\u00f3ja alkalm\u00e1b\u00f3l rendezett megeml\u00e9kez\u00e9sre.<\/p>\n<p>\u00dcnnepi program:<\/p>\n<p>Helysz\u00edn: M\u0171vel\u0151d\u00e9si H\u00e1z<br \/>\n15.30 : Himnusz<br \/>\nA Tam\u00e1si \u00c1ron \u00c1ltal\u00e1nos Iskola di\u00e1kjainak m\u0171sora<\/p>\n<p>Helysz\u00edn: 1956-os eml\u00e9km\u0171<br \/>\n\u00dcnnepi besz\u00e9det mond: Eged Istv\u00e1n &#8211; polg\u00e1rmester, koszor\u00faz\u00e1s, sz\u00f3zat<\/p>\n<p>&nbsp;<\/p>\n","protected":false},"excerpt":{"rendered":"P\u00e9terv\u00e1s\u00e1ra V\u00e1ros \u00d6nkorm\u00e1nyzata \u00e9s a Sz\u00e1nt\u00f3 Vezek\u00e9nyi Istv\u00e1n M\u0171vel\u0151d\u00e9s H\u00e1za \u00e9s K\u00f6nyvt\u00e1r szeretettel megh\u00edvja \u00d6nt \u00e9s csal\u00e1dj\u00e1t 2018.&hellip;\n","protected":false},"author":1,"featured_media":6221,"comment_status":"closed","ping_status":"open","sticky":false,"template":"","format":"standard","meta":{"footnotes":""},"categories":[2],"tags":[180,162,83],"views":1203,"_links":{"self":[{"href":"https:\/\/www.petervasara.hu\/2013\/index.php?rest_route=\/wp\/v2\/posts\/9362"}],"collection":[{"href":"https:\/\/www.petervasara.hu\/2013\/index.php?rest_route=\/wp\/v2\/posts"}],"about":[{"href":"https:\/\/www.petervasara.hu\/2013\/index.php?rest_route=\/wp\/v2\/types\/post"}],"author":[{"embeddable":true,"href":"https:\/\/www.petervasara.hu\/2013\/index.php?rest_route=\/wp\/v2\/users\/1"}],"replies":[{"embeddable":true,"href":"https:\/\/www.petervasara.hu\/2013\/index.php?rest_route=%2Fwp%2Fv2%2Fcomments&post=9362"}],"version-history":[{"count":2,"href":"https:\/\/www.petervasara.hu\/2013\/index.php?rest_route=\/wp\/v2\/posts\/9362\/revisions"}],"predecessor-version":[{"id":9364,"href":"https:\/\/www.petervasara.hu\/2013\/index.php?rest_route=\/wp\/v2\/posts\/9362\/revisions\/9364"}],"wp:featuredmedia":[{"embeddable":true,"href":"https:\/\/www.petervasara.hu\/2013\/index.php?rest_route=\/wp\/v2\/media\/6221"}],"wp:attachment":[{"href":"https:\/\/www.petervasara.hu\/2013\/index.php?rest_route=%2Fwp%2Fv2%2Fmedia&parent=9362"}],"wp:term":[{"taxonomy":"category","embeddable":true,"href":"https:\/\/www.petervasara.hu\/2013\/index.php?rest_route=%2Fwp%2Fv2%2Fcategories&post=9362"},{"taxonomy":"post_tag","embeddable":true,"href":"https:\/\/www.petervasara.hu\/2013\/index.php?rest_route=%2Fwp%2Fv2%2Ftags&post=9362"}],"curies":[{"name":"wp","href":"https:\/\/api.w.org\/{rel}","templated":true}]}}