{"id":9050,"date":"2018-03-19T11:03:43","date_gmt":"2018-03-19T10:03:43","guid":{"rendered":"http:\/\/www.petervasara.hu\/2013\/?p=9050"},"modified":"2018-03-19T11:03:43","modified_gmt":"2018-03-19T10:03:43","slug":"uj-lehetosegek-heves-megyei-allami-gondoskodasban-eloknek","status":"publish","type":"post","link":"https:\/\/www.petervasara.hu\/2013\/?p=9050","title":{"rendered":"\u00daj lehet\u0151s\u00e9gek a Heves-megyei \u00e1llami gondoskod\u00e1sban \u00e9l\u0151knek"},"content":{"rendered":"<p><strong>\u201eMaradj talpon!\u201d \u00f6n\u00e1ll\u00f3 \u00e9letkezd\u00e9s felt\u00e9teleinek jav\u00edt\u00e1s\u00e1t c\u00e9lz\u00f3 komplex program<\/strong><\/p>\n<p>Ezzel a c\u00edmmel ind\u00edtotta \u00fatj\u00e1ra a Heves Megyei Gyermekv\u00e9delmi K\u00f6zpont \u00e9s Ter\u00fcleti Gyermekv\u00e9delmi Szakszolg\u00e1lat 2017 december\u00e9ben megnyert, EFOP-1.2.7-16-2017-00021 azonos\u00edt\u00f3sz\u00e1m\u00fa p\u00e1ly\u00e1zat\u00e1t, melyet a megyei Int\u00e9zm\u00e9ny az Eur\u00f3pai Szoci\u00e1lis Alap 24,9 milli\u00f3 Ft \u00f6sszeg\u0171 forr\u00e1st\u00e1mogat\u00e1s\u00e1b\u00f3l val\u00f3s\u00edt meg.\u00a0 A komplex program 2018. janu\u00e1r 18. \u00e9s 2019. okt\u00f3ber 31. k\u00f6z\u00f6tt zajlik. A projekt aktualit\u00e1sa \u00e9s t\u00e9m\u00e1ja rendk\u00edv\u00fcl id\u0151szer\u0171.<\/p>\n<p>Mint tudjuk, a gyermekv\u00e9delmi szakell\u00e1t\u00e1sban \u00e9l\u0151k eset\u00e9ben s\u00e9r\u00fclt az \u00f6n\u00e1ll\u00f3 \u00e9letvitel el\u00e9r\u00e9s\u00e9hez sz\u00fcks\u00e9ges motiv\u00e1ci\u00f3, az \u00e9rett szem\u00e9lyis\u00e9g kialakul\u00e1s\u00e1nak, valamint a sikeres t\u00e1rsadalmi beilleszked\u00e9snek az es\u00e9lye. Ezek hi\u00e1nya jelent\u0151s egy\u00e9ni \u00e9letvezet\u00e9si probl\u00e9m\u00e1khoz vezet. A felsorolt probl\u00e9m\u00e1k megel\u0151z\u00e9se, kezel\u00e9se \u00e9rdek\u00e9ben a fenti ter\u00fcletekre f\u00f3kusz\u00e1lva, az egy\u00e9ni sz\u00fcks\u00e9gletekhez igazodva az \u00f6n\u00e1ll\u00f3 \u00e9letvitelre, a csal\u00e1di \u00e9letre val\u00f3 alkalmass\u00e1g kialak\u00edt\u00e1s\u00e1t, fejleszt\u00e9s\u00e9t a Heves Megyei Gyermekv\u00e9delmi K\u00f6zpont \u00e9s Ter\u00fcleti Gyermekv\u00e9delmi Szakszolg\u00e1lat a \u201eMaradj talpon!\u201d- \u00f6n\u00e1ll\u00f3 \u00e9letkezd\u00e9s felt\u00e9teleinek jav\u00edt\u00e1s\u00e1t c\u00e9lz\u00f3 komplex program c\u00edm\u0171 projektjavaslattal k\u00edv\u00e1nja kezelni. A program c\u00e9lrendszere sokr\u00e9t\u0171 \u00e9s szerte\u00e1gaz\u00f3. F\u0151 c\u00e9lk\u00e9nt t\u0171zt\u00fck ki az \u00e1llami gondoskod\u00e1sban \u00e9l\u0151 gyermekek \u00f6n\u00e1ll\u00f3 \u00e9letkezd\u00e9s\u00e9hez \u00e9s a sikeres csal\u00e1di \u00e9let\u00fck megteremt\u00e9s\u00e9hez sz\u00fcks\u00e9ges szoci\u00e1lis kompetenci\u00e1k megfelel\u0151 szint\u0171 \u00e1tad\u00e1s\u00e1t, valamint a t\u00e1rsadalomba, csal\u00e1dba t\u00f6rt\u00e9n\u0151 reintegr\u00e1ci\u00f3s folyamat el\u0151seg\u00edt\u00e9s\u00e9t. Ezzel egy\u00fctt fontos a sz\u00fcl\u0151k akt\u00edv bevon\u00e1sa, amivel lehet\u0151s\u00e9g ny\u00edlik nevel\u00e9si feladataik fejleszt\u00e9s\u00e9re.\u00a0 A projektben tervezett tev\u00e9kenys\u00e9gek 3 f\u0151 t\u00e9ma k\u00f6r\u00e9 csoportos\u00edthat\u00f3ak, melyek meghat\u00e1roz\u00e1s\u00e1ban a sz\u00fcks\u00e9gletfelm\u00e9r\u00e9s eredm\u00e9nye szolg\u00e1lt alapul. Az egyes projektelemek teh\u00e1t az \u00f6n\u00e1ll\u00f3 \u00e9letre val\u00f3 felk\u00e9sz\u00edt\u00e9st, a megfelel\u0151 \u00e9letvitel el\u00e9r\u00e9s\u00e9t, az eg\u00e9szs\u00e9ges, szenved\u00e9lybetegs\u00e9gekt\u0151l, f\u00fcgg\u0151s\u00e9gekt\u0151l mentes \u00e9letm\u00f3d kialak\u00edt\u00e1s\u00e1t, valamint a csal\u00e1di kapcsolatok er\u0151s\u00edt\u00e9s\u00e9t, v\u00e9g\u00fcl a szakell\u00e1t\u00e1sb\u00f3l val\u00f3 mihamarabbi kiker\u00fcl\u00e9st sikeres csal\u00e1di \u00e9let meg\u00e9l\u00e9s\u00e9t hivatottak el\u0151seg\u00edteni. C\u00e9ljainknak megfelel\u0151en a bevont c\u00e9lcsoport tagjai informat\u00edv \u00e9s preventat\u00edv csoportfoglalkoz\u00e1sokon, m\u0171v\u00e9szet- \u00e9s \u00e1llatter\u00e1pi\u00e1s tr\u00e9ningeken, t\u00e1borokban, interakt\u00edv sz\u00ednh\u00e1zi el\u0151ad\u00e1sokon, valamint eg\u00e9sz napos csal\u00e1di rendezv\u00e9nyeken vesznek r\u00e9szt.<\/p>\n<p>A 22 h\u00f3nap id\u0151tartam\u00fa projekt megval\u00f3s\u00edt\u00e1s\u00e1val hissz\u00fck, hogy a felt\u00e1rt probl\u00e9m\u00e1k megold\u00e1sak\u00e9nt a c\u00e9lzott programok, tev\u00e9kenys\u00e9gek \u00e1ltal pozit\u00edv hat\u00e1ssal lehet\u00fcnk a fiatalok \u00e9s sz\u00fcleik \u00e9let\u00e9re, megadva nekik az es\u00e9lyt fiatal feln\u0151ttk\u00e9nt az \u00f6n\u00e1ll\u00f3 \u00e9letkezd\u00e9s \u00e9s sikeres csal\u00e1di \u00e9let lehet\u0151s\u00e9g\u00e9hez, gyermekk\u00e9nt pedig a mihamarabbi csal\u00e1dba t\u00f6rt\u00e9n\u0151 visszagondoz\u00e1sra.<\/p>\n<p>B\u00e1rdos Katalin Di\u00e1na, projektmenedzser<\/p>\n<p><img loading=\"lazy\" decoding=\"async\" class=\"size-medium wp-image-9051 alignright\" src=\"http:\/\/www.petervasara.hu\/2013\/wp-content\/uploads\/2018\/03\/infoblokk_kedv_final_RGB_ESZA-300x207.jpg\" alt=\"\" width=\"300\" height=\"207\" srcset=\"https:\/\/www.petervasara.hu\/2013\/wp-content\/uploads\/2018\/03\/infoblokk_kedv_final_RGB_ESZA-300x207.jpg 300w, https:\/\/www.petervasara.hu\/2013\/wp-content\/uploads\/2018\/03\/infoblokk_kedv_final_RGB_ESZA-600x415.jpg 600w, https:\/\/www.petervasara.hu\/2013\/wp-content\/uploads\/2018\/03\/infoblokk_kedv_final_RGB_ESZA-768x531.jpg 768w, https:\/\/www.petervasara.hu\/2013\/wp-content\/uploads\/2018\/03\/infoblokk_kedv_final_RGB_ESZA-1024x708.jpg 1024w, https:\/\/www.petervasara.hu\/2013\/wp-content\/uploads\/2018\/03\/infoblokk_kedv_final_RGB_ESZA.jpg 1453w\" sizes=\"(max-width: 300px) 100vw, 300px\" \/><\/p>\n","protected":false},"excerpt":{"rendered":"\u201eMaradj talpon!\u201d \u00f6n\u00e1ll\u00f3 \u00e9letkezd\u00e9s felt\u00e9teleinek jav\u00edt\u00e1s\u00e1t c\u00e9lz\u00f3 komplex program Ezzel a c\u00edmmel ind\u00edtotta \u00fatj\u00e1ra a Heves Megyei Gyermekv\u00e9delmi&hellip;\n","protected":false},"author":1,"featured_media":9053,"comment_status":"closed","ping_status":"open","sticky":false,"template":"","format":"standard","meta":{"footnotes":""},"categories":[2],"tags":[164,58,43,168],"views":1511,"_links":{"self":[{"href":"https:\/\/www.petervasara.hu\/2013\/index.php?rest_route=\/wp\/v2\/posts\/9050"}],"collection":[{"href":"https:\/\/www.petervasara.hu\/2013\/index.php?rest_route=\/wp\/v2\/posts"}],"about":[{"href":"https:\/\/www.petervasara.hu\/2013\/index.php?rest_route=\/wp\/v2\/types\/post"}],"author":[{"embeddable":true,"href":"https:\/\/www.petervasara.hu\/2013\/index.php?rest_route=\/wp\/v2\/users\/1"}],"replies":[{"embeddable":true,"href":"https:\/\/www.petervasara.hu\/2013\/index.php?rest_route=%2Fwp%2Fv2%2Fcomments&post=9050"}],"version-history":[{"count":1,"href":"https:\/\/www.petervasara.hu\/2013\/index.php?rest_route=\/wp\/v2\/posts\/9050\/revisions"}],"predecessor-version":[{"id":9052,"href":"https:\/\/www.petervasara.hu\/2013\/index.php?rest_route=\/wp\/v2\/posts\/9050\/revisions\/9052"}],"wp:featuredmedia":[{"embeddable":true,"href":"https:\/\/www.petervasara.hu\/2013\/index.php?rest_route=\/wp\/v2\/media\/9053"}],"wp:attachment":[{"href":"https:\/\/www.petervasara.hu\/2013\/index.php?rest_route=%2Fwp%2Fv2%2Fmedia&parent=9050"}],"wp:term":[{"taxonomy":"category","embeddable":true,"href":"https:\/\/www.petervasara.hu\/2013\/index.php?rest_route=%2Fwp%2Fv2%2Fcategories&post=9050"},{"taxonomy":"post_tag","embeddable":true,"href":"https:\/\/www.petervasara.hu\/2013\/index.php?rest_route=%2Fwp%2Fv2%2Ftags&post=9050"}],"curies":[{"name":"wp","href":"https:\/\/api.w.org\/{rel}","templated":true}]}}