{"id":8908,"date":"2017-10-24T10:00:53","date_gmt":"2017-10-24T08:00:53","guid":{"rendered":"http:\/\/www.petervasara.hu\/2013\/?p=8908"},"modified":"2017-10-24T10:01:57","modified_gmt":"2017-10-24T08:01:57","slug":"mindenszentek-halottak-napja-bunmegelozesi-tanacsok","status":"publish","type":"post","link":"https:\/\/www.petervasara.hu\/2013\/?p=8908","title":{"rendered":"Mindenszentek, Halottak napja- b\u0171nmegel\u0151z\u00e9si tan\u00e1csok"},"content":{"rendered":"<p>K\u00f6zeleg Mindenszentek \u00e9s Halottak Napja, amikor a temet\u0151kben megl\u00e1togatjuk elhunyt szeretteink s\u00edrj\u00e1t. Sajnos vannak, akiknek ez az alkalom nem a gyertyagy\u00fajt\u00e1st \u00e9s az eml\u00e9kez\u00e9st jelenti.\u00a0A tapasztalatok azt mutatj\u00e1k, hogy ilyenkor k\u00f6zvetlen\u00fcl a temet\u0151k k\u00f6rny\u00e9k\u00e9n gyakrabban fordul el\u0151 g\u00e9pkocsi felt\u00f6r\u00e9s, ker\u00e9kp\u00e1rlop\u00e1s, zseblop\u00e1s, t\u00e1skalop\u00e1s, valamint a lak\u00e1s tulajdonos t\u00e1voll\u00e9t\u00e9t kihaszn\u00e1l\u00f3 bet\u00f6r\u00e9s, besurran\u00e1s. A Rend\u0151rs\u00e9g id\u00e9n is megk\u00fcl\u00f6nb\u00f6ztetett figyelmet ford\u00edt a kegyelet napjaira, azonban az \u00e1ldozatt\u00e1 v\u00e1l\u00e1s megel\u0151z\u00e9se \u00e9rdek\u00e9ben <u>k\u00e9rj\u00fck fokozottan figyeljenek \u00e9rt\u00e9keikre, <\/u>fogadj\u00e1k meg a Rend\u0151rs\u00e9g tan\u00e1csait!<\/p>\n<ul>\n<li>\n<blockquote><p>Ne hagyj\u00e1k \u0151rizetlen\u00fcl t\u00e1sk\u00e1jukat mik\u00f6zben a s\u00edrt rendezik, vagy \u00e9pp v\u00edz\u00e9rt, vagy csup\u00e1n a kont\u00e9nerhez mennek!<\/p><\/blockquote>\n<\/li>\n<li>\n<blockquote><p>Csak annyi p\u00e9nz legyen \u00d6n\u00f6kn\u00e9l, amennyire felt\u00e9tlen\u00fcl sz\u00fcks\u00e9g\u00fck van! \u00c9rt\u00e9ket, bankk\u00e1rty\u00e1t feleslegesen szint\u00e9n ne tartsanak magukn\u00e1l!<\/p><\/blockquote>\n<\/li>\n<li>\n<blockquote><p>J\u00e1rm\u0171veiket minden esetben z\u00e1rj\u00e1k le \u00e9s l\u00e1that\u00f3 helyen ne hagyjanak benne \u00e9rt\u00e9keket (t\u00e1ska, mobiltelefon, p\u00e9nzt\u00e1rca, GPS, stb.)!<em><br \/>\n<\/em><\/p><\/blockquote>\n<\/li>\n<\/ul>\n<p><em>Ha m\u00e9gis megt\u00f6rt\u00e9nne a baj, h\u00edvjanak seg\u00edts\u00e9get, \u00e9rtes\u00edts\u00e9k a Rend\u0151rs\u00e9get a 112 seg\u00e9lyh\u00edv\u00f3 sz\u00e1mon!<\/em><\/p>\n<p><u>M\u00e9g n\u00e9h\u00e1ny j\u00f3 tan\u00e1cs \u00a0k\u00f6zleked\u0151knek:<\/u><\/p>\n<ul>\n<li>\n<blockquote><p>A temet\u0151k k\u00f6rny\u00e9k\u00e9n sz\u00e1moljanak a megn\u00f6vekv\u0151 gyalogos \u00e9s g\u00e9pj\u00e1rm\u0171 forgalommal! Ak\u00e1r g\u00e9pkocsival, ak\u00e1r gyalogosan k\u00f6zlekednek, tegy\u00e9k ezt m\u00e9g nagyobb k\u00f6r\u00fcltekint\u00e9ssel!<\/p><\/blockquote>\n<\/li>\n<li>\n<blockquote><p>Ideiglenesen forgalomkorl\u00e1toz\u00e1sok \u00e9s elterel\u00e9sek v\u00e1rhat\u00f3k, a kialakult forgalom f\u00fcggv\u00e9ny\u00e9ben. Ne \u201emegszok\u00e1sb\u00f3l\u201d k\u00f6zlekedjenek, figyelj\u00e9k az aktu\u00e1lis k\u00f6zleked\u00e9si jelz\u00e9seket, m\u00e1r elindul\u00e1s el\u0151tt t\u00e1j\u00e9koz\u00f3djanak a v\u00e1rhat\u00f3 v\u00e1ltoz\u00e1sokr\u00f3l!<\/p><\/blockquote>\n<\/li>\n<li>\n<blockquote><p>Mindig haszn\u00e1lj\u00e1k a k\u00f6telez\u0151en el\u0151\u00edrt passz\u00edv biztons\u00e1gi eszk\u00f6z\u00f6ket<\/p><\/blockquote>\n<\/li>\n<\/ul>\n<p>( biztons\u00e1gi \u00f6v, gyermek\u00fcl\u00e9s), mert azok \u00e9letet menthetnek!<\/p>\n<p><em>Meghitt megeml\u00e9kez\u00e9st \u00e9s balesetmentes k\u00f6zleked\u00e9st k\u00edv\u00e1nunk!<\/em><\/p>\n<p>&nbsp;<\/p>\n","protected":false},"excerpt":{"rendered":"K\u00f6zeleg Mindenszentek \u00e9s Halottak Napja, amikor a temet\u0151kben megl\u00e1togatjuk elhunyt szeretteink s\u00edrj\u00e1t. Sajnos vannak, akiknek ez az alkalom&hellip;\n","protected":false},"author":1,"featured_media":8780,"comment_status":"closed","ping_status":"open","sticky":false,"template":"","format":"standard","meta":{"footnotes":""},"categories":[71,2],"tags":[],"views":1895,"_links":{"self":[{"href":"https:\/\/www.petervasara.hu\/2013\/index.php?rest_route=\/wp\/v2\/posts\/8908"}],"collection":[{"href":"https:\/\/www.petervasara.hu\/2013\/index.php?rest_route=\/wp\/v2\/posts"}],"about":[{"href":"https:\/\/www.petervasara.hu\/2013\/index.php?rest_route=\/wp\/v2\/types\/post"}],"author":[{"embeddable":true,"href":"https:\/\/www.petervasara.hu\/2013\/index.php?rest_route=\/wp\/v2\/users\/1"}],"replies":[{"embeddable":true,"href":"https:\/\/www.petervasara.hu\/2013\/index.php?rest_route=%2Fwp%2Fv2%2Fcomments&post=8908"}],"version-history":[{"count":2,"href":"https:\/\/www.petervasara.hu\/2013\/index.php?rest_route=\/wp\/v2\/posts\/8908\/revisions"}],"predecessor-version":[{"id":8910,"href":"https:\/\/www.petervasara.hu\/2013\/index.php?rest_route=\/wp\/v2\/posts\/8908\/revisions\/8910"}],"wp:featuredmedia":[{"embeddable":true,"href":"https:\/\/www.petervasara.hu\/2013\/index.php?rest_route=\/wp\/v2\/media\/8780"}],"wp:attachment":[{"href":"https:\/\/www.petervasara.hu\/2013\/index.php?rest_route=%2Fwp%2Fv2%2Fmedia&parent=8908"}],"wp:term":[{"taxonomy":"category","embeddable":true,"href":"https:\/\/www.petervasara.hu\/2013\/index.php?rest_route=%2Fwp%2Fv2%2Fcategories&post=8908"},{"taxonomy":"post_tag","embeddable":true,"href":"https:\/\/www.petervasara.hu\/2013\/index.php?rest_route=%2Fwp%2Fv2%2Ftags&post=8908"}],"curies":[{"name":"wp","href":"https:\/\/api.w.org\/{rel}","templated":true}]}}