{"id":8895,"date":"2017-10-17T11:21:10","date_gmt":"2017-10-17T09:21:10","guid":{"rendered":"http:\/\/www.petervasara.hu\/2013\/?p=8895"},"modified":"2017-10-17T11:21:10","modified_gmt":"2017-10-17T09:21:10","slug":"meghivo-oktober-23-ai-unnepseg-3","status":"publish","type":"post","link":"https:\/\/www.petervasara.hu\/2013\/?p=8895","title":{"rendered":"Megh\u00edv\u00f3 &#8211; okt\u00f3ber 23-ai \u00fcnneps\u00e9g"},"content":{"rendered":"<p style=\"text-align: center;\">P\u00e9terv\u00e1s\u00e1ra V\u00e1ros \u00d6nkorm\u00e1nyzata \u00e9s a Sz\u00e1nt\u00f3 Vezek\u00e9nyi Istv\u00e1n M\u0171vel\u0151d\u00e9s H\u00e1za \u00e9s K\u00f6nyvt\u00e1r szeretettel megh\u00edvja \u00d6nt \u00e9s kedves Csal\u00e1dj\u00e1t<\/p>\n<p style=\"text-align: center;\"><strong>2017. okt\u00f3ber 20-\u00e1n (p\u00e9nteken) 15.00 \u00f3r\u00e1t\u00f3l, <\/strong><br \/>\n<strong>az 1956-os eml\u00e9km\u0171n\u00e9l (a Szent M\u00e1rton \u00fat \u00e9s a T\u00e1ncsics \u00fat keresztez\u0151d\u00e9se),<br \/>\nmajd a <\/strong><strong>Sz\u00e1nt\u00f3 Vezek\u00e9nyi Istv\u00e1n M\u0171vel\u0151d\u00e9s H\u00e1za nagyterm\u00e9ben tartand\u00f3, <\/strong><br \/>\n<strong>az 1956-os Forradalom \u00e9s Szabads\u00e1gharc<\/strong><br \/>\n<strong>61. \u00e9vfordul\u00f3ja alkalm\u00e1b\u00f3l rendezett \u00fcnneps\u00e9g\u00e9re.<\/strong><\/p>\n<blockquote><p>\u00dcNNEPI PROGRAM:<\/p>\n<p>Helysz\u00edn: 1956-os eml\u00e9km\u0171<br \/>\n15:00 \u00f3ra:<br \/>\n&#8211; Vers &#8211; k\u00f6zrem\u0171k\u00f6dnek a Tam\u00e1si \u00c1ron \u00c1ltal\u00e1nos Iskola di\u00e1kjai<br \/>\n&#8211; \u00dcnnepi besz\u00e9det mond Eged Istv\u00e1n polg\u00e1rmester<br \/>\n&#8211; Koszor\u00faz\u00e1s<\/p>\n<p>Helysz\u00edn:Sz\u00e1nt\u00f3 Vezek\u00e9nyi Istv\u00e1n M\u0171vel\u0151d\u00e9s H\u00e1za<br \/>\n&#8211; A Tam\u00e1si \u00c1ron \u00c1ltal\u00e1nos Iskola di\u00e1kjainak \u00fcnnepi m\u0171sora<br \/>\n&#8211; Kit\u00fcntet\u00e9sek \u00e1tad\u00e1sa<\/p>\n<p>&nbsp;<\/p><\/blockquote>\n<p style=\"text-align: center;\"><strong>Eml\u00e9kezz\u00fcnk egy\u00fctt!<\/strong><\/p>\n<p style=\"text-align: right;\"><em>\u201eMennyb\u0151l az angyal menj sietve<\/em><br \/>\n<em>Az \u00fcszk\u00f6s, fagyos Budapestre.<\/em><br \/>\n<em>Oda, ahol az orosz tankok<\/em><br \/>\n<em>K\u00f6z\u00f6tt hallgatnak a harangok.<\/em><br \/>\n<em>Ahol nem csillog a kar\u00e1csony,<\/em><br \/>\n<em>Nincsen aranydi\u00f3 a f\u00e1kon,<\/em><br \/>\n<em>Nincs m\u00e1s, csak fagy, diderg\u00e9s, \u00e9hs\u00e9g.<\/em><br \/>\n<em>Mondd el nekik, \u00fagy, hogy meg\u00e9rts\u00e9k.<\/em><br \/>\n<em>Sz\u00f3lj hangosan az \u00e9jszak\u00e1b\u00f3l:<\/em><br \/>\n<em>Angyal, vigy\u00e9l h\u00edrt a csod\u00e1r\u00f3l. \u2026\u201d<\/em><br \/>\n<em> \/M\u00e1rai S\u00e1ndor\/<\/em><\/p>\n","protected":false},"excerpt":{"rendered":"P\u00e9terv\u00e1s\u00e1ra V\u00e1ros \u00d6nkorm\u00e1nyzata \u00e9s a Sz\u00e1nt\u00f3 Vezek\u00e9nyi Istv\u00e1n M\u0171vel\u0151d\u00e9s H\u00e1za \u00e9s K\u00f6nyvt\u00e1r szeretettel megh\u00edvja \u00d6nt \u00e9s kedves Csal\u00e1dj\u00e1t&hellip;\n","protected":false},"author":1,"featured_media":8898,"comment_status":"closed","ping_status":"open","sticky":false,"template":"","format":"standard","meta":{"footnotes":""},"categories":[2],"tags":[101,83],"views":2276,"_links":{"self":[{"href":"https:\/\/www.petervasara.hu\/2013\/index.php?rest_route=\/wp\/v2\/posts\/8895"}],"collection":[{"href":"https:\/\/www.petervasara.hu\/2013\/index.php?rest_route=\/wp\/v2\/posts"}],"about":[{"href":"https:\/\/www.petervasara.hu\/2013\/index.php?rest_route=\/wp\/v2\/types\/post"}],"author":[{"embeddable":true,"href":"https:\/\/www.petervasara.hu\/2013\/index.php?rest_route=\/wp\/v2\/users\/1"}],"replies":[{"embeddable":true,"href":"https:\/\/www.petervasara.hu\/2013\/index.php?rest_route=%2Fwp%2Fv2%2Fcomments&post=8895"}],"version-history":[{"count":2,"href":"https:\/\/www.petervasara.hu\/2013\/index.php?rest_route=\/wp\/v2\/posts\/8895\/revisions"}],"predecessor-version":[{"id":8897,"href":"https:\/\/www.petervasara.hu\/2013\/index.php?rest_route=\/wp\/v2\/posts\/8895\/revisions\/8897"}],"wp:featuredmedia":[{"embeddable":true,"href":"https:\/\/www.petervasara.hu\/2013\/index.php?rest_route=\/wp\/v2\/media\/8898"}],"wp:attachment":[{"href":"https:\/\/www.petervasara.hu\/2013\/index.php?rest_route=%2Fwp%2Fv2%2Fmedia&parent=8895"}],"wp:term":[{"taxonomy":"category","embeddable":true,"href":"https:\/\/www.petervasara.hu\/2013\/index.php?rest_route=%2Fwp%2Fv2%2Fcategories&post=8895"},{"taxonomy":"post_tag","embeddable":true,"href":"https:\/\/www.petervasara.hu\/2013\/index.php?rest_route=%2Fwp%2Fv2%2Ftags&post=8895"}],"curies":[{"name":"wp","href":"https:\/\/api.w.org\/{rel}","templated":true}]}}