{"id":8847,"date":"2017-09-26T13:05:21","date_gmt":"2017-09-26T11:05:21","guid":{"rendered":"http:\/\/www.petervasara.hu\/2013\/?p=8847"},"modified":"2017-09-26T13:05:21","modified_gmt":"2017-09-26T11:05:21","slug":"digitalis-gyermekvedelmi-strategiarol","status":"publish","type":"post","link":"https:\/\/www.petervasara.hu\/2013\/?p=8847","title":{"rendered":"A Digit\u00e1lis Gyermekv\u00e9delmi Strat\u00e9gi\u00e1r\u00f3l"},"content":{"rendered":"<p>A Korm\u00e1ny az 1488\/2016. (IX. 2.) Korm. hat\u00e1rozattal <strong>elfogadta Magyarorsz\u00e1g Digit\u00e1lis Gyermekv\u00e9delmi Strat\u00e9gi\u00e1j\u00e1t.<\/strong> A Strat\u00e9gia egyik c\u00e9lja, hogy a k\u00f6znevel\u00e9si int\u00e9zm\u00e9nyek honlapj\u00e1n naprak\u00e9sz inform\u00e1ci\u00f3k legyenek el\u00e9rhet\u0151k az online gyermekv\u00e9delem ter\u00fclet\u00e9n alkalmazhat\u00f3 jogszab\u00e1lyokr\u00f3l, v\u00e9delmi lehet\u0151s\u00e9gekr\u0151l \u00e9s a m\u00e9diam\u0171velts\u00e9g n\u00f6vel\u00e9s\u00e9t c\u00e9lz\u00f3 programokr\u00f3l.<\/p>\n<p>A Digit\u00e1lis Gyermekv\u00e9delmi Strat\u00e9gia Int\u00e9zked\u00e9si Terve VI\/3. int\u00e9zked\u00e9s\u00e9hez kapcsol\u00f3d\u00f3an az Emberi Er\u0151forr\u00e1sok Miniszt\u00e9riuma Szoci\u00e1lpolitik\u00e1\u00e9rt Felel\u0151s Helyettes \u00c1llamtitk\u00e1rs\u00e1g elk\u00e9sz\u00edtett A magyar gyermekv\u00e9delmi rendszer m\u0171k\u00f6d\u00e9se az online k\u00f6rnyezetben t\u00f6rt\u00e9n\u0151 gyermekvesz\u00e9lyeztet\u00e9s t\u00fckr\u00e9ben c\u00edm\u0171 t\u00e1j\u00e9koztat\u00f3 anyagot. A dokumentumot a K\u00f6znevel\u00e9s\u00e9rt Felel\u0151s Helyettes \u00c1llamtitk\u00e1rs\u00e1g k\u00e9r\u00e9s\u00e9re az Eszterh\u00e1zy K\u00e1roly Egyetem Oktat\u00e1skutat\u00f3 \u00e9s Fejleszt\u0151 Int\u00e9zet k\u00f6zz\u00e9tette a Nemzeti K\u00f6znevel\u00e9si Port\u00e1lon.<\/p>\n<p>A t\u00e1j\u00e9koztat\u00f3 innen let\u00f6lthet\u0151 PDF-form\u00e1tumban, valamint megoszthat\u00f3 a k\u00f6znevel\u00e9si int\u00e9zm\u00e9nyek honlapj\u00e1n.<\/p>\n<p><a href=\"http:\/\/hirek.nkp.hu\/cikk\/a-magyar-gyermekvedelmi-rendszer-mukodese-az-online-kornyezetben-torteno-gyermekveszelyeztetes-tukreben\" target=\"_blank\" rel=\"noopener\">A t\u00e1j\u00e9koztat\u00f3 el\u00e9rhet\u0151 itt<\/a><\/p>\n<p><a href=\"http:\/\/hirek.nkp.hu\/letoltes\/36569_2017_KOZNEVTART_melleklet_Gyvt\" target=\"_blank\" rel=\"noopener\">A t\u00e1j\u00e9koztat\u00f3 let\u00f6lthet\u0151 innen<\/a><\/p>\n","protected":false},"excerpt":{"rendered":"A Korm\u00e1ny az 1488\/2016. (IX. 2.) Korm. hat\u00e1rozattal elfogadta Magyarorsz\u00e1g Digit\u00e1lis Gyermekv\u00e9delmi Strat\u00e9gi\u00e1j\u00e1t. A Strat\u00e9gia egyik c\u00e9lja, hogy&hellip;\n","protected":false},"author":1,"featured_media":8849,"comment_status":"closed","ping_status":"open","sticky":false,"template":"","format":"standard","meta":{"footnotes":""},"categories":[100,2],"tags":[],"views":1807,"_links":{"self":[{"href":"https:\/\/www.petervasara.hu\/2013\/index.php?rest_route=\/wp\/v2\/posts\/8847"}],"collection":[{"href":"https:\/\/www.petervasara.hu\/2013\/index.php?rest_route=\/wp\/v2\/posts"}],"about":[{"href":"https:\/\/www.petervasara.hu\/2013\/index.php?rest_route=\/wp\/v2\/types\/post"}],"author":[{"embeddable":true,"href":"https:\/\/www.petervasara.hu\/2013\/index.php?rest_route=\/wp\/v2\/users\/1"}],"replies":[{"embeddable":true,"href":"https:\/\/www.petervasara.hu\/2013\/index.php?rest_route=%2Fwp%2Fv2%2Fcomments&post=8847"}],"version-history":[{"count":2,"href":"https:\/\/www.petervasara.hu\/2013\/index.php?rest_route=\/wp\/v2\/posts\/8847\/revisions"}],"predecessor-version":[{"id":8850,"href":"https:\/\/www.petervasara.hu\/2013\/index.php?rest_route=\/wp\/v2\/posts\/8847\/revisions\/8850"}],"wp:featuredmedia":[{"embeddable":true,"href":"https:\/\/www.petervasara.hu\/2013\/index.php?rest_route=\/wp\/v2\/media\/8849"}],"wp:attachment":[{"href":"https:\/\/www.petervasara.hu\/2013\/index.php?rest_route=%2Fwp%2Fv2%2Fmedia&parent=8847"}],"wp:term":[{"taxonomy":"category","embeddable":true,"href":"https:\/\/www.petervasara.hu\/2013\/index.php?rest_route=%2Fwp%2Fv2%2Fcategories&post=8847"},{"taxonomy":"post_tag","embeddable":true,"href":"https:\/\/www.petervasara.hu\/2013\/index.php?rest_route=%2Fwp%2Fv2%2Ftags&post=8847"}],"curies":[{"name":"wp","href":"https:\/\/api.w.org\/{rel}","templated":true}]}}