{"id":8597,"date":"2017-08-16T15:17:46","date_gmt":"2017-08-16T13:17:46","guid":{"rendered":"http:\/\/www.petervasara.hu\/2013\/?p=8597"},"modified":"2017-09-13T08:01:09","modified_gmt":"2017-09-13T06:01:09","slug":"polgarmester-2","status":"publish","type":"post","link":"https:\/\/www.petervasara.hu\/2013\/?p=8597","title":{"rendered":"Polg\u00e1rmester"},"content":{"rendered":"<div class=\"cb-divider clearfix\"><span class=\"cb-title\">Unok\u00e1ink is olvasni fogj\u00e1k blog nyom\u00e1n<\/span><\/div>\n<p><em>(\u00c9sik S\u00e1ndor cikke | 2014. j\u00falius 24.)<br \/>\n<\/em><\/p>\n<div class=\"field-items\">\n<div class=\"field-item even\">(\u2026)<\/div>\n<div class=\"field-item even\"><\/div>\n<div class=\"field-item even\">\n<p><img loading=\"lazy\" decoding=\"async\" class=\"alignright size-full wp-image-2164\" src=\"http:\/\/www.petervasara.hu\/kozadat\/wp-content\/uploads\/2015\/06\/petervasara-eged-istvan-.jpg\" sizes=\"(max-width: 400px) 100vw, 400px\" srcset=\"http:\/\/www.petervasara.hu\/kozadat\/wp-content\/uploads\/2015\/06\/petervasara-eged-istvan-.jpg 400w, http:\/\/www.petervasara.hu\/kozadat\/wp-content\/uploads\/2015\/06\/petervasara-eged-istvan--294x300.jpg 294w, http:\/\/www.petervasara.hu\/kozadat\/wp-content\/uploads\/2015\/06\/petervasara-eged-istvan--65x65.jpg 65w\" alt=\"petervasara eged istvan\" width=\"400\" height=\"408\" \/>A foglalkoztat\u00e1si gondokkal k\u00fczd\u0151 r\u00e9gi\u00f3 egyetlen v\u00e1ros\u00e1t 2010-t\u0151l Eged Istv\u00e1n ir\u00e1ny\u00edtja, akinek csal\u00e1dneve m\u00e1r az 1200-as \u00e9vek jobb\u00e1gylist\u00e1j\u00e1n is szerepel. \u0150 1969. janu\u00e1r 19-\u00e9n sz\u00fcletett Egerben, \u00e9desapja a P\u00e9terv\u00e1s\u00e1ra \u00e9s Vid\u00e9ke Takar\u00e9ksz\u00f6vetkezet eln\u00f6ke volt, \u00e9desanyja pedig t\u00f6bb c\u00e9gn\u00e9l t\u00f6lt\u00f6tt be irodavezet\u0151i \u00e1ll\u00e1st. P\u00e9terv\u00e1s\u00e1r\u00e1n v\u00e9gezte az \u00e1ltal\u00e1nos iskol\u00e1t, majd 1987-ben az egri Szil\u00e1gyi Erzs\u00e9bet Gimn\u00e1ziumban \u00e9retts\u00e9gizett. Miut\u00e1n letudta a katona\u00e9veket, v\u00e1llalkoz\u00e1sba kezdett. A politik\u00e1ba testk\u00f6zelb\u0151l 2002-ben k\u00f3stolt bele, ekkor v\u00e1lasztott\u00e1k meg \u00f6nkorm\u00e1nyzati k\u00e9pvisel\u0151nek. Az alpolg\u00e1rmesteri poz\u00edci\u00f3t 2006-2010 k\u00f6z\u00f6tt t\u00f6lt\u00f6tte be, majd megnyerte a 2010-es polg\u00e1rmester v\u00e1laszt\u00e1st \u00e9s ezzel egy\u00fctt feladta v\u00e1llalkoz\u00e1s\u00e1t. Tapasztalt politikusk\u00e9nt v\u00e1gott bele a munk\u00e1ba, amire tudatosan k\u00e9sz\u00fclt, hiszen 2007-ben a Corvinus Egyetemen politikai szak\u00e9rt\u0151 v\u00e9gzetts\u00e9get szerzett. Ut\u00e1na ezt az egri Eszterh\u00e1zy K\u00e1roly F\u0151iskol\u00e1n m\u00e9g megtoldotta nemzetk\u00f6zi kapcsolatok szak\u00e9rt\u0151 \u00e9s okleveles nemzetk\u00f6zi kapcsolatok elemz\u0151 diplom\u00e1kkal. K\u00fcl\u00f6n\u00f6sen az 1990-es rendszerv\u00e1ltoz\u00e1s id\u0151szaka \u00e9rdekli.Alpolg\u00e1rmesterk\u00e9nt r\u00e9szt vett a v\u00e1rosrehabilit\u00e1ci\u00f3 alapjainak lefektet\u00e9s\u00e9ben, komplett tervet k\u00e9sz\u00edtettek a k\u00f6zter\u00fcletek fel\u00faj\u00edt\u00e1s\u00e1ra, de a p\u00e1ly\u00e1zattal csak ebben a ciklusban nyertek. Nem csak a polg\u00e1rmesteri feladatokat kellett 2010-t\u0151l ell\u00e1tnia Eged Istv\u00e1nnak, mert \u0151 lett \u00f6t k\u00f6rny\u00e9kbeli telep\u00fcl\u00e9s t\u00e1rsul\u00e1s\u00e1nak, valamint a T\u00f6bbc\u00e9l\u00fa Kist\u00e9rs\u00e9gi T\u00e1rsul\u00e1snak is az eln\u00f6ke. A Leader akci\u00f3csoport eln\u00f6ki tiszt\u00e9t 2012-t\u0151l t\u00f6lti be.<\/p>\n<p>A polg\u00e1rmester azt mondja, \u00e9l\u00e9nk figyelemmel k\u00eds\u00e9rt\u00e9k a p\u00e1ly\u00e1zati ki\u00edr\u00e1sokat \u00e9s mindenre p\u00e1ly\u00e1ztak, ami fejl\u0151d\u00e9st hozhatott \u00c9szak-Hevesbe. Mindig gondok voltak a csapad\u00e9kv\u00edz elvezet\u00e9ssel, azt 350 milli\u00f3 forint p\u00e1ly\u00e1zati p\u00e9nzb\u0151l elh\u00e1r\u00edtott\u00e1k. Szoci\u00e1lis v\u00e1rosrehabilit\u00e1ci\u00f3ra 400 milli\u00f3 \u00e9rkezett, aminek f\u0151 eleme volt a f\u0151t\u00e9r \u00e9s a j\u00e1tsz\u00f3t\u00e9r fel\u00faj\u00edt\u00e1sa, a m\u0171vel\u0151d\u00e9si h\u00e1z fel\u00faj\u00edt\u00e1sa \u00e9s b\u0151v\u00edt\u00e9se, valamint a v\u00e1rosk\u00f6zponti t\u00e1rsash\u00e1zi \u00e9p\u00fcletek fel\u00faj\u00edt\u00e1sa. Az \u00fagynevezett \u201esoft elemek\u201d r\u00e9sze volt a helyben termelt \u00e9rt\u00e9kek piacra juttat\u00e1s\u00e1nak el\u0151seg\u00edt\u00e9se, a f\u0151t\u00e9r \u00e9s az iskola k\u00f6rny\u00e9k\u00e9nek rendbet\u00e9tele, azt\u00e1n civil szervezetek \u00e9s int\u00e9zm\u00e9nyek bevon\u00e1s\u00e1val a szolg\u00e1ltat\u00e1sok megismertet\u00e9se a lakoss\u00e1ggal, vagy a \u201eP\u00e9terkei Kar\u00e1csonyi V\u00e1s\u00e1r\u201d \u00e9s identit\u00e1s\u00e9p\u00edt\u0151 kiadv\u00e1nyok k\u00e9sz\u00edt\u00e9se.<\/p>\n<p>Nagy el\u0151rel\u00e9p\u00e9st jelentett az eg\u00e9szs\u00e9g\u00fcgyi k\u00f6zpont rekonstrukci\u00f3ja, ahol 2-2 f\u0151 h\u00e1zi- \u00e9s fogorvos, valamint egy gyermekorvos dolgozik, de van j\u00f3l felszerelt laborat\u00f3riumuk is. Leader t\u00e1mogat\u00e1sb\u00f3l oldott\u00e1k meg a templom tet\u0151szerkezet\u00e9nek jav\u00edt\u00e1s\u00e1t \u00e9s \u00fajabb j\u00f3 h\u00edr, hogy az egykor n\u00e9pszer\u0171 5,5 hekt\u00e1ros horg\u00e1szt\u00f3 kotr\u00e1s\u00e1ra a helyi horg\u00e1szegyes\u00fclet p\u00e9nzt nyert, \u00edgy 2015-t\u0151l ism\u00e9t l\u00e1togathatj\u00e1k a tavat a sporthorg\u00e1szok. \u00c1tadtak egy t\u0171zolt\u00f3\u0151rs\u00f6t is, ami a biztons\u00e1g er\u0151s\u00f6d\u00e9se mellett 15 munkahelyet is jelent. Az aszfaltoz\u00e1sok ut\u00e1n k\u00f6zel 100 sz\u00e1zal\u00e9kban szil\u00e1rd burkolat\u00faak a p\u00e9terv\u00e1s\u00e1rai utak \u00e9s korszer\u0171s\u00edtett\u00e9k a k\u00f6zvil\u00e1g\u00edt\u00e1st is.<\/p>\n<p>Eged Istv\u00e1n b\u00fcszke a helyi sport\u00e9letre, hiszen a focicsapat \u2013 amelyben egykor \u0151 is j\u00e1tszott \u2013 m\u00e1sodik lett a megyei bajnoks\u00e1g els\u0151 oszt\u00e1ly\u00e1ban. \u00a0A sporttelepre p\u00e1ly\u00e1zati p\u00e9nzb\u0151l egy m\u0171f\u00fcves futballp\u00e1ly\u00e1t \u00e9s egy 100 f\u0151s lel\u00e1t\u00f3t is \u00e9p\u00edtettek. Mellett\u00fck tov\u00e1bbi h\u00e9t szakoszt\u00e1lyt m\u0171k\u00f6dtetnek, \u00edgy t\u00f6bb sz\u00e1z fiatal kap sportol\u00e1si lehet\u0151s\u00e9get a v\u00e1rosban. Van egy karate vil\u00e1gbajnokuk is, Eged L\u00e1szl\u00f3 shotokan oktat\u00f3 csapatban kumite shotokan \u00e1gon nyerte el a c\u00edmet.<\/p>\n<p>Tervben van egy Tarna-menti ker\u00e9kp\u00e1r\u00fat meg\u00e9p\u00edt\u00e9se Sirok \u00e9s Istenmezeje k\u00f6z\u00f6tt, \u00e9s r\u00e9gi ig\u00e9ny a B\u00e1tonyterenye-\u00d3zd k\u00f6z\u00f6tti gyorsforgalmi \u00fat meg\u00e9p\u00edt\u00e9se a t\u00e9rs\u00e9g es\u00e9lyeinek jav\u00edt\u00e1s\u00e1ra. Eged Istv\u00e1n a kistelep\u00fcl\u00e9sek \u00e9rdek\u00e9rv\u00e9nyes\u00edt\u00e9s\u00e9nek jav\u00edt\u00e1s\u00e1ra az egy\u00fcttm\u0171k\u00f6d\u00e9st szeretn\u00e9 fokozni. Az \u00fajabb c\u00e9lokat a k\u00f6vetkez\u0151 v\u00e1laszt\u00e1si ciklusban akarja teljes\u00edteni, mert \u00fagy \u00e9rzi, a fejleszt\u00e9sekkel j\u00e1r\u00f3 \u00e1lland\u00f3 p\u00f6rg\u00e9s az \u0151 vil\u00e1ga \u00e9s ez\u00e9rt folytatn\u00e1 a megkezdett munk\u00e1t. Ebben a t\u00f6rekv\u00e9s\u00e9ben feles\u00e9ge Krisztina, valamint k\u00e9t gyermek\u00fck, Ren\u00e1t\u00f3 \u00e9s Armand is t\u00e1mogatja.<\/p>\n<p><strong>Eged Istv\u00e1n<\/strong><br \/>\n<strong>polg\u00e1rmester<\/strong><\/p>\n<div><em>C\u00edm:<\/em> 3250 P\u00e9terv\u00e1s\u00e1ra Szabads\u00e1g t\u00e9r 1.<\/div>\n<p><em>Telefon: <\/em>+36 36 568-045 (polg\u00e1rmesteri titk\u00e1rs\u00e1g)<br \/>\nEmail:<em> polgarmester@petervasara.hu<\/em><\/p>\n<\/div>\n<\/div>\n","protected":false},"excerpt":{"rendered":"Unok\u00e1ink is olvasni fogj\u00e1k blog nyom\u00e1n (\u00c9sik S\u00e1ndor cikke | 2014. j\u00falius 24.) (\u2026) A foglalkoztat\u00e1si gondokkal k\u00fczd\u0151&hellip;\n","protected":false},"author":1,"featured_media":8598,"comment_status":"closed","ping_status":"open","sticky":false,"template":"","format":"standard","meta":{"footnotes":""},"categories":[113,126],"tags":[60],"views":2805,"_links":{"self":[{"href":"https:\/\/www.petervasara.hu\/2013\/index.php?rest_route=\/wp\/v2\/posts\/8597"}],"collection":[{"href":"https:\/\/www.petervasara.hu\/2013\/index.php?rest_route=\/wp\/v2\/posts"}],"about":[{"href":"https:\/\/www.petervasara.hu\/2013\/index.php?rest_route=\/wp\/v2\/types\/post"}],"author":[{"embeddable":true,"href":"https:\/\/www.petervasara.hu\/2013\/index.php?rest_route=\/wp\/v2\/users\/1"}],"replies":[{"embeddable":true,"href":"https:\/\/www.petervasara.hu\/2013\/index.php?rest_route=%2Fwp%2Fv2%2Fcomments&post=8597"}],"version-history":[{"count":3,"href":"https:\/\/www.petervasara.hu\/2013\/index.php?rest_route=\/wp\/v2\/posts\/8597\/revisions"}],"predecessor-version":[{"id":12171,"href":"https:\/\/www.petervasara.hu\/2013\/index.php?rest_route=\/wp\/v2\/posts\/8597\/revisions\/12171"}],"wp:featuredmedia":[{"embeddable":true,"href":"https:\/\/www.petervasara.hu\/2013\/index.php?rest_route=\/wp\/v2\/media\/8598"}],"wp:attachment":[{"href":"https:\/\/www.petervasara.hu\/2013\/index.php?rest_route=%2Fwp%2Fv2%2Fmedia&parent=8597"}],"wp:term":[{"taxonomy":"category","embeddable":true,"href":"https:\/\/www.petervasara.hu\/2013\/index.php?rest_route=%2Fwp%2Fv2%2Fcategories&post=8597"},{"taxonomy":"post_tag","embeddable":true,"href":"https:\/\/www.petervasara.hu\/2013\/index.php?rest_route=%2Fwp%2Fv2%2Ftags&post=8597"}],"curies":[{"name":"wp","href":"https:\/\/api.w.org\/{rel}","templated":true}]}}