{"id":8589,"date":"2017-08-16T14:40:04","date_gmt":"2017-08-16T12:40:04","guid":{"rendered":"http:\/\/www.petervasara.hu\/2013\/?p=8589"},"modified":"2017-09-13T08:01:13","modified_gmt":"2017-09-13T06:01:13","slug":"sportelet","status":"publish","type":"post","link":"https:\/\/www.petervasara.hu\/2013\/?p=8589","title":{"rendered":"Sport\u00e9let"},"content":{"rendered":"<h3 id=\"egyesuletunket-1920-ban-alapitottak-akkoriban-egy-szakosztallyal-mukodott-ami-a-labdarugas-volt-az-egyesulet-alapitoi-a-klub-hivatalos-szinenek-a-kek-sargat-jeloltek-meg-a-90-es-evekben-bovult-az\">Egyes\u00fclet\u00fcnket 1920-ban alap\u00edtott\u00e1k. Akkoriban egy szakoszt\u00e1llyal m\u0171k\u00f6d\u00f6tt, ami a labdar\u00fag\u00e1s volt. Az egyes\u00fclet alap\u00edt\u00f3i a klub hivatalos sz\u00edn\u00e9nek a k\u00e9k-s\u00e1rg\u00e1t jel\u00f6lt\u00e9k meg. A 90-es \u00e9vekben b\u0151v\u00fclt az egyes\u00fclet sakk, r\u00f6plabda szak\u00e1ggal, majd 2004-ben karate \u00e9s 2011-ben aut\u00f3-motor szakoszt\u00e1ly is l\u00e9trej\u00f6tt.<\/h3>\n<p>A feln\u0151tt labdar\u00fag\u00f3 csapatunk a megyei \u00e9s j\u00e1r\u00e1si oszt\u00e1lyokban szerepelt. N\u00e9gyszer nyertek megyei I. oszt\u00e1lyban bajnoks\u00e1got, utolj\u00e1ra 2008-ban.<\/p>\n<p>2003\/2004-es szezonban a NB3 M\u00e1rta csoportj\u00e1ban szerepeltek \u00e9s \u00e9rtek el 3. helyez\u00e9st, ami mindenkori legjobb eredm\u00e9nye labdar\u00fag\u00f3 szakoszt\u00e1lyunknak. 1982-t\u0151l gyermek csapata is van folyamatosan a labdar\u00fag\u00f3 szak\u00e1gnak. A serd\u00fcl\u0151 \u00e9s ifj\u00fas\u00e1gi csapataink sz\u00e1molatlan \u00e9rmet nyertek ez id\u0151 alatt a megyei bajnoks\u00e1gokban. Egyes\u00fclet\u00fcnk b\u00fcszkes\u00e9gei, akik valamikor n\u00e1lunk kezdtek el focizni, Bukr\u00e1n G\u00e1bor \u00e9s Hajd\u00fa Norbert. G\u00e1bor egyszeres feln\u0151tt magyar v\u00e1logatott, Norbert pedig m\u00e1r t\u00f6bb mint sz\u00e1z NB 1-es labdar\u00fag\u00f3 m\u00e9rk\u0151z\u00e9ssel a h\u00e1ta m\u00f6g\u00f6tt, jelenleg a Zalaegerszeg csapat\u00e1ban j\u00e1tszik.<\/p>\n<p>Az egyes\u00fclet \u00f6nkorm\u00e1nyzati tulajdon. Az \u00f6nkorm\u00e1nyzat fedezi a sporttelep fenntart\u00e1si k\u00f6lts\u00e9geit.<\/p>\n<ul>\n<li>5 tag\u00fa vezet\u0151s\u00e9g \u00e9l\u00e9n az eln\u00f6k, a vezet\u0151s\u00e9gi tagok k\u00f6z\u00f6tt mindig helyet kap a v\u00e1ros polg\u00e1rmestere \u00e9s egy \u00f6nkorm\u00e1nyzati k\u00e9pvisel\u0151 is.<\/li>\n<li>t\u00e1mogat\u00f3i h\u00e1tt\u00e9r: stabil \u00d6nkorm\u00e1nyzati h\u00e1tt\u00e9r, harmonikus kapcsolat az \u00d6nkorm\u00e1nyzattal<\/li>\n<li>folyamatosan b\u0151v\u00fcl\u0151 t\u00e1mogat\u00f3i kapcsolat a k\u00f6rnyez\u0151 c\u00e9gekkel \u00e9s v\u00e1llalkoz\u00f3kkal<\/li>\n<li>j\u00f3 kapcsolat a P\u00e9terv\u00e1s\u00e1ra Fejl\u0151d\u00e9s\u00e9\u00e9rt Alap\u00edtv\u00e1nnyal<\/li>\n<\/ul>\n<hr \/>\n<ul>\n<li>Eln\u00f6k: V\u00e9gh Istv\u00e1n<\/li>\n<li>Eln\u00f6ks\u00e9gi tagok: Eged Istv\u00e1n, Kov\u00e1cs Ferenc, Bodon P\u00e9ter, Boros Csaba, T\u00f3th Zsolt<\/li>\n<\/ul>\n<hr \/>\n<ul>\n<li>Labdar\u00fag\u00e1s: T\u00f3th Zsolt<\/li>\n<li>Karate: Eged L\u00e1szl\u00f3<\/li>\n<li>R\u00f6plabda: T\u00f3th M\u00f3nika<\/li>\n<li>Aut\u00f3-motor sport: Sz\u00e1nt\u00f3 Bal\u00e1zs<\/li>\n<li>Sakk: T\u00f3th J\u00e1nos<\/li>\n<li>T\u00fara Klub: Walter Cornelis<\/li>\n<li>Asztalitenisz: Hossz\u00fa K\u00e1lm\u00e1n<\/li>\n<li>Ker\u00e9kp\u00e1r: Berta Rajmund, Varga Csaba<\/li>\n<\/ul>\n<p><a href=\"http:\/\/www.pvse.hu\" target=\"_blank\" rel=\"noopener\">Az egyes\u00fclet weboldala &gt;<\/a><br \/>\n<a href=\"https:\/\/www.facebook.com\/PetervasaraSE\/\" target=\"_blank\" rel=\"noopener\">Az egyes\u00fclet Facebook oldala &gt;<\/a><\/p>\n","protected":false},"excerpt":{"rendered":"Egyes\u00fclet\u00fcnket 1920-ban alap\u00edtott\u00e1k. Akkoriban egy szakoszt\u00e1llyal m\u0171k\u00f6d\u00f6tt, ami a labdar\u00fag\u00e1s volt. Az egyes\u00fclet alap\u00edt\u00f3i a klub hivatalos sz\u00edn\u00e9nek&hellip;\n","protected":false},"author":1,"featured_media":8590,"comment_status":"closed","ping_status":"open","sticky":false,"template":"","format":"standard","meta":{"footnotes":""},"categories":[112,118],"tags":[58,45],"views":1501,"_links":{"self":[{"href":"https:\/\/www.petervasara.hu\/2013\/index.php?rest_route=\/wp\/v2\/posts\/8589"}],"collection":[{"href":"https:\/\/www.petervasara.hu\/2013\/index.php?rest_route=\/wp\/v2\/posts"}],"about":[{"href":"https:\/\/www.petervasara.hu\/2013\/index.php?rest_route=\/wp\/v2\/types\/post"}],"author":[{"embeddable":true,"href":"https:\/\/www.petervasara.hu\/2013\/index.php?rest_route=\/wp\/v2\/users\/1"}],"replies":[{"embeddable":true,"href":"https:\/\/www.petervasara.hu\/2013\/index.php?rest_route=%2Fwp%2Fv2%2Fcomments&post=8589"}],"version-history":[{"count":4,"href":"https:\/\/www.petervasara.hu\/2013\/index.php?rest_route=\/wp\/v2\/posts\/8589\/revisions"}],"predecessor-version":[{"id":8594,"href":"https:\/\/www.petervasara.hu\/2013\/index.php?rest_route=\/wp\/v2\/posts\/8589\/revisions\/8594"}],"wp:featuredmedia":[{"embeddable":true,"href":"https:\/\/www.petervasara.hu\/2013\/index.php?rest_route=\/wp\/v2\/media\/8590"}],"wp:attachment":[{"href":"https:\/\/www.petervasara.hu\/2013\/index.php?rest_route=%2Fwp%2Fv2%2Fmedia&parent=8589"}],"wp:term":[{"taxonomy":"category","embeddable":true,"href":"https:\/\/www.petervasara.hu\/2013\/index.php?rest_route=%2Fwp%2Fv2%2Fcategories&post=8589"},{"taxonomy":"post_tag","embeddable":true,"href":"https:\/\/www.petervasara.hu\/2013\/index.php?rest_route=%2Fwp%2Fv2%2Ftags&post=8589"}],"curies":[{"name":"wp","href":"https:\/\/api.w.org\/{rel}","templated":true}]}}