{"id":8077,"date":"2017-02-20T10:43:15","date_gmt":"2017-02-20T09:43:15","guid":{"rendered":"http:\/\/www.petervasara.hu\/2013\/?p=8077"},"modified":"2017-02-20T10:46:33","modified_gmt":"2017-02-20T09:46:33","slug":"8077","status":"publish","type":"post","link":"https:\/\/www.petervasara.hu\/2013\/?p=8077","title":{"rendered":"Elfogadt\u00e1k v\u00e1rosunk k\u00f6lts\u00e9gvet\u00e9s\u00e9t"},"content":{"rendered":"<p><strong>Elfogadta az \u00e9szak-hevesi v\u00e1ros \u00f6nkorm\u00e1nyzat\u00e1nak k\u00e9pvisel\u0151-test\u00fclete az idei esztend\u0151re tervezett b\u00fcdzs\u00e9t, amelyet szerd\u00e1n t\u00e1rgyaltak a helyi k\u00e9pvisel\u0151k.<\/strong><\/p>\n<p>Csaknem 900 milli\u00f3 forintos f\u0151\u00f6sszeggel fogadta el az \u00e9szak-hevesi v\u00e1ros \u00f6nkorm\u00e1nyzat\u00e1nak k\u00e9pvisel\u0151-test\u00fclete az idei esztend\u0151re tervezett b\u00fcdzs\u00e9t, amelyet szerd\u00e1n t\u00e1rgyaltak a helyi k\u00e9pvisel\u0151k.<br \/>\nA mostani \u00e9vnek a felhalmoz\u00e1si kiad\u00e1sait \u2013 amiket fel\u00faj\u00edt\u00e1s, beruh\u00e1z\u00e1si feladatokra k\u00f6ltenek majd \u2013 k\u00fcl\u00f6nb\u00f6z\u0151 p\u00e1ly\u00e1zati forr\u00e1sokb\u00f3l, illetve \u00f6ner\u0151b\u0151l fedezi a telep\u00fcl\u00e9s.<\/p>\n<p>Amint az elhangzott az \u00fcl\u00e9sen, m\u00e1rcius k\u00f6zep\u00e9n v\u00e1rhat\u00f3 a TOP-os (Ter\u00fclet- \u00e9s Telep\u00fcl\u00e9sfejleszt\u00e9si Operat\u00edv Program) p\u00e1ly\u00e1zatok elb\u00edr\u00e1l\u00e1sa. Ez a Z\u00f6ld v\u00e1ros kialak\u00edt\u00e1sa elnevez\u00e9s\u0171 projektet, illetve az \u00f3voda b\u0151v\u00edt\u00e9s\u00e9re, b\u00f6lcs\u0151de kialak\u00edt\u00e1s\u00e1ra ir\u00e1nyul\u00f3 p\u00e1ly\u00e1zatot \u00e9rinti. A Z\u00f6ld v\u00e1ros kialak\u00edt\u00e1s\u00e1n bel\u00fcl rendezn\u00e9k a piacteret, rendbe tenn\u00e9k a templomdombot, illetve a sportcsarnok udvar\u00e1t alak\u00edtan\u00e1k ki k\u00f6z\u00f6ss\u00e9gi c\u00e9lra. Az \u00f3voda b\u0151v\u00edt\u00e9se, tov\u00e1bb\u00e1 b\u00f6lcs\u0151de kialak\u00edt\u00e1sa eset\u00e9n plusz egy csoportszob\u00e1val, tornaszob\u00e1val \u00e9s egy b\u00f6lcs\u0151dei sz\u00e1rnnyal gyarapodna az \u00e9p\u00fclet, ahol 12-14 0-3 \u00e9ves kor\u00fa kisgyermeket tudn\u00e1nak elhelyezni.<\/p>\n<p>P\u00e9terv\u00e1s\u00e1ra m\u0171k\u00f6d\u00e9si k\u00f6lts\u00e9gvet\u00e9se ebben az \u00e9vben is jelent\u0151s hi\u00e1nyt mutat, ami legink\u00e1bb a h\u00e1tr\u00e1nyos helyzetb\u0151l, a minim\u00e1lb\u00e9r emel\u00e9s\u00e9b\u0151l, valamint a garant\u00e1lt b\u00e9rminimum biztos\u00edt\u00e1s\u00e1b\u00f3l ad\u00f3dik.<br \/>\nA h\u00e1tr\u00e1nyos helyzetben \u00e9l\u0151 emberek seg\u00e9lyez\u00e9se is igen nagy terhet jelent az \u00f6nkorm\u00e1nyzatnak. A k\u00f6zmunka-programnak k\u00f6sz\u00f6nhet\u0151en szinte eg\u00e9sz \u00e9vben \u00e1tlag 65 ember juthat k\u00f6zmunk\u00e1hoz, melynek fedezet\u00e9t teljes m\u00e9rt\u00e9kben az \u00e1llam finansz\u00edrozza.<\/p>\n<blockquote><p>Eged Istv\u00e1n, P\u00e9terv\u00e1s\u00e1ra v\u00e1ros polg\u00e1rmestere elmondta: a legf\u0151bb feladat a v\u00e1ros \u00e9s int\u00e9zm\u00e9nyeinek finansz\u00edroz\u00e1si szempontb\u00f3l biztons\u00e1gos m\u0171k\u00f6dtet\u00e9se, a sz\u00fcks\u00e9ges t\u00f6bbletforr\u00e1sok megszerz\u00e9se, a p\u00e1ly\u00e1zatok \u00fatj\u00e1n elnyerhet\u0151 p\u00e9nzeszk\u00f6z\u00f6k maximaliz\u00e1l\u00e1sa.<\/p><\/blockquote>\n","protected":false},"excerpt":{"rendered":"Elfogadta az \u00e9szak-hevesi v\u00e1ros \u00f6nkorm\u00e1nyzat\u00e1nak k\u00e9pvisel\u0151-test\u00fclete az idei esztend\u0151re tervezett b\u00fcdzs\u00e9t, amelyet szerd\u00e1n t\u00e1rgyaltak a helyi k\u00e9pvisel\u0151k. Csaknem&hellip;\n","protected":false},"author":1,"featured_media":8078,"comment_status":"closed","ping_status":"open","sticky":false,"template":"","format":"standard","meta":{"footnotes":""},"categories":[39,2],"tags":[],"views":1675,"_links":{"self":[{"href":"https:\/\/www.petervasara.hu\/2013\/index.php?rest_route=\/wp\/v2\/posts\/8077"}],"collection":[{"href":"https:\/\/www.petervasara.hu\/2013\/index.php?rest_route=\/wp\/v2\/posts"}],"about":[{"href":"https:\/\/www.petervasara.hu\/2013\/index.php?rest_route=\/wp\/v2\/types\/post"}],"author":[{"embeddable":true,"href":"https:\/\/www.petervasara.hu\/2013\/index.php?rest_route=\/wp\/v2\/users\/1"}],"replies":[{"embeddable":true,"href":"https:\/\/www.petervasara.hu\/2013\/index.php?rest_route=%2Fwp%2Fv2%2Fcomments&post=8077"}],"version-history":[{"count":5,"href":"https:\/\/www.petervasara.hu\/2013\/index.php?rest_route=\/wp\/v2\/posts\/8077\/revisions"}],"predecessor-version":[{"id":8083,"href":"https:\/\/www.petervasara.hu\/2013\/index.php?rest_route=\/wp\/v2\/posts\/8077\/revisions\/8083"}],"wp:featuredmedia":[{"embeddable":true,"href":"https:\/\/www.petervasara.hu\/2013\/index.php?rest_route=\/wp\/v2\/media\/8078"}],"wp:attachment":[{"href":"https:\/\/www.petervasara.hu\/2013\/index.php?rest_route=%2Fwp%2Fv2%2Fmedia&parent=8077"}],"wp:term":[{"taxonomy":"category","embeddable":true,"href":"https:\/\/www.petervasara.hu\/2013\/index.php?rest_route=%2Fwp%2Fv2%2Fcategories&post=8077"},{"taxonomy":"post_tag","embeddable":true,"href":"https:\/\/www.petervasara.hu\/2013\/index.php?rest_route=%2Fwp%2Fv2%2Ftags&post=8077"}],"curies":[{"name":"wp","href":"https:\/\/api.w.org\/{rel}","templated":true}]}}