{"id":7980,"date":"2016-11-14T13:28:59","date_gmt":"2016-11-14T12:28:59","guid":{"rendered":"http:\/\/www.petervasara.hu\/2013\/?p=7980"},"modified":"2016-11-14T13:30:40","modified_gmt":"2016-11-14T12:30:40","slug":"bunmegelozesi-hirlevel-jon-tel-figyeljunk-jobban","status":"publish","type":"post","link":"https:\/\/www.petervasara.hu\/2013\/?p=7980","title":{"rendered":"B\u0171nmegel\u0151z\u00e9si h\u00edrlev\u00e9l: j\u00f6n a t\u00e9l, figyelj\u00fcnk jobban!"},"content":{"rendered":"<p>A t\u00e9l be\u00e1llta nemcsak a term\u00e9szetben hoz m\u00e9lyrehat\u00f3 v\u00e1ltoz\u00e1sokat, hanem a kedvez\u0151tlen id\u0151j\u00e1r\u00e1si-, l\u00e1t\u00e1si- \u00e9s \u00fatviszonyok a mindennapi k\u00f6zleked\u00e9sben is v\u00e1ltoz\u00e1sokat ig\u00e9nyel.<\/p>\n<p>&nbsp;<\/p>\n<p><strong>K\u00e9sz\u00edtse fel j\u00e1rm\u0171v\u00e9t a t\u00e9li k\u00f6zleked\u00e9se:<\/strong><\/p>\n<p>-Vizsg\u00e1ltassa meg g\u00e9pj\u00e1rm\u0171ve fut\u00f3m\u0171v\u00e9t, a vil\u00e1g\u00edt\u00f3- \u00e9s f\u00e9kberendez\u00e9seit!<\/p>\n<p>-Ellen\u0151riztesse a j\u00e1rm\u0171v\u00e9ben a fagy\u00e1ll\u00f3 szintj\u00e9t!<\/p>\n<p>-A biztons\u00e1gos k\u00f6zleked\u00e9s \u00e9rdek\u00e9ben szereltessen j\u00f3 \u00e1llapot\u00fa t\u00e9li gumiabroncsokat a j\u00e1rm\u0171v\u00e9re!<\/p>\n<p>-A megfelel\u0151 kil\u00e1that\u00f3s\u00e1g v\u00e9gett figyeljen j\u00e1rm\u0171ve ablakainak j\u00e9g- \u00e9s p\u00e1ramentes\u00edt\u00e9s\u00e9re!<\/p>\n<p>-Hosszabb \u00fat alkalm\u00e1val legyen a j\u00e1rm\u0171v\u00e9ben takar\u00f3, meleg ruh\u00e1zat, vontat\u00f3k\u00f6t\u00e9l, eleml\u00e1mpa, j\u00e9gold\u00f3, j\u00e9gkapar\u00f3 \u00e9s elegend\u0151 folyad\u00e9k!<\/p>\n<p>&nbsp;<\/p>\n<p><strong>K\u00e9sz\u00fclj\u00f6n fel \u00d6n is a t\u00e9lre:<\/strong><\/p>\n<p>-K\u00f6d\u00f6s, rosszul bel\u00e1that\u00f3 \u00fatszakaszon cs\u00f6kkentse a sebess\u00e9g\u00e9t, haszn\u00e1ljon tomp\u00edtott f\u00e9nysz\u00f3r\u00f3t, k\u00f6dl\u00e1mp\u00e1t, fokozottan figyelje a m\u00f6g\u00f6ttes k\u00f6zleked\u00e9st is!<\/p>\n<p>-Jeges, havas, nedves \u00faton m\u00e9rs\u00e9kelt sebess\u00e9ggel k\u00f6zlekedjen, ker\u00fclje a hirtelen f\u00e9kez\u0151 \u00e9s korm\u00e1nyz\u00f3 mozdulatokat!<\/p>\n<p>-Tartson az \u00e1tlagosn\u00e1l is nagyobb k\u00f6vet\u00e9si t\u00e1vols\u00e1got!<\/p>\n<p>-Figyeljen az \u00faton k\u00f6zleked\u0151 gyalogosokra \u00e9s ker\u00e9kp\u00e1rosokra!<\/p>\n<p>-Ha lehet\u0151s\u00e9ge van r\u00e1, vegye ig\u00e9nybe az orsz\u00e1gban m\u0171k\u00f6d\u0151 vezet\u00e9stechnikai tr\u00e9ningeket!<\/p>\n<p>&nbsp;<\/p>\n<p><strong>Gyalogosk\u00e9nt:<\/strong><\/p>\n<p>-a j\u00e1rd\u00e1n, ahol nincsen j\u00e1rda a le\u00e1ll\u00f3s\u00e1von, az \u00fatpadk\u00e1n vagy a ker\u00e9kp\u00e1r\u00faton, ha egyik sincsen vagy gyalogos k\u00f6zleked\u00e9sre alkalmatlan, akkor az \u00fattesten lakott ter\u00fcleten bel\u00fcl lehet\u0151leg a menetir\u00e1ny szerinti bal oldalon, lakott ter\u00fcleten k\u00edv\u00fcl mindig a bal oldalon, a j\u00e1rm\u0171forgalommal szemben kell k\u00f6zlekedni!<\/p>\n<p>-\u00fattesten t\u00f6rt\u00e9n\u0151 \u00e1tkel\u00e9skor fokozott k\u00f6r\u00fcltekint\u00e9ssel k\u00f6zlekedjen!<\/p>\n<p>-legyen l\u00e1that\u00f3!<\/p>\n<p>&nbsp;<\/p>\n<p><strong>Ker\u00e9kp\u00e1rosk\u00e9nt:<\/strong><\/p>\n<p>-a k\u00f6zleked\u00e9si szab\u00e1lyok maxim\u00e1lis betart\u00e1s\u00e1val, az el\u0151\u00edr\u00e1soknak megfelel\u0151en felszerelt ker\u00e9kp\u00e1rral (els\u0151, h\u00e1ts\u00f3 vil\u00e1g\u00edt\u00e1s, k\u00fcll\u0151prizma, cseng\u0151, els\u0151 \u00e9s h\u00e1ts\u00f3 f\u00e9k, h\u00e1tulra egy piros sz\u00edn\u0171, de nem h\u00e1romsz\u00f6g alak\u00fa prizma), fokozott \u00f3vatoss\u00e1ggal \u00e9s k\u00f6r\u00fcltekint\u00e9ssel k\u00f6zlekedjen!<\/p>\n<p>-a kanyarod\u00e1st megel\u0151z\u0151en mindig n\u00e9zzen h\u00e1tra, \u00e9s ne feledkezzen meg az ir\u00e1nyjelz\u00e9sr\u0151l sem!<\/p>\n<p>-rossz l\u00e1t\u00e1si viszonyok k\u00f6z\u00f6tt haszn\u00e1lja a vil\u00e1g\u00edt\u00f3 berendez\u00e9st \u00e9s viseljen l\u00e1that\u00f3s\u00e1got biztos\u00edt\u00f3 ruh\u00e1zatot!<\/p>\n<p style=\"text-align: center;\">Fogadja meg tan\u00e1csainkat, hogy \u00e9ps\u00e9gben \u00fcnnepelhesse a Kar\u00e1csonyt!<\/p>\n<p style=\"text-align: center;\">Balesetmentes k\u00f6zleked\u00e9st k\u00edv\u00e1n: A Heves Megyei Baleset-megel\u0151z\u00e9si Bizotts\u00e1g<\/p>\n","protected":false},"excerpt":{"rendered":"A t\u00e9l be\u00e1llta nemcsak a term\u00e9szetben hoz m\u00e9lyrehat\u00f3 v\u00e1ltoz\u00e1sokat, hanem a kedvez\u0151tlen id\u0151j\u00e1r\u00e1si-, l\u00e1t\u00e1si- \u00e9s \u00fatviszonyok a mindennapi&hellip;\n","protected":false},"author":1,"featured_media":7981,"comment_status":"closed","ping_status":"open","sticky":false,"template":"","format":"standard","meta":{"footnotes":""},"categories":[71],"tags":[],"views":1653,"_links":{"self":[{"href":"https:\/\/www.petervasara.hu\/2013\/index.php?rest_route=\/wp\/v2\/posts\/7980"}],"collection":[{"href":"https:\/\/www.petervasara.hu\/2013\/index.php?rest_route=\/wp\/v2\/posts"}],"about":[{"href":"https:\/\/www.petervasara.hu\/2013\/index.php?rest_route=\/wp\/v2\/types\/post"}],"author":[{"embeddable":true,"href":"https:\/\/www.petervasara.hu\/2013\/index.php?rest_route=\/wp\/v2\/users\/1"}],"replies":[{"embeddable":true,"href":"https:\/\/www.petervasara.hu\/2013\/index.php?rest_route=%2Fwp%2Fv2%2Fcomments&post=7980"}],"version-history":[{"count":4,"href":"https:\/\/www.petervasara.hu\/2013\/index.php?rest_route=\/wp\/v2\/posts\/7980\/revisions"}],"predecessor-version":[{"id":7985,"href":"https:\/\/www.petervasara.hu\/2013\/index.php?rest_route=\/wp\/v2\/posts\/7980\/revisions\/7985"}],"wp:featuredmedia":[{"embeddable":true,"href":"https:\/\/www.petervasara.hu\/2013\/index.php?rest_route=\/wp\/v2\/media\/7981"}],"wp:attachment":[{"href":"https:\/\/www.petervasara.hu\/2013\/index.php?rest_route=%2Fwp%2Fv2%2Fmedia&parent=7980"}],"wp:term":[{"taxonomy":"category","embeddable":true,"href":"https:\/\/www.petervasara.hu\/2013\/index.php?rest_route=%2Fwp%2Fv2%2Fcategories&post=7980"},{"taxonomy":"post_tag","embeddable":true,"href":"https:\/\/www.petervasara.hu\/2013\/index.php?rest_route=%2Fwp%2Fv2%2Ftags&post=7980"}],"curies":[{"name":"wp","href":"https:\/\/api.w.org\/{rel}","templated":true}]}}