{"id":7821,"date":"2016-07-19T13:24:17","date_gmt":"2016-07-19T11:24:17","guid":{"rendered":"http:\/\/www.petervasara.hu\/2013\/?p=7821"},"modified":"2016-08-18T14:31:16","modified_gmt":"2016-08-18T12:31:16","slug":"7821-2","status":"publish","type":"post","link":"https:\/\/www.petervasara.hu\/2013\/?p=7821","title":{"rendered":"Megh\u00edv\u00f3 &#8211; I. Erd\u00e9lyi \u00e9s Felvid\u00e9ki magyarok tal\u00e1lkoz\u00f3ja P\u00e9terv\u00e1s\u00e1r\u00e1n, II. T\u00e9r\u00fcnnep"},"content":{"rendered":"<h2 id=\"i-erdelyi-es-felvideki-magyarok-talalkozoja-petervasaran\" style=\"text-align: center;\">I. Erd\u00e9lyi \u00e9s Felvid\u00e9ki magyarok tal\u00e1lkoz\u00f3ja P\u00e9terv\u00e1s\u00e1r\u00e1n<\/h2>\n<h2 id=\"2016-julius-21-24-kozott\" style=\"text-align: center;\">2016. j\u00falius 21-24. k\u00f6z\u00f6tt<\/h2>\n<p>&nbsp;<\/p>\n<p><strong>Programsorozatunk c\u00e9lja: <\/strong>Magyarorsz\u00e1g hat\u00e1rain k\u00edv\u00fcl \u00e9l\u0151 magyars\u00e1g sz\u00fcl\u0151f\u00f6ldj\u00e9n val\u00f3 boldogul\u00e1s\u00e1nak, Magyarorsz\u00e1ggal val\u00f3 sokoldal\u00fa kapcsolatai \u00e1pol\u00e1s\u00e1nak \u00e9s fejleszt\u00e9s\u00e9nek el\u0151mozd\u00edt\u00e1sa, magyar nemzeti azonoss\u00e1gtudata meger\u0151s\u00edt\u00e9s\u00e9nek t\u00e1mogat\u00e1sa a testv\u00e9r-telep\u00fcl\u00e9si egy\u00fcttm\u0171k\u00f6d\u00e9sek er\u0151s\u00edt\u00e9se \u00fatj\u00e1n.<\/p>\n<p>P\u00e9terv\u00e1s\u00e1ra v\u00e1ros jelent\u0151s figyelmet szentel, a Magyarorsz\u00e1g hat\u00e1rain k\u00edv\u00fcl \u00e9l\u0151 magyars\u00e1gra, a magyar lakta telep\u00fcl\u00e9sek k\u00f6z\u00f6tti magyar-magyar kapcsolatok \u00e1pol\u00e1s\u00e1ra \u00e9s fejleszt\u00e9s\u00e9re. P\u00e9terv\u00e1s\u00e1ra V\u00e1ros \u00d6nkorm\u00e1nyzata m\u00e1r \u00e9vek \u00f3ta testv\u00e9rv\u00e1rosi kapcsolatot \u00e1pol az Erd\u00e9lyi Gyulakuta \u00e9s a Felvid\u00e9ki Feled telep\u00fcl\u00e9sekkel. A projekttel, a m\u00e1r megl\u00e9v\u0151 kapcsolatainkat szeretn\u00e9nk tov\u00e1bb m\u00e9ly\u00edteni, P\u00e9terv\u00e1s\u00e1ra v\u00e1ros lakosainak bevon\u00e1s\u00e1val.<\/p>\n<div id='gallery-1' class='gallery galleryid-7821 gallery-columns-3 gallery-size-thumbnail'><figure class='gallery-item'>\n\t\t\t<div class='gallery-icon portrait'>\n\t\t\t\t<a href='https:\/\/www.petervasara.hu\/2013\/wp-content\/uploads\/2016\/07\/plakat-I-kicsi.jpg'><img loading=\"lazy\" decoding=\"async\" width=\"150\" height=\"150\" src=\"https:\/\/www.petervasara.hu\/2013\/wp-content\/uploads\/2016\/07\/plakat-I-kicsi-150x150.jpg\" class=\"attachment-thumbnail size-thumbnail\" alt=\"\" srcset=\"https:\/\/www.petervasara.hu\/2013\/wp-content\/uploads\/2016\/07\/plakat-I-kicsi-150x150.jpg 150w, https:\/\/www.petervasara.hu\/2013\/wp-content\/uploads\/2016\/07\/plakat-I-kicsi-300x300.jpg 300w, https:\/\/www.petervasara.hu\/2013\/wp-content\/uploads\/2016\/07\/plakat-I-kicsi-100x100.jpg 100w, https:\/\/www.petervasara.hu\/2013\/wp-content\/uploads\/2016\/07\/plakat-I-kicsi-115x115.jpg 115w, https:\/\/www.petervasara.hu\/2013\/wp-content\/uploads\/2016\/07\/plakat-I-kicsi-480x480.jpg 480w, https:\/\/www.petervasara.hu\/2013\/wp-content\/uploads\/2016\/07\/plakat-I-kicsi-240x240.jpg 240w, https:\/\/www.petervasara.hu\/2013\/wp-content\/uploads\/2016\/07\/plakat-I-kicsi-180x180.jpg 180w, https:\/\/www.petervasara.hu\/2013\/wp-content\/uploads\/2016\/07\/plakat-I-kicsi-125x125.jpg 125w\" sizes=\"(max-width: 150px) 100vw, 150px\" \/><\/a>\n\t\t\t<\/div><\/figure>\n\t\t<\/div>\n\n<p>&nbsp;<\/p>\n<h2 id=\"varosunkban-iden-2016-julius-23-an-szombaton-kerul-sor-a\" style=\"text-align: center;\"><strong>V\u00e1rosunkban id\u00e9n, 2016. j\u00falius 23-\u00e1n (szombaton) ker\u00fcl sor a <\/strong><\/h2>\n<h2 id=\"ii-terunnep\" style=\"text-align: center;\"><span style=\"color: #3366ff;\"><strong>II. T\u00e9r\u00fcnnep <\/strong><\/span><\/h2>\n<h2 id=\"elnevezesu-varosi-nagyrendezvenyunkre\" style=\"text-align: center;\"><strong>elnevez\u00e9s\u00fc v\u00e1rosi nagyrendezv\u00e9ny\u00fcnkre.<\/strong><\/h2>\n<p style=\"text-align: center;\">A k\u00e9t \u00e9vvel ezel\u0151tti esem\u00e9nyhez hasonl\u00f3an igyekezt\u00fcnk<br \/>\nminden koroszt\u00e1lynak kedveskedni.<\/p>\n<p>A fell\u00e9p\u0151k k\u00f6z\u00f6tt \u00fcdv\u00f6z\u00f6lhetj\u00fck majd pl.: Tihanyi T\u00f3th Csab\u00e1t (a Bar\u00e1tok k\u00f6zt c\u00edm\u0171 sorozatb\u00f3l) \u00e9s Bogn\u00e1r Rit\u00e1t, KOV\u00c1CS KATIT, Domb\u00f3v\u00e1ri Istv\u00e1nt, SZIKORA R\u00d3BERTET \u00e9s AZ R-GO-T, de rajtuk k\u00edv\u00fcl m\u00e9g sz\u00e1mos fell\u00e9p\u0151 l\u00e9p sz\u00ednpadunkra.<\/p>\n<p style=\"text-align: center;\">V\u00e1rjuk szombaton \u00d6nt \u00e9s kedves csal\u00e1dj\u00e1t is, t\u00f6lts\u00fck meg a teret!<\/p>\n<p style=\"text-align: center;\">R\u00e9szletes programok:<\/p>\n<div id='gallery-2' class='gallery galleryid-7821 gallery-columns-2 gallery-size-medium'><figure class='gallery-item'>\n\t\t\t<div class='gallery-icon portrait'>\n\t\t\t\t<a href='https:\/\/www.petervasara.hu\/2013\/wp-content\/uploads\/2016\/07\/plakat.jpg'><img loading=\"lazy\" decoding=\"async\" width=\"212\" height=\"300\" src=\"https:\/\/www.petervasara.hu\/2013\/wp-content\/uploads\/2016\/07\/plakat-212x300.jpg\" class=\"attachment-medium size-medium\" alt=\"\" srcset=\"https:\/\/www.petervasara.hu\/2013\/wp-content\/uploads\/2016\/07\/plakat-212x300.jpg 212w, https:\/\/www.petervasara.hu\/2013\/wp-content\/uploads\/2016\/07\/plakat-600x850.jpg 600w, https:\/\/www.petervasara.hu\/2013\/wp-content\/uploads\/2016\/07\/plakat-768x1088.jpg 768w, https:\/\/www.petervasara.hu\/2013\/wp-content\/uploads\/2016\/07\/plakat-723x1024.jpg 723w, https:\/\/www.petervasara.hu\/2013\/wp-content\/uploads\/2016\/07\/plakat.jpg 2483w\" sizes=\"(max-width: 212px) 100vw, 212px\" \/><\/a>\n\t\t\t<\/div><\/figure><figure class='gallery-item'>\n\t\t\t<div class='gallery-icon portrait'>\n\t\t\t\t<a href='https:\/\/www.petervasara.hu\/2013\/wp-content\/uploads\/2016\/07\/sk\u00f3t-copy.jpg'><img loading=\"lazy\" decoding=\"async\" width=\"212\" height=\"300\" src=\"https:\/\/www.petervasara.hu\/2013\/wp-content\/uploads\/2016\/07\/sk\u00f3t-copy-212x300.jpg\" class=\"attachment-medium size-medium\" alt=\"\" srcset=\"https:\/\/www.petervasara.hu\/2013\/wp-content\/uploads\/2016\/07\/sk\u00f3t-copy-212x300.jpg 212w, https:\/\/www.petervasara.hu\/2013\/wp-content\/uploads\/2016\/07\/sk\u00f3t-copy-600x849.jpg 600w, https:\/\/www.petervasara.hu\/2013\/wp-content\/uploads\/2016\/07\/sk\u00f3t-copy-768x1086.jpg 768w, https:\/\/www.petervasara.hu\/2013\/wp-content\/uploads\/2016\/07\/sk\u00f3t-copy-724x1024.jpg 724w, https:\/\/www.petervasara.hu\/2013\/wp-content\/uploads\/2016\/07\/sk\u00f3t-copy.jpg 2480w\" sizes=\"(max-width: 212px) 100vw, 212px\" \/><\/a>\n\t\t\t<\/div><\/figure>\n\t\t<\/div>\n\n","protected":false},"excerpt":{"rendered":"I. Erd\u00e9lyi \u00e9s Felvid\u00e9ki magyarok tal\u00e1lkoz\u00f3ja P\u00e9terv\u00e1s\u00e1r\u00e1n 2016. j\u00falius 21-24. k\u00f6z\u00f6tt &nbsp; Programsorozatunk c\u00e9lja: Magyarorsz\u00e1g hat\u00e1rain k\u00edv\u00fcl \u00e9l\u0151&hellip;\n","protected":false},"author":7,"featured_media":7840,"comment_status":"closed","ping_status":"open","sticky":false,"template":"","format":"standard","meta":{"footnotes":""},"categories":[93],"tags":[87,60,86,94,62],"views":2791,"_links":{"self":[{"href":"https:\/\/www.petervasara.hu\/2013\/index.php?rest_route=\/wp\/v2\/posts\/7821"}],"collection":[{"href":"https:\/\/www.petervasara.hu\/2013\/index.php?rest_route=\/wp\/v2\/posts"}],"about":[{"href":"https:\/\/www.petervasara.hu\/2013\/index.php?rest_route=\/wp\/v2\/types\/post"}],"author":[{"embeddable":true,"href":"https:\/\/www.petervasara.hu\/2013\/index.php?rest_route=\/wp\/v2\/users\/7"}],"replies":[{"embeddable":true,"href":"https:\/\/www.petervasara.hu\/2013\/index.php?rest_route=%2Fwp%2Fv2%2Fcomments&post=7821"}],"version-history":[{"count":18,"href":"https:\/\/www.petervasara.hu\/2013\/index.php?rest_route=\/wp\/v2\/posts\/7821\/revisions"}],"predecessor-version":[{"id":7874,"href":"https:\/\/www.petervasara.hu\/2013\/index.php?rest_route=\/wp\/v2\/posts\/7821\/revisions\/7874"}],"wp:featuredmedia":[{"embeddable":true,"href":"https:\/\/www.petervasara.hu\/2013\/index.php?rest_route=\/wp\/v2\/media\/7840"}],"wp:attachment":[{"href":"https:\/\/www.petervasara.hu\/2013\/index.php?rest_route=%2Fwp%2Fv2%2Fmedia&parent=7821"}],"wp:term":[{"taxonomy":"category","embeddable":true,"href":"https:\/\/www.petervasara.hu\/2013\/index.php?rest_route=%2Fwp%2Fv2%2Fcategories&post=7821"},{"taxonomy":"post_tag","embeddable":true,"href":"https:\/\/www.petervasara.hu\/2013\/index.php?rest_route=%2Fwp%2Fv2%2Ftags&post=7821"}],"curies":[{"name":"wp","href":"https:\/\/api.w.org\/{rel}","templated":true}]}}