{"id":7666,"date":"2016-03-10T09:31:02","date_gmt":"2016-03-10T08:31:02","guid":{"rendered":"http:\/\/www.petervasara.hu\/2013\/?p=7666"},"modified":"2016-03-10T10:41:57","modified_gmt":"2016-03-10T09:41:57","slug":"meghivo-marcius-15-ei-unnepseg","status":"publish","type":"post","link":"https:\/\/www.petervasara.hu\/2013\/?p=7666","title":{"rendered":"Megh\u00edv\u00f3 &#8211; m\u00e1rcius 15-ei \u00fcnneps\u00e9g"},"content":{"rendered":"<p><strong>\u201e<\/strong><strong>Magyar vagyok. B\u00fcszk\u00e9n tekintek \u00e1t<br \/>\nA m\u00faltnak tenger\u00e9n, ahol szemem<br \/>\nEgekbe ny\u00fal\u00f3 k\u0151szikl\u00e1kat l\u00e1t,<br \/>\nNagy tetteidet, bajnok nemzetem.\u201d<\/strong><\/p>\n<p><strong>\u00a0\u00a0\u00a0\u00a0\u00a0\u00a0\u00a0\u00a0\u00a0\u00a0\u00a0\u00a0\u00a0\u00a0\u00a0\u00a0\u00a0\u00a0\u00a0\u00a0\u00a0\u00a0\u00a0\u00a0\u00a0\u00a0\u00a0\u00a0\u00a0\u00a0 \u00a0\u00a0\u00a0\u00a0\u00a0\u00a0\u00a0\u00a0\u00a0\u00a0\u00a0\u00a0\u00a0\u00a0\u00a0\u00a0\u00a0\u00a0\u00a0\u00a0\u00a0\/Pet\u0151fi S\u00e1ndor\/<\/strong><\/p>\n<p>&nbsp;<\/p>\n<p style=\"text-align: center;\">P\u00e9terv\u00e1s\u00e1ra V\u00e1ros \u00d6nkorm\u00e1nyzata \u00e9s a Sz\u00e1nt\u00f3 Vezek\u00e9nyi Istv\u00e1n M\u0171vel\u0151d\u00e9s H\u00e1za \u00e9s K\u00f6nyvt\u00e1r szeretettel megh\u00edvja \u00d6nt \u00e9s kedves Csal\u00e1dj\u00e1t<\/p>\n<p style=\"text-align: center;\"><strong>\u00a0<\/strong><strong>m\u00e1rcius 11-\u00e9n (p\u00e9nteken) 15.00 \u00f3r\u00e1t\u00f3l, <\/strong><strong>a Sz\u00e1nt\u00f3 Vezek\u00e9nyi Istv\u00e1n M\u0171vel\u0151d\u00e9s H\u00e1za nagyterm\u00e9ben tartand\u00f3, <\/strong><\/p>\n<p style=\"text-align: center;\"><strong>az 1848-49-es Forradalom \u00e9s Szabads\u00e1gharc\u00a0<\/strong><strong> \u00e9vfordul\u00f3j\u00e1nak <\/strong><\/p>\n<p style=\"text-align: center;\"><strong>tisztelet\u00e9re rendezett \u00fcnneps\u00e9g\u00e9re.<\/strong><\/p>\n<p>&nbsp;<\/p>\n<p><u>\u00dcnnepi program:<\/u><\/p>\n<p>&#8211; A P\u00e9terv\u00e1s\u00e1rai Napk\u00f6ziotthonos \u00d3voda \u00fcnnepi m\u0171sora<\/p>\n<p>&#8211; \u00dcnnepi besz\u00e9det mond: Eged Istv\u00e1n polg\u00e1rmester<\/p>\n<p>&#8211; A Tam\u00e1si \u00c1ron \u00c1ltal\u00e1nos Iskola \u201e\u00d6r\u00f6kk\u00e9 lobogjon!\u201d c\u00edm\u0171 irodalmi \u00f6ssze\u00e1ll\u00edt\u00e1sa<\/p>\n<p>&nbsp;<\/p>\n<p style=\"text-align: center;\"><strong>Szeretettel v\u00e1rjuk \u00fcnnepi megeml\u00e9kez\u00e9s\u00fcnkre!<\/strong><\/p>\n","protected":false},"excerpt":{"rendered":"\u201eMagyar vagyok. B\u00fcszk\u00e9n tekintek \u00e1t A m\u00faltnak tenger\u00e9n, ahol szemem Egekbe ny\u00fal\u00f3 k\u0151szikl\u00e1kat l\u00e1t, Nagy tetteidet, bajnok nemzetem.\u201d&hellip;\n","protected":false},"author":1,"featured_media":7667,"comment_status":"closed","ping_status":"open","sticky":false,"template":"","format":"standard","meta":{"footnotes":""},"categories":[2],"tags":[87,86,83],"views":1487,"_links":{"self":[{"href":"https:\/\/www.petervasara.hu\/2013\/index.php?rest_route=\/wp\/v2\/posts\/7666"}],"collection":[{"href":"https:\/\/www.petervasara.hu\/2013\/index.php?rest_route=\/wp\/v2\/posts"}],"about":[{"href":"https:\/\/www.petervasara.hu\/2013\/index.php?rest_route=\/wp\/v2\/types\/post"}],"author":[{"embeddable":true,"href":"https:\/\/www.petervasara.hu\/2013\/index.php?rest_route=\/wp\/v2\/users\/1"}],"replies":[{"embeddable":true,"href":"https:\/\/www.petervasara.hu\/2013\/index.php?rest_route=%2Fwp%2Fv2%2Fcomments&post=7666"}],"version-history":[{"count":2,"href":"https:\/\/www.petervasara.hu\/2013\/index.php?rest_route=\/wp\/v2\/posts\/7666\/revisions"}],"predecessor-version":[{"id":7669,"href":"https:\/\/www.petervasara.hu\/2013\/index.php?rest_route=\/wp\/v2\/posts\/7666\/revisions\/7669"}],"wp:featuredmedia":[{"embeddable":true,"href":"https:\/\/www.petervasara.hu\/2013\/index.php?rest_route=\/wp\/v2\/media\/7667"}],"wp:attachment":[{"href":"https:\/\/www.petervasara.hu\/2013\/index.php?rest_route=%2Fwp%2Fv2%2Fmedia&parent=7666"}],"wp:term":[{"taxonomy":"category","embeddable":true,"href":"https:\/\/www.petervasara.hu\/2013\/index.php?rest_route=%2Fwp%2Fv2%2Fcategories&post=7666"},{"taxonomy":"post_tag","embeddable":true,"href":"https:\/\/www.petervasara.hu\/2013\/index.php?rest_route=%2Fwp%2Fv2%2Ftags&post=7666"}],"curies":[{"name":"wp","href":"https:\/\/api.w.org\/{rel}","templated":true}]}}