{"id":7562,"date":"2015-11-02T09:07:03","date_gmt":"2015-11-02T08:07:03","guid":{"rendered":"http:\/\/www.petervasara.hu\/2013\/?p=7562"},"modified":"2015-11-02T10:14:23","modified_gmt":"2015-11-02T09:14:23","slug":"gazdaforum-petervasaran","status":"publish","type":"post","link":"https:\/\/www.petervasara.hu\/2013\/?p=7562","title":{"rendered":"Gazdaf\u00f3rum P\u00e9terv\u00e1s\u00e1r\u00e1n"},"content":{"rendered":"<blockquote><p>A Nemzeti Agr\u00e1rgazdas\u00e1gi Kamara megyei szervezete \u00e9s Igazgat\u00f3s\u00e1ga szervez\u00e9s\u00e9ben gazdaf\u00f3rum ker\u00fclt megrendez\u00e9sre, a t\u00e9rs\u00e9g mez\u0151gazdas\u00e1gi gazd\u00e1lkod\u00f3inak P\u00e9terv\u00e1s\u00e1r\u00e1n, melynek a helyi mez\u0151gazdas\u00e1gi szakiskola adott helyet.<\/p><\/blockquote>\n<p>Eged Istv\u00e1n polg\u00e1rmester h\u00e1zigazdak\u00e9nt k\u00f6sz\u00f6nt\u00f6tte a megjelenteket \u00e9s kiemelte: a t\u00e9rs\u00e9g gazdas\u00e1g\u00e1nak fontos szerepl\u0151i az agr\u00e1rv\u00e1llalkoz\u00f3k \u00e9s minden olyan rendezv\u00e9nyt t\u00e1mogatni kell, ami az \u0151 tev\u00e9kenys\u00e9g\u00fcket seg\u00edti. Ezut\u00e1n Jakab Tam\u00e1s a NAK Megyei Igazgat\u00f3s\u00e1g\u00e1nak Igazgat\u00f3ja t\u00e1j\u00e9koztat\u00f3t tartott a megyei agr\u00e1rgazdas\u00e1gi kamara szerep\u00e9r\u0151l \u00e9s tev\u00e9kenys\u00e9g\u00e9r\u0151l, az elm\u00falt id\u0151szak alatt elv\u00e9gzett feladatokr\u00f3l, valamint a j\u00f6v\u0151beni tervekr\u0151l. A k\u00f6vetkez\u0151 el\u0151ad\u00e1s\u00e1ban hangs\u00falyozta, hogy vid\u00e9k fejl\u0151d\u00e9s\u00e9nek a kulcsa a mez\u0151gazdas\u00e1g, ami a k\u00f6vetkez\u0151 \u00e9vekben nagy lehet\u0151s\u00e9gek el\u0151tt \u00e1ll. Az elk\u00f6vetkezend\u0151 \u00f6t \u00e9v sor\u00e1n 1300 milli\u00e1rd forint t\u00e1mogat\u00e1s \u00e1ll rendelkez\u00e9sre a Vid\u00e9kfejleszt\u00e9si Programban. A f\u00f3rumon Veres Csaba falugazd\u00e1sz adott t\u00e1j\u00e9koztat\u00e1st a k\u00f6zelj\u00f6v\u0151ben indul\u00f3 agr\u00e1r-k\u00f6rnyezetgazd\u00e1lkod\u00e1si t\u00e1mogat\u00e1sokr\u00f3l.<\/p>\n<p>Ezt k\u00f6vet\u0151en Ign\u00e1cz Bal\u00e1zs, a Mez\u0151gazdas\u00e1gi \u00e9s Vid\u00e9kfejleszt\u00e9si Hivatal kirendelts\u00e9g vezet\u0151je tartott el\u0151ad\u00e1st a 2015. \u00e9vi t\u00e1mogat\u00e1si tapasztalatokr\u00f3l, valamint a j\u00f6v\u0151beni gazd\u00e1lkod\u00e1st \u00e9rint\u0151 v\u00e1ltoz\u00e1sokr\u00f3l, lehet\u0151s\u00e9gekr\u0151l. A t\u00e1j\u00e9koztat\u00f3 k\u00f6vetkez\u0151 r\u00e9sz\u00e9ben az osztatlan k\u00f6z\u00f6s f\u00f6ldr\u00e9szletek megsz\u00fcntet\u00e9s\u00e9nek jelenlegi helyzet\u00e9r\u0151l \u00e9s menet\u00e9r\u0151l, valamint a F\u00f6ldet a gazd\u00e1knak! program keret\u00e9ben az egyes \u00e1llami f\u00f6ldter\u00fcletek \u00e1rver\u00e9sen t\u00f6rt\u00e9n\u0151 \u00e9rt\u00e9kes\u00edt\u00e9s\u00e9vel kapcsolatos tudnival\u00f3kat ismertette Kov\u00e1cs Mikl\u00f3sn\u00e9 oszt\u00e1lyvezet\u0151, az Egri J\u00e1r\u00e1si Hivatal F\u00f6ldhivatali Oszt\u00e1ly\u00e1r\u00f3l, tov\u00e1bb\u00e1 Bocsi Csaba a F\u00f6ldm\u0171vel\u00e9s\u00fcgyi \u00e9s Erd\u0151gazd\u00e1lkod\u00e1si F\u0151oszt\u00e1ly F\u0151oszt\u00e1lyvezet\u0151 helyettese.<\/p>\n<p>A rendezv\u00e9nyen megjelent gazd\u00e1lkod\u00f3k sz\u00e1m\u00e1ra az el\u0151ad\u00e1sok ut\u00e1n lehet\u0151s\u00e9g ny\u00edlt arra, hogy k\u00e9rd\u00e9seket tegyenek fel, melyet a program el\u0151ad\u00f3i \u00e9s a megh\u00edvott vend\u00e9gek v\u00e1laszoltak meg. Ezek ut\u00e1n k\u00f6tetlen besz\u00e9lget\u00e9ssel folytat\u00f3dott a gy\u0171l\u00e9s.<\/p>\n<p>&nbsp;<\/p>\n<p>&nbsp;<\/p>\n","protected":false},"excerpt":{"rendered":"A Nemzeti Agr\u00e1rgazdas\u00e1gi Kamara megyei szervezete \u00e9s Igazgat\u00f3s\u00e1ga szervez\u00e9s\u00e9ben gazdaf\u00f3rum ker\u00fclt megrendez\u00e9sre, a t\u00e9rs\u00e9g mez\u0151gazdas\u00e1gi gazd\u00e1lkod\u00f3inak P\u00e9terv\u00e1s\u00e1r\u00e1n, melynek&hellip;\n","protected":false},"author":1,"featured_media":7563,"comment_status":"closed","ping_status":"open","sticky":false,"template":"","format":"standard","meta":{"footnotes":""},"categories":[2],"tags":[82,50,60],"views":2433,"_links":{"self":[{"href":"https:\/\/www.petervasara.hu\/2013\/index.php?rest_route=\/wp\/v2\/posts\/7562"}],"collection":[{"href":"https:\/\/www.petervasara.hu\/2013\/index.php?rest_route=\/wp\/v2\/posts"}],"about":[{"href":"https:\/\/www.petervasara.hu\/2013\/index.php?rest_route=\/wp\/v2\/types\/post"}],"author":[{"embeddable":true,"href":"https:\/\/www.petervasara.hu\/2013\/index.php?rest_route=\/wp\/v2\/users\/1"}],"replies":[{"embeddable":true,"href":"https:\/\/www.petervasara.hu\/2013\/index.php?rest_route=%2Fwp%2Fv2%2Fcomments&post=7562"}],"version-history":[{"count":1,"href":"https:\/\/www.petervasara.hu\/2013\/index.php?rest_route=\/wp\/v2\/posts\/7562\/revisions"}],"predecessor-version":[{"id":7564,"href":"https:\/\/www.petervasara.hu\/2013\/index.php?rest_route=\/wp\/v2\/posts\/7562\/revisions\/7564"}],"wp:featuredmedia":[{"embeddable":true,"href":"https:\/\/www.petervasara.hu\/2013\/index.php?rest_route=\/wp\/v2\/media\/7563"}],"wp:attachment":[{"href":"https:\/\/www.petervasara.hu\/2013\/index.php?rest_route=%2Fwp%2Fv2%2Fmedia&parent=7562"}],"wp:term":[{"taxonomy":"category","embeddable":true,"href":"https:\/\/www.petervasara.hu\/2013\/index.php?rest_route=%2Fwp%2Fv2%2Fcategories&post=7562"},{"taxonomy":"post_tag","embeddable":true,"href":"https:\/\/www.petervasara.hu\/2013\/index.php?rest_route=%2Fwp%2Fv2%2Ftags&post=7562"}],"curies":[{"name":"wp","href":"https:\/\/api.w.org\/{rel}","templated":true}]}}