{"id":7558,"date":"2015-10-30T10:27:05","date_gmt":"2015-10-30T09:27:05","guid":{"rendered":"http:\/\/www.petervasara.hu\/2013\/?p=7558"},"modified":"2015-10-30T10:27:05","modified_gmt":"2015-10-30T09:27:05","slug":"peterkeiek-nyertek-a-kovacs-kati-dalversenyt","status":"publish","type":"post","link":"https:\/\/www.petervasara.hu\/2013\/?p=7558","title":{"rendered":"P\u00e9terkeiek nyert\u00e9k a Kov\u00e1cs Kati dalversenyt"},"content":{"rendered":"<p>Okt\u00f3ber 27-\u00e9n rendezt\u00e9k meg Egerben a Kov\u00e1cs Kati Egri Dalversenyt, melyen csaknem 230 fiatal l\u00e9pett sz\u00ednpadra az el\u0151zs\u0171riz\u00e9s ut\u00e1n a d\u00f6nt\u0151be ker\u00fclt 9 \u00e9nekegy\u00fcttes tagjak\u00e9nt. A Szab\u00f3 Attila Kossuth-d\u00edjas egri zen\u00e9sz eln\u00f6klet\u00e9vel t\u00e9nyked\u0151 zs\u0171ri igen neh\u00e9z helyzetbe ker\u00fclt: kiv\u00e1l\u00f3 hangszerel\u00e9s\u0171, sz\u00ednesebbn\u00e9l sz\u00ednesebb el\u0151ad\u00e1sokat hallhatott a fiatalokt\u00f3l, akiknek egy Kov\u00e1cs Kati feldolgoz\u00e1st, valamint egy szabadon v\u00e1lasztott dalt kellett el\u0151adniuk.<\/p>\n<p><strong>A versennyel Eger v\u00e1rosa Kov\u00e1cs Kati p\u00e1lyafut\u00e1s\u00e1nak 50. \u00e9vfordul\u00f3ja el\u0151tt tisztelgett. A dalversenyt \u00e9s az eredm\u00e9nyhirdet\u00e9st is megtisztelte jelenl\u00e9t\u00e9vel a Kossuth-d\u00edjas, Liszt-d\u00edjas m\u0171v\u00e9szn\u0151, Eger d\u00edszpolg\u00e1ra. Kov\u00e1cs Kati nem csup\u00e1n a gy\u0151ztes csapattal \u00e9nekelt egy\u00fctt a d\u00f6nt\u0151 est\u00e9j\u00e9n tartott jubileumi koncertj\u00e9n: volt, amikor 40 gyermekkel \u00e1llt egy sz\u00ednpadon \u00e9s \u00edgy adta el\u0151 az \u201eAdd m\u00e1r Uram az es\u0151t\u201d c\u00edm\u0171 sl\u00e1ger\u00e9t.<\/strong><\/p>\n<p><a href=\"http:\/\/www.petervasara.hu\/kozadat\/wp-content\/uploads\/2015\/10\/b1q1812.jpg\"><img loading=\"lazy\" decoding=\"async\" class=\"aligncenter wp-image-2208 size-full\" src=\"http:\/\/www.petervasara.hu\/kozadat\/wp-content\/uploads\/2015\/10\/b1q1812.jpg\" alt=\"b1q1812\" width=\"1010\" height=\"673\" \/><\/a><\/p>\n<p><strong>Az Egri Kov\u00e1cs Kati Dalverseny helyezettjei a zs\u0171ri pontsz\u00e1mai alapj\u00e1n:<\/strong><\/p>\n<ol>\n<li><strong><span style=\"color: #ff0000;\">P\u00e9terv\u00e1s\u00e1rai Tam\u00e1si \u00c1ron \u00c1ltal\u00e1nos Iskola (Hang a d\u00f3)<\/span><\/strong><\/li>\n<li>Fr\u00e1ter Gy\u00f6rgy Katolikus Gimn\u00e1zium, Miskolc (Fr\u00e1ter k\u00f3rus)<\/li>\n<li>Schneider Lajos Alapfok\u00fa M\u0171v\u00e9szeti Iskola, Moh\u00e1cs (SLAMI Trill\u00e1k)<\/li>\n<\/ol>\n<p><strong>A Megyei Jog\u00fa V\u00e1rosok Sz\u00f6vets\u00e9g\u00e9nek k\u00fcl\u00f6nd\u00edja a zs\u0171ri d\u00f6nt\u00e9se alapj\u00e1n:<\/strong><\/p>\n<p>Kardos Istv\u00e1n \u00c1ltal\u00e1nos Iskola \u00e9s Szakk\u00f6z\u00e9piskola, Szigetszentmikl\u00f3s<\/p>\n<p><strong>A legjobb egri csapat k\u00fcl\u00f6nd\u00edja a zs\u0171ri d\u00f6nt\u00e9se alapj\u00e1n:<\/strong><\/p>\n<p>LyroCanto \u00e9s a Rusted Chords zenekar, Eger<\/p>\n<p><strong>A d\u00edjak \u00e1tad\u00e1s\u00e1ban szerepet v\u00e1llal\u00f3 Kov\u00e1cs Kati megk\u00f6sz\u00f6nte a k\u00f3rusok munk\u00e1j\u00e1t \u00e9s a fiatalokat biztatva elmondta:<\/strong> r\u00e9gen kapott a r\u00f3la elnevezett Egri Dalversenyen tapasztaltakhoz hasonl\u00f3 \u00fcnnepl\u00e9st \u00e9s szeretetet.<\/p>\n<p>\u2013 \u201eH\u00e1l\u00e1s vagyok Eger v\u00e1ros\u00e1nak \u00e9s tan\u00e1raimnak az\u00e9rt, hogy meg\u00e9rtettek \u00e9s t\u00e1mogattak engem, s az\u00e9rt, hogy annak idej\u00e9n a \u201eKi mit tud\u201d-on elindulhattam. Ez a p\u00e1lya nem olyan egyenletes, mint amilyennek l\u00e1tszik, mert engem az els\u0151 \u201eKi mit tud\u201d-r\u00f3l eltan\u00e1csoltak, mondv\u00e1n, hogy ord\u00edtok. Azt\u00e1n k\u00e9s\u0151bb, amikor az els\u0151 Magyar T\u00e1ncdalfesztiv\u00e1lon nyertem, akkor azt mondt\u00e1k, hogy nagyon j\u00f3, hogy \u00edgy ord\u00edt, mert a nyak\u00e1n l\u00e9v\u0151 erek jelzik, hogy dolgozik \u00e9s \u00e9nekel. Nem \u00e1rt, ha az ember \u00e9nekelget otthon, nem baj, ha a szomsz\u00e9dok egy kicsit haragszanak, vagy ha a sz\u00fcl\u0151k neheztelnek \u2013 ezeken \u00e1t kell l\u00e9pni.<\/p>\n<p>Aki szereti a zen\u00e9t, annak ezt nem szabad feladnia, hiszen az \u00e9nekl\u00e9s, a zen\u00e9l\u00e9s, a sport mind-mind olyan er\u0151k, amik az embernek kedvet adnak az \u00e9lethez. Az \u00e9let nem mindig r\u00f3zsasz\u00edn\u0171, \u00e1m ha sokat \u00e9nekl\u00fcnk, zen\u00e9l\u00fcnk \u00e9s vannak bar\u00e1taink, akikkel k\u00f6z\u00f6sen lehet \u00e9nekelni, akkor sokkal k\u00f6nnyebb elviselni a neh\u00e9zs\u00e9geket, s a zene m\u00e9g a tanul\u00e1sban is sokat seg\u00edt a fiataloknak\u201d \u2013 fogalmazott az egri zenei legenda.<\/p>\n<p><strong>Szab\u00f3 Attila, a Cs\u00edk Zenekar tagja, a zs\u0171ri eln\u00f6ke az eredm\u00e9nyhirdet\u00e9skor hangs\u00falyozta: <\/strong>a sz\u00ednvonalas \u00e9s kedves, \u00e1m sokr\u00e9t\u0171 m\u0171faj\u00fa produkci\u00f3kat a megfelel\u0151 szempontok \u00e9rt\u00e9kel\u00e9se mellett is nagyon neh\u00e9z volt \u00f6sszehasonl\u00edtani. A v\u00e9geredm\u00e9ny az \u00f6t zs\u0171ritag, mint test\u00fclet \u00f6sszes\u00edtett pontsz\u00e1mait mutatja. Kiemelte: k\u00fcl\u00f6n\u00f6sen sz\u00e9p \u00e9lm\u00e9ny volt Egerben, Kov\u00e1cs Kati v\u00e1ros\u00e1ban hallani az Egerben feln\u0151tt \u00e9s vil\u00e1gszerte ismertt\u00e9 v\u00e1lt \u00e9nekesn\u0151 dalainak k\u00fcl\u00f6nb\u00f6z\u0151 feldolgoz\u00e1sait.<\/p>\n<p><em>(A zs\u0171ri munk\u00e1j\u00e1ban Szab\u00f3 Attila mellett Schmiedmeiszter Szilvia karnagy, az Egri \u00c9rseki Fi\u00fak\u00f3rus vezet\u0151je; Dr. Nagy Zolt\u00e1n PhD, az Eszterh\u00e1zy K\u00e1roly F\u0151iskola docense, a G\u00e1rdonyi G\u00e9za Sz\u00ednh\u00e1z karnagya; Feh\u00e9r Zsombor, a Fonogram-d\u00edjas egri Kerekes Band frontembere \u00e9s Szab\u00f3 L\u00e1szl\u00f3, kommunik\u00e1ci\u00f3s szakember, a Magyar Te\u00e1trumi T\u00e1rsas\u00e1g titk\u00e1ra vett r\u00e9szt.)<\/em><\/p>\n<p><strong>Habis L\u00e1szl\u00f3, Eger polg\u00e1rmestere a dalverseny zs\u00fafol\u00e1sig megtelt helysz\u00edn\u00e9n k\u00f6sz\u00f6nt\u00f6tte a p\u00e1lyafut\u00e1sa kezdet\u00e9nek 50. \u00e9vfordul\u00f3j\u00e1t, s a napokban sz\u00fclet\u00e9snapj\u00e1t is \u00fcnnepl\u0151 Kov\u00e1cs Katit. <\/strong>Elmondta: Eger b\u00fcszke arra, hogy Kati itt t\u00f6lt\u00f6tte az \u00e9lete tal\u00e1n legmeghat\u00e1roz\u00f3bb id\u0151szak\u00e1t, az els\u0151 20 \u00e9v\u00e9t, itt v\u00e9gezte iskol\u00e1it, melyekhez els\u0151 zenei sz\u00e1rnypr\u00f3b\u00e1lgat\u00e1sai is k\u00f6thet\u0151k. A kerek \u00e9vfordul\u00f3 mellett innen j\u00f6tt a dalverseny \u00f6tlete is, ez\u00e9rt sz\u00f3l\u00edtotta meg Eger \u00d6nkorm\u00e1nyzata a 2015-\u00f6s \u00e9vben az orsz\u00e1g iskolai \u00e9nekegy\u00fctteseit, hogy dolgozzanak fel Kov\u00e1cs Kati dalokat. A polg\u00e1rmester hozz\u00e1tette: b\u00fcszk\u00e9k vagyunk arra, hogy a hazai \u00e9s nemzetk\u00f6zi szinten legismertebb magyar \u00e9nekesn\u0151 a mi\u00e9nk, s hogy Kov\u00e1cs Kati az elm\u00falt \u00e9vtizedek sor\u00e1n \u2013 a maga b\u00fcszk\u00e9n v\u00e1llalt egris\u00e9g\u00e9vel \u2013 nagyban emelte Eger h\u00edrnev\u00e9t \u00e9s rangj\u00e1t is. Ennek a kiemelked\u0151 munk\u00e1ss\u00e1gnak az elismer\u00e9sek\u00e9nt r\u00e9szes\u00fclt 2013-ban az \u201eEger D\u00edszpolg\u00e1ra\u201d kit\u00fcntet\u00e9sben.<\/p>\n<p>Habis L\u00e1szl\u00f3 \u00fagy fogalmazott: \u00fagy t\u0171nik, egy v\u00e1ros a d\u00edszpolg\u00e1ri c\u00edmn\u00e9l nem adhat t\u00f6bbet egy ide tartoz\u00f3 polg\u00e1rnak. Eger azonban k\u00fcl\u00f6nleges v\u00e1ros, \u00edgy valami m\u00e9gis van, amivel m\u00e9lt\u00f3 m\u00f3don elismerhetj\u00fck Kov\u00e1cs Kati teljes\u00edtm\u00e9ny\u00e9t, Eger sz\u00e1m\u00e1ra is fontos sikereit, legend\u00e1s p\u00e1lyafut\u00e1s\u00e1t. A v\u00e1rosvezet\u0151 Dob\u00f3 Istv\u00e1n v\u00e1rkapit\u00e1ny kardj\u00e1nak m\u00e1solat\u00e1t ny\u00fajtotta \u00e1t Kov\u00e1cs Katinak, mely relikvia a v\u00e9gv\u00e1ri h\u0151s\u00f6k dics\u0151s\u00e9g\u00e9t, a vit\u00e9zi helyt\u00e1ll\u00e1st, az Eger\u00e9rt v\u00e9gzett nagy tettek elismer\u00e9s\u00e9nek m\u00e9lt\u00f3 jelk\u00e9pe. A kardot, melybe az Egri csillagokb\u00f3l j\u00f3l ismert, \u201ea falak ereje nem a k\u0151ben van\u201d \u2013 jelmondatot v\u00e9st\u00e9k, a m\u0171v\u00e9szn\u0151 felaj\u00e1nlotta a dalversenyen gy\u0151ztes \u00e9nekegy\u00fcttesnek, hiszen \u2013 mint fogalmazott \u2013 \u201eegy iskol\u00e1ban sokkal t\u00f6bben l\u00e1tj\u00e1k ezt a gy\u00f6ny\u00f6r\u0171 kardot, mint az \u00e9n nappalimban\u201d.<\/p>\n<p>Kov\u00e1cs Kati a dalverseny est\u00e9j\u00e9n \u2013 a 230 versenyz\u0151 fiatal r\u00e9szv\u00e9tele mellett \u2013 telth\u00e1zas jubileumi koncertet adott Egerben, ahol a k\u00f6z\u00f6ns\u00e9g nem csak azt hallhatta, hogy az Egerb\u0151l indult m\u0171v\u00e9sz m\u00e9g mindig csod\u00e1latosan \u00e9nekel, hanem arr\u00f3l is meggy\u0151z\u0151dhetett mindenki, hogy Katinak izgalmas \u00e9s kiv\u00e1l\u00f3 humora van.<\/p>\n<p><a href=\"http:\/\/www.egrinapok.hu\/2015\/10\/29\/petervasara-miskolc-es-mohacs-az-elso-harom-a-kovacs-kati-egri-dalversenyen\/\" target=\"_blank\">via egrinapok.hu<\/a><\/p>\n<p><a href=\"http:\/\/www.petervasara.hu\/2013\/wp-content\/uploads\/2015\/10\/b1q1814.jpg\"><img loading=\"lazy\" decoding=\"async\" class=\"aligncenter size-full wp-image-7559\" src=\"http:\/\/www.petervasara.hu\/2013\/wp-content\/uploads\/2015\/10\/b1q1814.jpg\" alt=\"b1q1814\" width=\"1010\" height=\"673\" srcset=\"https:\/\/www.petervasara.hu\/2013\/wp-content\/uploads\/2015\/10\/b1q1814.jpg 1010w, https:\/\/www.petervasara.hu\/2013\/wp-content\/uploads\/2015\/10\/b1q1814-600x400.jpg 600w, https:\/\/www.petervasara.hu\/2013\/wp-content\/uploads\/2015\/10\/b1q1814-300x200.jpg 300w\" sizes=\"(max-width: 1010px) 100vw, 1010px\" \/><\/a><\/p>\n<p>&nbsp;<\/p>\n","protected":false},"excerpt":{"rendered":"Okt\u00f3ber 27-\u00e9n rendezt\u00e9k meg Egerben a Kov\u00e1cs Kati Egri Dalversenyt, melyen csaknem 230 fiatal l\u00e9pett sz\u00ednpadra az el\u0151zs\u0171riz\u00e9s&hellip;\n","protected":false},"author":1,"featured_media":7560,"comment_status":"closed","ping_status":"open","sticky":false,"template":"","format":"standard","meta":{"footnotes":""},"categories":[2],"tags":[82,58,42],"views":2055,"_links":{"self":[{"href":"https:\/\/www.petervasara.hu\/2013\/index.php?rest_route=\/wp\/v2\/posts\/7558"}],"collection":[{"href":"https:\/\/www.petervasara.hu\/2013\/index.php?rest_route=\/wp\/v2\/posts"}],"about":[{"href":"https:\/\/www.petervasara.hu\/2013\/index.php?rest_route=\/wp\/v2\/types\/post"}],"author":[{"embeddable":true,"href":"https:\/\/www.petervasara.hu\/2013\/index.php?rest_route=\/wp\/v2\/users\/1"}],"replies":[{"embeddable":true,"href":"https:\/\/www.petervasara.hu\/2013\/index.php?rest_route=%2Fwp%2Fv2%2Fcomments&post=7558"}],"version-history":[{"count":1,"href":"https:\/\/www.petervasara.hu\/2013\/index.php?rest_route=\/wp\/v2\/posts\/7558\/revisions"}],"predecessor-version":[{"id":7561,"href":"https:\/\/www.petervasara.hu\/2013\/index.php?rest_route=\/wp\/v2\/posts\/7558\/revisions\/7561"}],"wp:featuredmedia":[{"embeddable":true,"href":"https:\/\/www.petervasara.hu\/2013\/index.php?rest_route=\/wp\/v2\/media\/7560"}],"wp:attachment":[{"href":"https:\/\/www.petervasara.hu\/2013\/index.php?rest_route=%2Fwp%2Fv2%2Fmedia&parent=7558"}],"wp:term":[{"taxonomy":"category","embeddable":true,"href":"https:\/\/www.petervasara.hu\/2013\/index.php?rest_route=%2Fwp%2Fv2%2Fcategories&post=7558"},{"taxonomy":"post_tag","embeddable":true,"href":"https:\/\/www.petervasara.hu\/2013\/index.php?rest_route=%2Fwp%2Fv2%2Ftags&post=7558"}],"curies":[{"name":"wp","href":"https:\/\/api.w.org\/{rel}","templated":true}]}}