{"id":7534,"date":"2015-10-22T12:49:15","date_gmt":"2015-10-22T10:49:15","guid":{"rendered":"http:\/\/www.petervasara.hu\/2013\/?p=7534"},"modified":"2015-10-22T12:59:00","modified_gmt":"2015-10-22T10:59:00","slug":"uj-kozossegi-kozpont-letesult-petervasaran","status":"publish","type":"post","link":"https:\/\/www.petervasara.hu\/2013\/?p=7534","title":{"rendered":"\u00daj K\u00f6z\u00f6ss\u00e9gi K\u00f6zpont l\u00e9tes\u00fclt P\u00e9terv\u00e1s\u00e1r\u00e1n"},"content":{"rendered":"<p>&nbsp;<\/p>\n<blockquote><p><strong>2015. okt\u00f3ber 15-\u00e9n, \u00fcnnep\u00e9lyes keretek k\u00f6z\u00f6tt tartott\u00e1k a p\u00e9terv\u00e1s\u00e1rai K\u00f6z\u00f6ss\u00e9gi K\u00f6zpont nyit\u00f3rendezv\u00e9ny\u00e9t. Az esem\u00e9nyen besz\u00e9det mondott t\u00f6bbek k\u00f6z\u00f6tt Langern\u00e9 Victor Katalin, az EMMI t\u00e1rsadalmi felz\u00e1rk\u00f3z\u00e1s\u00e9rt felel\u0151s helyettes \u00e1llamtitk\u00e1ra, Eged Istv\u00e1n P\u00e9terv\u00e1s\u00e1ra polg\u00e1rmestere, valamint a TIOP-3.2.3-12\/1-2013-0001 projekt szakmai vezet\u0151je, Dr. Sin\u00f3ros-Szab\u00f3 Botond \u00e9s Kov\u00e1cs G\u00e1bor, a TKKI k\u00e9pvisel\u0151je.\u00a0<\/strong><\/p><\/blockquote>\n<p>A p\u00e9terv\u00e1s\u00e1rai K\u00f6zpont az egyike annak a 17 helysz\u00ednnek, amely a TIOP-3.2.3-12\/1-2013-0001 projekt keret\u00e9ben \u00e9p\u00fclt \u00faj Innov\u00e1ci\u00f3s, Oktat\u00e1si- \u00e9s K\u00f6z\u00f6ss\u00e9gi K\u00f6zpontnak ad helyet. Az Eur\u00f3pai Uni\u00f3s t\u00e1mogat\u00e1sb\u00f3l \u00e9p\u00edtett K\u00f6zpontok, \u00e9s az \u00e1ltaluk ny\u00fajtott szolg\u00e1ltat\u00e1sok az iskol\u00e1zatlans\u00e1g, valamint a k\u00e9pzetts\u00e9gek hi\u00e1ny\u00e1b\u00f3l ad\u00f3d\u00f3 munkan\u00e9lk\u00fclis\u00e9g cs\u00f6kkent\u00e9s\u00e9t k\u00edv\u00e1nj\u00e1k szolg\u00e1lni. A program hozz\u00e1j\u00e1rul a Magyar Nemzeti T\u00e1rsadalmi Felz\u00e1rk\u00f3z\u00e1si Strat\u00e9gia c\u00e9ljainak megval\u00f3sul\u00e1s\u00e1hoz.<\/p>\n<p>A K\u00f6z\u00f6ss\u00e9gi K\u00f6zpont sz\u00e9khely\u00e9nek sz\u00e1nt \u00e9p\u00fcletet a p\u00e9terv\u00e1s\u00e1rai Keglevich-kast\u00e9ly m\u0171eml\u00e9k \u00e9p\u00fclet\u00e9nek gazdas\u00e1gi kiszolg\u00e1l\u00f3 sz\u00e1rny\u00e1ban alak\u00edtott\u00e1k ki, mely a v\u00e1ros sz\u00e9l\u00e9n van, \u00e9s jelenleg nem haszn\u00e1lj\u00e1k. A fel\u00faj\u00edt\u00e1si munk\u00e1latok hamarosan befejez\u0151dnek, az \u00faj K\u00f6z\u00f6ss\u00e9gi K\u00f6zpont az \u00e9v v\u00e9g\u00e9n megkezdheti m\u0171k\u00f6d\u00e9s\u00e9t.<\/p>\n<p>Az \u00fcnnep\u00e9lyes sajt\u00f3 nyilv\u00e1nos esem\u00e9nyen Langern\u00e9 Victor Katalin, az EMMI t\u00e1rsadalmi felz\u00e1rk\u00f3z\u00e1s\u00e9rt felel\u0151s helyettes \u00e1llamtitk\u00e1ra hangs\u00falyozta, hogy az \u00fajonnan l\u00e9tes\u00fclt K\u00f6z\u00f6ss\u00e9gi K\u00f6zpont a t\u00e9rs\u00e9gben k\u00e9pzettebb munkaer\u0151t eredm\u00e9nyez majd, \u00edgy \u201eaz emberek k\u00e9zbe vehetik saj\u00e1t sorsuk ir\u00e1ny\u00edt\u00e1s\u00e1t\u201d. Ezzel a l\u00e9tes\u00edtm\u00e9ny a t\u00e1rsadalmi felz\u00e1rk\u00f3z\u00e1si program \u00fajabb fontos l\u00e1ncszeme lesz. Eged Istv\u00e1n polg\u00e1rmester rem\u00e9ny\u00e9t fejezte ki, hogy az \u00faj K\u00f6z\u00f6ss\u00e9gi K\u00f6zpontban zajl\u00f3 k\u00e9pz\u00e9sek szeml\u00e9letv\u00e1ltoz\u00e1st jelentenek majd a helyiek \u00e9s a civil szervezetek sz\u00e1m\u00e1ra, s a K\u00f6zpont val\u00f3ban \u201ebefektet\u00e9s lesz a j\u00f6v\u0151be.\u201d<\/p>\n<p>A megval\u00f3s\u00edt\u00e1s\u00e9rt felel\u0151s TKKI r\u00e9sz\u00e9r\u0151l Dr. Sin\u00f3ros-Szab\u00f3 Botond bemutatta a kiemelt \u00e1llami projekt h\u00e1tter\u00e9t. A szakmai vezet\u0151 elmondta, hogy a helysz\u00ednek kiv\u00e1laszt\u00e1s\u00e1t komoly el\u0151k\u00e9sz\u00edt\u00e9s el\u0151zte meg, egy\u00fattal hangs\u00falyozta az \u00e9rintett szervezetek (TKKI, \u00f6nkorm\u00e1nyzat, helyi v\u00e1llalkoz\u00e1sok \u00e9s civil szervezetek) szoros egy\u00fcttm\u0171k\u00f6d\u00e9s\u00e9nek fontoss\u00e1g\u00e1t is. A rendezv\u00e9ny z\u00e1r\u00e1sak\u00e9nt a polg\u00e1rmester \u00fcnnep\u00e9lyesen \u00e1tadta az \u00fajonnan avatott \u00e9p\u00fclet szimbolikus kulcs\u00e1t a TKKI k\u00e9pvisel\u0151j\u00e9nek, Kov\u00e1cs G\u00e1bornak, aki szerint a k\u00e9pz\u00e9sek elindul\u00e1s\u00e1val v\u00e1lik majd az egy\u00fcttm\u0171k\u00f6d\u00e9s\u00fck igaz\u00e1n szoross\u00e1.<\/p>\n<p><span style=\"color: #ff0000;\"><strong><a href=\"https:\/\/picasaweb.google.com\/110835463042576455105\/UjKozossegiKozpontLetesultPetervasaran\" target=\"_blank\">Gal\u00e9ria az esem\u00e9nyr\u0151l &gt;<\/a><\/strong><\/span><\/p>\n","protected":false},"excerpt":{"rendered":"&nbsp; 2015. okt\u00f3ber 15-\u00e9n, \u00fcnnep\u00e9lyes keretek k\u00f6z\u00f6tt tartott\u00e1k a p\u00e9terv\u00e1s\u00e1rai K\u00f6z\u00f6ss\u00e9gi K\u00f6zpont nyit\u00f3rendezv\u00e9ny\u00e9t. Az esem\u00e9nyen besz\u00e9det mondott t\u00f6bbek&hellip;\n","protected":false},"author":1,"featured_media":7537,"comment_status":"closed","ping_status":"open","sticky":false,"template":"","format":"standard","meta":{"footnotes":""},"categories":[2],"tags":[82,50,81,60,86],"views":2216,"_links":{"self":[{"href":"https:\/\/www.petervasara.hu\/2013\/index.php?rest_route=\/wp\/v2\/posts\/7534"}],"collection":[{"href":"https:\/\/www.petervasara.hu\/2013\/index.php?rest_route=\/wp\/v2\/posts"}],"about":[{"href":"https:\/\/www.petervasara.hu\/2013\/index.php?rest_route=\/wp\/v2\/types\/post"}],"author":[{"embeddable":true,"href":"https:\/\/www.petervasara.hu\/2013\/index.php?rest_route=\/wp\/v2\/users\/1"}],"replies":[{"embeddable":true,"href":"https:\/\/www.petervasara.hu\/2013\/index.php?rest_route=%2Fwp%2Fv2%2Fcomments&post=7534"}],"version-history":[{"count":4,"href":"https:\/\/www.petervasara.hu\/2013\/index.php?rest_route=\/wp\/v2\/posts\/7534\/revisions"}],"predecessor-version":[{"id":7540,"href":"https:\/\/www.petervasara.hu\/2013\/index.php?rest_route=\/wp\/v2\/posts\/7534\/revisions\/7540"}],"wp:featuredmedia":[{"embeddable":true,"href":"https:\/\/www.petervasara.hu\/2013\/index.php?rest_route=\/wp\/v2\/media\/7537"}],"wp:attachment":[{"href":"https:\/\/www.petervasara.hu\/2013\/index.php?rest_route=%2Fwp%2Fv2%2Fmedia&parent=7534"}],"wp:term":[{"taxonomy":"category","embeddable":true,"href":"https:\/\/www.petervasara.hu\/2013\/index.php?rest_route=%2Fwp%2Fv2%2Fcategories&post=7534"},{"taxonomy":"post_tag","embeddable":true,"href":"https:\/\/www.petervasara.hu\/2013\/index.php?rest_route=%2Fwp%2Fv2%2Ftags&post=7534"}],"curies":[{"name":"wp","href":"https:\/\/api.w.org\/{rel}","templated":true}]}}