{"id":7530,"date":"2015-10-20T09:54:47","date_gmt":"2015-10-20T07:54:47","guid":{"rendered":"http:\/\/www.petervasara.hu\/2013\/?p=7530"},"modified":"2015-10-22T09:56:42","modified_gmt":"2015-10-22T07:56:42","slug":"bunmegelozesi-hirlevel-2015-oktober","status":"publish","type":"post","link":"https:\/\/www.petervasara.hu\/2013\/?p=7530","title":{"rendered":"B\u00fcnmegel\u00f6z\u00e9si H\u00edrlev\u00e9l &#8211; 2015. okt\u00f3ber"},"content":{"rendered":"<p>K\u00f6zeleg Mindenszentek \u00e9s a Halottak napja, amikor a temet\u0151kben felkeress\u00fck elhunyt szeretteink s\u00edrjait.<\/p>\n<p>A k\u00e9sz\u00fcl\u0151d\u00e9s m\u00e1r okt\u00f3ber m\u00e1sodik fel\u00e9ben elkezd\u0151dik, a piacok zs\u00fafol\u00e1sig megtelnek a koszor\u00fa \u00e9s vir\u00e1g\u00e1rusokkal, port\u00e9k\u00e1ikt\u00f3l \u00e9s a vev\u0151kt\u0151l szinte l\u00e9pni sem lehet. Azt\u00e1n ahogy k\u00f6zeledik november 1-e, egyre t\u00f6bben lesznek a temet\u0151kben, a temet\u0151k k\u00f6rny\u00e9k\u00e9n pedig megt\u00f6bbsz\u00f6r\u00f6z\u0151dik a parkol\u00f3 g\u00e9pkocsik sz\u00e1ma.<\/p>\n<p>Sajnos ebben a ny\u00fczsg\u00e9sben nem mindenkinek a megeml\u00e9kez\u00e9sen \u00e9s a Halottak napj\u00e1ra t\u00f6rt\u00e9n\u0151 k\u00e9sz\u00fcl\u0151d\u00e9sen j\u00e1r az esze, kiv\u00e1l\u00f3 alkalom ez a zsebtolvajok r\u00e9sz\u00e9re (a piacon, a helyi buszokon \u00e9s a temet\u0151ben is).<\/p>\n<p>K\u00e9rj\u00fck fokozottan \u00fcgyeljenek arra, hogy<\/p>\n<ul>\n<li>p\u00e9nz\u00fcket, irataikat kab\u00e1tjuk, t\u00e1sk\u00e1juk bels\u0151 zseb\u00e9ben, vagy egy\u00e9b, m\u00e1sok sz\u00e1m\u00e1ra nehezen hozz\u00e1f\u00e9rhet\u0151 helyen tarts\u00e1k!<\/li>\n<li>a bankk\u00e1rty\u00e1jukat ne t\u00e1rolj\u00e1k egy\u00fctt a PIN k\u00f3ddal<\/li>\n<li>figyeljenek a csomagjaikra!<\/li>\n<\/ul>\n<p>Miel\u0151tt felkeresn\u00e9k szeretteik s\u00edrjait, gy\u0151z\u0151djenek meg arr\u00f3l, hogy g\u00e9pj\u00e1rm\u0171v\u00fcket, ker\u00e9kp\u00e1rjukat gondosan lez\u00e1rt\u00e1k!<\/p>\n<p>\u00c9rt\u00e9ket ne hagyjanak az aut\u00f3ban (ha musz\u00e1j, akkor legal\u00e1bb a csomagtart\u00f3ban), \u00e9s lehet\u0151leg a kijel\u00f6lt, \u0151rz\u00f6tt, kivil\u00e1g\u00edtott parkol\u00f3kat vegy\u00e9k ig\u00e9nybe.<\/p>\n<p>&nbsp;<\/p>\n","protected":false},"excerpt":{"rendered":"K\u00f6zeleg Mindenszentek \u00e9s a Halottak napja, amikor a temet\u0151kben felkeress\u00fck elhunyt szeretteink s\u00edrjait. A k\u00e9sz\u00fcl\u0151d\u00e9s m\u00e1r okt\u00f3ber m\u00e1sodik&hellip;\n","protected":false},"author":1,"featured_media":7531,"comment_status":"closed","ping_status":"open","sticky":false,"template":"","format":"standard","meta":{"footnotes":""},"categories":[71],"tags":[],"views":2055,"_links":{"self":[{"href":"https:\/\/www.petervasara.hu\/2013\/index.php?rest_route=\/wp\/v2\/posts\/7530"}],"collection":[{"href":"https:\/\/www.petervasara.hu\/2013\/index.php?rest_route=\/wp\/v2\/posts"}],"about":[{"href":"https:\/\/www.petervasara.hu\/2013\/index.php?rest_route=\/wp\/v2\/types\/post"}],"author":[{"embeddable":true,"href":"https:\/\/www.petervasara.hu\/2013\/index.php?rest_route=\/wp\/v2\/users\/1"}],"replies":[{"embeddable":true,"href":"https:\/\/www.petervasara.hu\/2013\/index.php?rest_route=%2Fwp%2Fv2%2Fcomments&post=7530"}],"version-history":[{"count":2,"href":"https:\/\/www.petervasara.hu\/2013\/index.php?rest_route=\/wp\/v2\/posts\/7530\/revisions"}],"predecessor-version":[{"id":7533,"href":"https:\/\/www.petervasara.hu\/2013\/index.php?rest_route=\/wp\/v2\/posts\/7530\/revisions\/7533"}],"wp:featuredmedia":[{"embeddable":true,"href":"https:\/\/www.petervasara.hu\/2013\/index.php?rest_route=\/wp\/v2\/media\/7531"}],"wp:attachment":[{"href":"https:\/\/www.petervasara.hu\/2013\/index.php?rest_route=%2Fwp%2Fv2%2Fmedia&parent=7530"}],"wp:term":[{"taxonomy":"category","embeddable":true,"href":"https:\/\/www.petervasara.hu\/2013\/index.php?rest_route=%2Fwp%2Fv2%2Fcategories&post=7530"},{"taxonomy":"post_tag","embeddable":true,"href":"https:\/\/www.petervasara.hu\/2013\/index.php?rest_route=%2Fwp%2Fv2%2Ftags&post=7530"}],"curies":[{"name":"wp","href":"https:\/\/api.w.org\/{rel}","templated":true}]}}