{"id":7520,"date":"2015-10-21T09:05:41","date_gmt":"2015-10-21T07:05:41","guid":{"rendered":"http:\/\/www.petervasara.hu\/2013\/?p=7520"},"modified":"2015-10-22T09:57:09","modified_gmt":"2015-10-22T07:57:09","slug":"meghivo-oktober-23-ai-unnepseg","status":"publish","type":"post","link":"https:\/\/www.petervasara.hu\/2013\/?p=7520","title":{"rendered":"Megh\u00edv\u00f3 &#8211; okt\u00f3ber 23-ai \u00fcnneps\u00e9g"},"content":{"rendered":"<p style=\"text-align: center;\">P\u00e9terv\u00e1s\u00e1ra V\u00e1ros \u00d6nkorm\u00e1nyzata \u00e9s a Sz\u00e1nt\u00f3 Vezek\u00e9nyi Istv\u00e1n M\u0171vel\u0151d\u00e9s H\u00e1za \u00e9s K\u00f6nyvt\u00e1r\u00a0 szeretettel megh\u00edvja \u00d6nt \u00e9s kedves Csal\u00e1dj\u00e1t<\/p>\n<p style=\"text-align: center;\"><strong>2015. okt\u00f3ber 22-\u00e9n (cs\u00fct\u00f6rt\u00f6k\u00f6n) 16.30 \u00f3r\u00e1t\u00f3l,<\/strong><br \/>\na Sz\u00e1nt\u00f3 Vezek\u00e9nyi Istv\u00e1n M\u0171vel\u0151d\u00e9s H\u00e1za nagyterm\u00e9ben tartand\u00f3,<\/p>\n<p style=\"text-align: center;\">az 1956-os Forradalom \u00e9s Szabads\u00e1gharc<br \/>\n59. \u00e9vfordul\u00f3ja alkalm\u00e1b\u00f3l<br \/>\nrendezett \u00fcnneps\u00e9g\u00e9re.<\/p>\n<blockquote>\n<p style=\"text-align: center;\">\u00dcNNEPI PROGRAM:<\/p>\n<p style=\"text-align: center;\">&#8211;\u00a0\u00a0 \u00a0Eged Istv\u00e1n polg\u00e1rmester \u00far \u00fcnnepi besz\u00e9de<br \/>\n&#8211;\u00a0\u00a0 \u00a0A Tam\u00e1si \u00c1ron \u00c1ltal\u00e1nos Iskola di\u00e1kjainak \u00fcnnepi m\u0171sora<br \/>\n&#8211;\u00a0\u00a0 \u00a0Kit\u00fcntet\u00e9sek \u00e1tad\u00e1sa<\/p>\n<\/blockquote>\n<p style=\"text-align: center;\"><strong>Eml\u00e9kezz\u00fcnk egy\u00fctt!<\/strong><\/p>\n<p style=\"text-align: right;\"><em>\u201eMennyb\u0151l az angyal menj sietve<\/em><br \/>\n<em>Az \u00fcszk\u00f6s, fagyos Budapestre.<\/em><br \/>\n<em>Oda, ahol az orosz tankok<\/em><br \/>\n<em>K\u00f6z\u00f6tt hallgatnak a harangok.<\/em><br \/>\n<em>Ahol nem csillog a kar\u00e1csony,<\/em><br \/>\n<em>Nincsen aranydi\u00f3 a f\u00e1kon,<\/em><br \/>\n<em>Nincs m\u00e1s, csak fagy, diderg\u00e9s, \u00e9hs\u00e9g.<\/em><br \/>\n<em>Mondd el nekik, \u00fagy, hogy meg\u00e9rts\u00e9k.<\/em><br \/>\n<em>Sz\u00f3lj hangosan az \u00e9jszak\u00e1b\u00f3l:<\/em><br \/>\n<em>Angyal, vigy\u00e9l h\u00edrt a csod\u00e1r\u00f3l.\u201d<\/em><br \/>\n<em>\u00a0\u00a0\u00a0\u00a0\u00a0\u00a0\u00a0\u00a0\u00a0\u00a0\u00a0\u00a0\u00a0\u00a0\u00a0\u00a0\u00a0\u00a0\u00a0\u00a0\u00a0\u00a0\u00a0\u00a0\u00a0\u00a0\u00a0\u00a0\u00a0\u00a0\u00a0\u00a0\u00a0\u00a0 \/M\u00e1rai S\u00e1ndor\/<\/em><\/p>\n","protected":false},"excerpt":{"rendered":"P\u00e9terv\u00e1s\u00e1ra V\u00e1ros \u00d6nkorm\u00e1nyzata \u00e9s a Sz\u00e1nt\u00f3 Vezek\u00e9nyi Istv\u00e1n M\u0171vel\u0151d\u00e9s H\u00e1za \u00e9s K\u00f6nyvt\u00e1r\u00a0 szeretettel megh\u00edvja \u00d6nt \u00e9s kedves Csal\u00e1dj\u00e1t&hellip;\n","protected":false},"author":1,"featured_media":7521,"comment_status":"closed","ping_status":"open","sticky":false,"template":"","format":"standard","meta":{"footnotes":""},"categories":[48,2],"tags":[86],"views":2942,"_links":{"self":[{"href":"https:\/\/www.petervasara.hu\/2013\/index.php?rest_route=\/wp\/v2\/posts\/7520"}],"collection":[{"href":"https:\/\/www.petervasara.hu\/2013\/index.php?rest_route=\/wp\/v2\/posts"}],"about":[{"href":"https:\/\/www.petervasara.hu\/2013\/index.php?rest_route=\/wp\/v2\/types\/post"}],"author":[{"embeddable":true,"href":"https:\/\/www.petervasara.hu\/2013\/index.php?rest_route=\/wp\/v2\/users\/1"}],"replies":[{"embeddable":true,"href":"https:\/\/www.petervasara.hu\/2013\/index.php?rest_route=%2Fwp%2Fv2%2Fcomments&post=7520"}],"version-history":[{"count":3,"href":"https:\/\/www.petervasara.hu\/2013\/index.php?rest_route=\/wp\/v2\/posts\/7520\/revisions"}],"predecessor-version":[{"id":7524,"href":"https:\/\/www.petervasara.hu\/2013\/index.php?rest_route=\/wp\/v2\/posts\/7520\/revisions\/7524"}],"wp:featuredmedia":[{"embeddable":true,"href":"https:\/\/www.petervasara.hu\/2013\/index.php?rest_route=\/wp\/v2\/media\/7521"}],"wp:attachment":[{"href":"https:\/\/www.petervasara.hu\/2013\/index.php?rest_route=%2Fwp%2Fv2%2Fmedia&parent=7520"}],"wp:term":[{"taxonomy":"category","embeddable":true,"href":"https:\/\/www.petervasara.hu\/2013\/index.php?rest_route=%2Fwp%2Fv2%2Fcategories&post=7520"},{"taxonomy":"post_tag","embeddable":true,"href":"https:\/\/www.petervasara.hu\/2013\/index.php?rest_route=%2Fwp%2Fv2%2Ftags&post=7520"}],"curies":[{"name":"wp","href":"https:\/\/api.w.org\/{rel}","templated":true}]}}