{"id":7498,"date":"2015-09-07T09:29:41","date_gmt":"2015-09-07T07:29:41","guid":{"rendered":"http:\/\/www.petervasara.hu\/2013\/?p=7498"},"modified":"2015-10-07T09:35:35","modified_gmt":"2015-10-07T07:35:35","slug":"7498-2","status":"publish","type":"post","link":"https:\/\/www.petervasara.hu\/2013\/?p=7498","title":{"rendered":"Ki\u00e1ll\u00edt\u00e1s megh\u00edv\u00f3"},"content":{"rendered":"<blockquote>\n<p style=\"text-align: center;\"><strong>A Sz\u00e1nt\u00f3 Vezek\u00e9nyi Istv\u00e1n M\u0171vel\u0151d\u00e9s H\u00e1za \u00e9s K\u00f6nyvt\u00e1r <\/strong>szeretettel megh\u00edvja \u00d6nt \u00e9s kedves Csal\u00e1dj\u00e1t<\/p>\n<p style=\"text-align: center;\"><strong> szeptember 21-\u00e9n (h\u00e9tf\u0151n) 16.30 \u00f3rakor kezd\u0151d\u0151,<\/strong><\/p>\n<p style=\"text-align: center;\"><strong>Valyon L\u00e1szl\u00f3 Ferenc amat\u0151r fest\u0151m\u0171v\u00e9sz<\/strong><\/p>\n<p style=\"text-align: center;\">ki\u00e1ll\u00edt\u00e1s\u00e1nak megnyit\u00f3j\u00e1ra<\/p>\n<\/blockquote>\n<p>A ki\u00e1ll\u00edt\u00e1s helysz\u00edne: Sz\u00e1nt\u00f3 Vezek\u00e9nyi Istv\u00e1n M\u0171vel\u0151d\u00e9s H\u00e1za<\/p>\n<p>(3250 P\u00e9terv\u00e1s\u00e1ra, Szent M\u00e1rton \u00fat 3.)<\/p>\n<p>A ki\u00e1ll\u00edt\u00e1s megtekinthet\u0151: 2015. szeptember 21-t\u0151l okt\u00f3ber 12-ig<\/p>\n<p>h\u00e9tf\u0151t\u0151l &#8211; p\u00e9ntekig 8.00 &#8211; 16.00 \u00f3r\u00e1ig<\/p>\n<p><strong>Minden \u00e9rdekl\u0151d\u0151t szeretettel v\u00e1runk!<\/strong><\/p>\n","protected":false},"excerpt":{"rendered":"A Sz\u00e1nt\u00f3 Vezek\u00e9nyi Istv\u00e1n M\u0171vel\u0151d\u00e9s H\u00e1za \u00e9s K\u00f6nyvt\u00e1r szeretettel megh\u00edvja \u00d6nt \u00e9s kedves Csal\u00e1dj\u00e1t szeptember 21-\u00e9n (h\u00e9tf\u0151n) 16.30&hellip;\n","protected":false},"author":1,"featured_media":7500,"comment_status":"closed","ping_status":"open","sticky":false,"template":"","format":"standard","meta":{"footnotes":""},"categories":[48,2],"tags":[],"views":1751,"_links":{"self":[{"href":"https:\/\/www.petervasara.hu\/2013\/index.php?rest_route=\/wp\/v2\/posts\/7498"}],"collection":[{"href":"https:\/\/www.petervasara.hu\/2013\/index.php?rest_route=\/wp\/v2\/posts"}],"about":[{"href":"https:\/\/www.petervasara.hu\/2013\/index.php?rest_route=\/wp\/v2\/types\/post"}],"author":[{"embeddable":true,"href":"https:\/\/www.petervasara.hu\/2013\/index.php?rest_route=\/wp\/v2\/users\/1"}],"replies":[{"embeddable":true,"href":"https:\/\/www.petervasara.hu\/2013\/index.php?rest_route=%2Fwp%2Fv2%2Fcomments&post=7498"}],"version-history":[{"count":3,"href":"https:\/\/www.petervasara.hu\/2013\/index.php?rest_route=\/wp\/v2\/posts\/7498\/revisions"}],"predecessor-version":[{"id":7502,"href":"https:\/\/www.petervasara.hu\/2013\/index.php?rest_route=\/wp\/v2\/posts\/7498\/revisions\/7502"}],"wp:featuredmedia":[{"embeddable":true,"href":"https:\/\/www.petervasara.hu\/2013\/index.php?rest_route=\/wp\/v2\/media\/7500"}],"wp:attachment":[{"href":"https:\/\/www.petervasara.hu\/2013\/index.php?rest_route=%2Fwp%2Fv2%2Fmedia&parent=7498"}],"wp:term":[{"taxonomy":"category","embeddable":true,"href":"https:\/\/www.petervasara.hu\/2013\/index.php?rest_route=%2Fwp%2Fv2%2Fcategories&post=7498"},{"taxonomy":"post_tag","embeddable":true,"href":"https:\/\/www.petervasara.hu\/2013\/index.php?rest_route=%2Fwp%2Fv2%2Ftags&post=7498"}],"curies":[{"name":"wp","href":"https:\/\/api.w.org\/{rel}","templated":true}]}}