{"id":7380,"date":"2015-07-24T10:50:47","date_gmt":"2015-07-24T08:50:47","guid":{"rendered":"http:\/\/www.petervasara.hu\/2013\/?p=7380"},"modified":"2015-07-30T08:59:21","modified_gmt":"2015-07-30T06:59:21","slug":"igazgatasi-szunet-a-polgarmesteri-hivatalban","status":"publish","type":"post","link":"https:\/\/www.petervasara.hu\/2013\/?p=7380","title":{"rendered":"Igazgat\u00e1si sz\u00fcnet  a Polg\u00e1rmesteri Hivatalban"},"content":{"rendered":"<div>\n<blockquote>\n<p style=\"text-align: center;\">T\u00e1j\u00e9koztatjuk a Tisztelt Lakoss\u00e1got, hogy a Polg\u00e1rmesteri Hivatal 2015. augusztus 7-\u00e9t\u0151l 2015. augusztus 21-ig ny\u00e1ri igazgat\u00e1si sz\u00fcnet miatt z\u00e1rva tart, \u00fcgyf\u00e9lfogad\u00e1s nem lesz.<\/p>\n<\/blockquote>\n<h3 id=\"a-hivatal-ebben-az-idoszakban-ugyeleti-szolgalatot-lat-el\" style=\"text-align: center;\">A hivatal ebben az id\u00f6szakban \u00fcgyeleti szolg\u00e1latot l\u00e1t el.<\/h3>\n<div>\n<h3 id=\"az-elso-munkanap-2015-augusztus-24-hetfo\" style=\"text-align: center;\">Az els\u00f6 munkanap: 2015. augusztus 24. (h\u00e9tf\u00f6)<\/h3>\n<\/div>\n<\/div>\n","protected":false},"excerpt":{"rendered":"T\u00e1j\u00e9koztatjuk a Tisztelt Lakoss\u00e1got, hogy a Polg\u00e1rmesteri Hivatal 2015. augusztus 7-\u00e9t\u0151l 2015. augusztus 21-ig ny\u00e1ri igazgat\u00e1si sz\u00fcnet miatt&hellip;\n","protected":false},"author":1,"featured_media":7385,"comment_status":"closed","ping_status":"open","sticky":false,"template":"","format":"standard","meta":{"footnotes":""},"categories":[2],"tags":[82,76],"views":1977,"_links":{"self":[{"href":"https:\/\/www.petervasara.hu\/2013\/index.php?rest_route=\/wp\/v2\/posts\/7380"}],"collection":[{"href":"https:\/\/www.petervasara.hu\/2013\/index.php?rest_route=\/wp\/v2\/posts"}],"about":[{"href":"https:\/\/www.petervasara.hu\/2013\/index.php?rest_route=\/wp\/v2\/types\/post"}],"author":[{"embeddable":true,"href":"https:\/\/www.petervasara.hu\/2013\/index.php?rest_route=\/wp\/v2\/users\/1"}],"replies":[{"embeddable":true,"href":"https:\/\/www.petervasara.hu\/2013\/index.php?rest_route=%2Fwp%2Fv2%2Fcomments&post=7380"}],"version-history":[{"count":7,"href":"https:\/\/www.petervasara.hu\/2013\/index.php?rest_route=\/wp\/v2\/posts\/7380\/revisions"}],"predecessor-version":[{"id":7388,"href":"https:\/\/www.petervasara.hu\/2013\/index.php?rest_route=\/wp\/v2\/posts\/7380\/revisions\/7388"}],"wp:featuredmedia":[{"embeddable":true,"href":"https:\/\/www.petervasara.hu\/2013\/index.php?rest_route=\/wp\/v2\/media\/7385"}],"wp:attachment":[{"href":"https:\/\/www.petervasara.hu\/2013\/index.php?rest_route=%2Fwp%2Fv2%2Fmedia&parent=7380"}],"wp:term":[{"taxonomy":"category","embeddable":true,"href":"https:\/\/www.petervasara.hu\/2013\/index.php?rest_route=%2Fwp%2Fv2%2Fcategories&post=7380"},{"taxonomy":"post_tag","embeddable":true,"href":"https:\/\/www.petervasara.hu\/2013\/index.php?rest_route=%2Fwp%2Fv2%2Ftags&post=7380"}],"curies":[{"name":"wp","href":"https:\/\/api.w.org\/{rel}","templated":true}]}}