{"id":7226,"date":"2014-03-25T13:33:57","date_gmt":"2014-03-25T12:33:57","guid":{"rendered":"http:\/\/www.petervasara.hu\/2013\/?p=7226"},"modified":"2017-01-16T10:39:08","modified_gmt":"2017-01-16T09:39:08","slug":"szervezeti-szemelyzeti-adatok","status":"publish","type":"post","link":"https:\/\/www.petervasara.hu\/2013\/?p=7226","title":{"rendered":"Szervezeti, szem\u00e9lyzeti adatok"},"content":{"rendered":"<h1 id=\"szervezeti-szemelyzeti-adatok\">Szervezeti, szem\u00e9lyzeti adatok<\/h1>\n<p><strong>1. Kapcsolat, szervezet, vezet\u0151k<\/strong><\/p>\n<p><strong>1.1.1 El\u00e9rhet\u0151s\u00e9gi adatok :<\/strong><\/p>\n<p>P\u00e9terv\u00e1s\u00e1ra V\u00e1ros \u00d6nkorm\u00e1nyzata<br \/>\n3250, P\u00e9terv\u00e1s\u00e1ra<br \/>\nSzabads\u00e1g t\u00e9r 1.<br \/>\n(Postac\u00edm ugyenez)<\/p>\n<p>Telefon : +36 36 568-036 | Fax : +36 36 568-035<\/p>\n<p>K\u00f6zponti email : hivatal[kukac]petervasara.hu<br \/>\nWebc\u00edm : www.petervasara.hu<\/p>\n<p>\/\/ link \u00dcgyf\u00e9lszolg\u00e1lat el\u00e9rhet\u0151s\u00e9ge<br \/>\n\/\/ link \u00dcgyf\u00e9logad\u00e1s rendje<\/p>\n<hr \/>\n<p><strong>1.1.2 A szervezeti strukt\u00fara<\/strong><\/p>\n<p>&#8211; let\u00f6lthet\u0151 pdf<\/p>\n<hr \/>\n<p><strong>1.1.3. A szerv vezet\u0151i :<\/strong><\/p>\n<p>Eged Istv\u00e1n &#8211; polg\u00e1rmester<\/p>\n<p>Telefon : +36 36 568-045 | Fax : +36 36 568-035<\/p>\n<p>Email : polgarmester[kukac]petervasara.hu<\/p>\n<hr \/>\n<p><strong>1.2. A fel\u00fcgyelt k\u00f6lts\u00e9gvet\u00e9si szervek<\/strong><\/p>\n<p><b>P\u00e9terv\u00e1s\u00e1rai Napk\u00f6ziotthonos \u00d3voda<\/b> &#8211; 3250 P\u00e9terv\u00e1s\u00e1ra, Kossuth Lajos \u00fat 1.<br \/>\n<b>P\u00e9terv\u00e1s\u00e1rai Id\u0151skor\u00faak Otthona<\/b> &#8211; 3250 P\u00e9terv\u00e1s\u00e1ra, Ifj\u00fas\u00e1g \u00fat 7.<br \/>\n<b>Sz\u00e1nt\u00f3 Vezek\u00e9nyi Istv\u00e1n M\u0171vel\u0151d\u00e9s H\u00e1za \u00e9s K\u00f6nyvt\u00e1r<\/b>\u00a0 &#8211; 3250 P\u00e9terv\u00e1s\u00e1ra, Szent M\u00e1rton \u00fat 3.<\/p>\n<hr \/>\n<p><strong>1.3 Gazd\u00e1lkod\u00f3 szervezetek<\/strong><\/p>\n<p><b>PEVIK K\u00f6z\u00fczemi \u00e9s Szolg\u00e1ltat\u00f3 Kft. <\/b>&#8211; 3250 P\u00e9terv\u00e1s\u00e1ra, Tisztisor 29.<br \/>\nTel. 36\/368-445 Fax: 36\/368-634<br \/>\n<a href=\"http:\/\/www.pevik.hu\" target=\"_blank\">www.pevik.hu <\/a><br \/>\n\/\/ be\u00edrni A fentiek szerinti gazd\u00e1lkod\u00f3 szervezetekben a k\u00f6zfeladatot ell\u00e1t\u00f3 szerv r\u00e9szesed\u00e9s\u00e9nek m\u00e9rt\u00e9ke : ??<br \/>\n\u00dcgyvezet\u0151 igazgat\u00f3 : Garai Ferenc<br \/>\n\/\/ be\u00edrni tev\u00e9kenys\u00e9gi k\u00f6r\u00f6k<\/p>\n<hr \/>\n<p><strong>1.4 K\u00f6zalap\u00edtv\u00e1nyok<\/strong><\/p>\n<p>\/\/ link P\u00e9terv\u00e1s\u00e1ra Fejl\u0151d\u00e9s\u00e9\u00e9rt K\u00f6zalap\u00edtv\u00e1ny (alap\u00edt\u00f3 okirata)<br \/>\nP\u00e9terv\u00e1s\u00e1ra Szent M\u00e1rton \u00fat 3.<br \/>\nEln\u00f6ke : V\u00e9gh Istv\u00e1n<\/p>\n<hr \/>\n<p><strong>1.5 Lapok<\/strong><\/p>\n<p>A k\u00f6zfeladatot ell\u00e1t\u00f3 szerv \u00e1ltal alap\u00edtott lapok neve :P\u00e9terkei h\u00edrek<br \/>\nEnged\u00e9lyez\u00e9si sz\u00e1m : B\/PHF\/996\/N\/92<br \/>\nISSN: 1417-6343<br \/>\nFelel\u0151s kiad\u00f3 : Eged Istv\u00e1n polg\u00e1rmester<\/p>\n<hr \/>\n<p><strong>1.6 felettes, fel\u00fcgyeleti, t\u00f6rv\u00e9nyess\u00e9gi ellen\u0151rz\u00e9st gyakorl\u00f3 szervek<\/strong><\/p>\n<p><b>Heves Megyei Korm\u00e1nyhivatal<b> <\/b><\/b>3300 Eger, Kossuth \u00fat 9.<br \/>\nhttp:\/\/www.kormanyhivatal.hu\/hu\/heves<\/p>\n<hr \/>\n<h1 id=\"tevekenysegre-mukodesre-vonatkozo-adatok\">Tev\u00e9kenys\u00e9gre, m\u0171k\u00f6d\u00e9sre vonatkoz\u00f3 adatok<\/h1>\n<p><strong>2.1 A szerv alaptev\u00e9kenys\u00e9ge, feladat \u00e9s hat\u00e1sk\u00f6re<\/strong><\/p>\n<p>Vonatkoz\u00f3 jogszab\u00e1lyok:<br \/>\n&#8211; <a href=\"http:\/\/net.jogtar.hu\/jr\/gen\/hjegy_doc.cgi?docid=A1100425.ATV\" target=\"_blank\">Alapt\u00f6rv\u00e9ny<\/a><br \/>\n&#8211; <a href=\"http:\/\/net.jogtar.hu\/jr\/gen\/hjegy_doc.cgi?docid=A1100189.TV\" target=\"_blank\">Magyarorsz\u00e1g helyi \u00f6nkorm\u00e1nyzatair\u00f3l<\/a><\/p>\n<p>A helyi \u00f6nkorm\u00e1nyzat \u00f6nk\u00e9nt v\u00e1llalt feladatainak felsorol\u00e1sa \u00e9s r\u00e9szletes le\u00edr\u00e1sa:<\/p>\n<p>Id\u0151skor\u00faak tart\u00f3s bentlak\u00e1sos szoci\u00e1lis ell\u00e1t\u00e1sa &#8211; Szakos\u00edtott ell\u00e1t\u00e1s (\u00e1pol\u00e1st-gondoz\u00e1st ny\u00fajt\u00f3 int\u00e9zm\u00e9ny \u2013 id\u0151sek otthona)<br \/>\na) els\u0151sorban azoknak a nyugd\u00edjkorhat\u00e1rt bet\u00f6lt\u00f6tt szem\u00e9lyeknek \u00e1pol\u00e1sa gondoz\u00e1sa, akik \u00f6nmaguk ell\u00e1t\u00e1s\u00e1ra nem, vagy csak folyamatos seg\u00edts\u00e9ggel k\u00e9pesek,<br \/>\nb) akiknek eg\u00e9szs\u00e9gi \u00e1llapota rendszeres fekv\u0151beteg-gy\u00f3gyint\u00e9zeti kezel\u00e9st nem ig\u00e9nyel,<br \/>\nc) annak a 18. \u00e9let\u00e9v\u00e9t bet\u00f6lt\u00f6tt szem\u00e9lynek \u00e1pol\u00e1sa-gondoz\u00e1sa, aki betegs\u00e9ge miatt nem tud \u00f6nmag\u00e1r\u00f3l gondoskodni.<br \/>\nd) lak\u00f3hely\u00fck\u00f6n nem gondozhat\u00f3 szem\u00e9lyek sz\u00e1m\u00e1ra \u00e1ltal\u00e1ban v\u00e9gleges otthont \u00e9s szoci\u00e1lis gondoz\u00e1st ny\u00fajt.<br \/>\ne) biztos\u00edtja\u00a0 az\u00a0 \u00e9letkoruknak,\u00a0 eg\u00e9szs\u00e9gi\u00a0\u00a0 \u00e1llapotuknak megfelel\u0151 k\u00f6rnyezetet, elhelyez\u00e9st, \u00e9lelmez\u00e9st \u00e9s sz\u00fcks\u00e9g szerint ruh\u00e1zatot,<br \/>\nf) gondoskodik rendszeres orvosi fel\u00fcgyelet\u00fckr\u0151l, szakorvosi ell\u00e1t\u00e1sukr\u00f3l, k\u00f3rh\u00e1zi beutal\u00e1sukr\u00f3l, biztos\u00edtja \u00e1pol\u00e1sukat, gy\u00f3gyszer-\u00e1pol\u00e1si seg\u00e9deszk\u00f6z ell\u00e1t\u00e1sukat.<br \/>\ng) megszervezi pszich\u00e9s gondoz\u00e1sukat, fizikai, szellemi, kultur\u00e1lis, sz\u00f3rakoztat\u00f3 foglalkoz\u00e1saikat.<\/p>\n<hr \/>\n<p><strong>2.2 A hat\u00f3s\u00e1gi \u00fcgyek int\u00e9z\u00e9s\u00e9nek rendj\u00e9vel kapcsolatos adatok<\/strong><\/p>\n<p>Az \u00e1llamigazgat\u00e1si, \u00f6nkorm\u00e1nyzati \u00e9s egy\u00e9b hat\u00f3s\u00e1gi \u00fcgyekben a hat\u00e1sk\u00f6rrel rendelkez\u0151, hat\u00e1sk\u00f6r gyakorl\u00e1s\u00e1nak \u00e1truh\u00e1z\u00e1sa eset\u00e9n a t\u00e9nylegesen elj\u00e1r\u00f3 szerv <b>neve<\/b> : P\u00e9terv\u00e1s\u00e1ra V\u00e1ros \u00d6nkorm\u00e1nyzat\u00e1nak K\u00e9pvisel\u0151test\u00fclete<\/p>\n<p>Illet\u00e9kess\u00e9gi ter\u00fclete : P\u00e9terv\u00e1s\u00e1ra v\u00e1ros k\u00f6zigazgat\u00e1si ter\u00fclete<\/p>\n<hr \/>\n<p><strong>2.3 K\u00f6zszolg\u00e1ltat\u00e1sok<\/strong><\/p>\n<hr \/>\n<p><strong>2.4 A szerv nyilv\u00e1ntart\u00e1sai<\/strong><\/p>\n<hr \/>\n<p><strong>2.5 Nyilv\u00e1nos kiadv\u00e1nyok<\/strong><\/p>\n<hr \/>\n<p><strong>2.6 D\u00f6nt\u00e9shozatal, \u00fcl\u00e9sek<\/strong><\/p>\n<p>A szerv d\u00f6nt\u00e9seinek el\u0151k\u00e9sz\u00edt\u00e9s\u00e9nek rendje : <a href=\"http:\/\/www.petervasara.hu\/dox\/rendeletek2014\/pv\/16._szmsz_2014_aprilis_modositott.pdf\" target=\"_blank\">SZMSZ P\u00e9terv\u00e1s\u00e1ra<\/a><br \/>\nTest\u00fcleti szerv tervezett \u00fcl\u00e9seink id\u0151pontja : <a href=\"http:\/\/www.petervasara.hu\/2013\/testuleti-jegyzokonyvek\" target=\"_blank\">Test\u00fcleti \u00fcl\u00e9s jegyz\u0151k\u00f6nyvek<\/a><\/p>\n<hr \/>\n<p><strong>2.7 A szerv d\u00f6nt\u00e9sei, koncepci\u00f3k, tervezetek, javaslatok<\/strong><\/p>\n<p><a href=\"http:\/\/www.petervasara.hu\/2013\/testuleti-jegyzokonyvek\" target=\"_blank\">Test\u00fcleti \u00fcl\u00e9s jegyz\u0151k\u00f6nyvek<\/a><\/p>\n<hr \/>\n<p><strong>2.8 P\u00e1ly\u00e1zatok<\/strong><\/p>\n<p><a href=\"http:\/\/www.petervasara.hu\/dox\/rendeletek2014\/pv\/onszervezodo.pdf\" target=\"_blank\">Helyi \u00f6nszervez\u0151d\u0151 k\u00f6z\u00f6ss\u00e9gek t\u00e1mogat\u00e1sa<\/a><\/p>\n<hr \/>\n<p><strong>2.9 Hirdetm\u00e9nyek<\/strong><\/p>\n<hr \/>\n<p><strong>2.10 K\u00f6z\u00e9rdek\u0171 adatok ig\u00e9nyl\u00e9se<\/strong><\/p>\n<hr \/>\n<p><strong>2.11 K\u00f6zz\u00e9t\u00e9teli list\u00e1k<\/strong><\/p>\n<p>&nbsp;<\/p>\n<p>&nbsp;<\/p>\n<p>&nbsp;<\/p>\n","protected":false},"excerpt":{"rendered":"Szervezeti, szem\u00e9lyzeti adatok 1. Kapcsolat, szervezet, vezet\u0151k 1.1.1 El\u00e9rhet\u0151s\u00e9gi adatok : P\u00e9terv\u00e1s\u00e1ra V\u00e1ros \u00d6nkorm\u00e1nyzata 3250, P\u00e9terv\u00e1s\u00e1ra Szabads\u00e1g t\u00e9r&hellip;\n","protected":false},"author":1,"featured_media":0,"comment_status":"closed","ping_status":"open","sticky":false,"template":"","format":"standard","meta":{"footnotes":""},"categories":[39],"tags":[],"views":2607,"_links":{"self":[{"href":"https:\/\/www.petervasara.hu\/2013\/index.php?rest_route=\/wp\/v2\/posts\/7226"}],"collection":[{"href":"https:\/\/www.petervasara.hu\/2013\/index.php?rest_route=\/wp\/v2\/posts"}],"about":[{"href":"https:\/\/www.petervasara.hu\/2013\/index.php?rest_route=\/wp\/v2\/types\/post"}],"author":[{"embeddable":true,"href":"https:\/\/www.petervasara.hu\/2013\/index.php?rest_route=\/wp\/v2\/users\/1"}],"replies":[{"embeddable":true,"href":"https:\/\/www.petervasara.hu\/2013\/index.php?rest_route=%2Fwp%2Fv2%2Fcomments&post=7226"}],"version-history":[{"count":7,"href":"https:\/\/www.petervasara.hu\/2013\/index.php?rest_route=\/wp\/v2\/posts\/7226\/revisions"}],"predecessor-version":[{"id":8026,"href":"https:\/\/www.petervasara.hu\/2013\/index.php?rest_route=\/wp\/v2\/posts\/7226\/revisions\/8026"}],"wp:attachment":[{"href":"https:\/\/www.petervasara.hu\/2013\/index.php?rest_route=%2Fwp%2Fv2%2Fmedia&parent=7226"}],"wp:term":[{"taxonomy":"category","embeddable":true,"href":"https:\/\/www.petervasara.hu\/2013\/index.php?rest_route=%2Fwp%2Fv2%2Fcategories&post=7226"},{"taxonomy":"post_tag","embeddable":true,"href":"https:\/\/www.petervasara.hu\/2013\/index.php?rest_route=%2Fwp%2Fv2%2Ftags&post=7226"}],"curies":[{"name":"wp","href":"https:\/\/api.w.org\/{rel}","templated":true}]}}