{"id":7195,"date":"2015-03-06T11:12:58","date_gmt":"2015-03-06T10:12:58","guid":{"rendered":"http:\/\/www.petervasara.hu\/2013\/?p=7195"},"modified":"2015-03-06T11:14:57","modified_gmt":"2015-03-06T10:14:57","slug":"meghivo-marcius-15-unnepsegre","status":"publish","type":"post","link":"https:\/\/www.petervasara.hu\/2013\/?p=7195","title":{"rendered":"Megh\u00edv\u00f3 m\u00e1rcius 15-i \u00fcnneps\u00e9gre"},"content":{"rendered":"<p>\u201eLemosta a szent magyar n\u00e9p<br \/>\n\u00e9vsz\u00e1zadok r\u00e1kent szenny\u00e9t&#8230;<br \/>\nNegyvennyolc h\u0151s nemzed\u00e9ke<br \/>\nlegyen p\u00e9lda ezer \u00e9vre!\u201d<br \/>\n\/Szuhanics Albert\/<\/p>\n<p><strong>P\u00e9terv\u00e1s\u00e1ra V\u00e1ros \u00d6nkorm\u00e1nyzata \u00e9s a Sz\u00e1nt\u00f3 Vezek\u00e9nyi Istv\u00e1n M\u0171vel\u0151d\u00e9s H\u00e1za \u00e9s K\u00f6nyvt\u00e1r szeretettel megh\u00edvja \u00d6nt \u00e9s kedves csal\u00e1dj\u00e1t, az 1848-49-es forradalom \u00e9s szabads\u00e1gharc <\/strong><strong>\u00e9vfordul\u00f3j\u00e1nak tisztelet\u00e9re rendezett \u00fcnneps\u00e9g\u00e9re<\/strong><\/p>\n<p><span style=\"text-decoration: underline;\">Id\u0151pontja:<\/span> <strong>2015. m\u00e1rcius 12. \/cs\u00fct\u00f6rt\u00f6k\/ 16 <\/strong><strong><span style=\"text-decoration: underline;\"><sup>30<\/sup><\/span><\/strong><strong> \u00f3ra<\/strong><\/p>\n<p><span style=\"text-decoration: underline;\">Helysz\u00edne:<\/span> <strong>Sz\u00e1nt\u00f3 Vezek\u00e9nyi Istv\u00e1n M\u0171vel\u0151d\u00e9s H\u00e1za<\/strong><\/p>\n<p><span style=\"text-decoration: underline;\">\u00dcnnepi m\u0171sor:<\/span><\/p>\n<p><strong>&#8211; P\u00e9terv\u00e1s\u00e1rai \u00f3vod\u00e1sok Napocska csoportj\u00e1nak <\/strong><\/p>\n<p><strong> \u201eEz az otthonunk\u201d c\u00edm\u0171 m\u0171sora<\/strong><\/p>\n<p><strong>&#8211; Palot\u00e1s t\u00e1nc<\/strong><\/p>\n<p><strong>&#8211; \u00dcnnepi besz\u00e9det mond: Eged Istv\u00e1n polg\u00e1rmester<\/strong><\/p>\n<p><strong>&#8211; Tam\u00e1si \u00c1ron \u00c1ltal\u00e1nos Iskola \u201e\u00c9bredj m\u00e1rcius!\u201d c\u00edm\u0171 irodalmi \u00f6ssze\u00e1ll\u00edt\u00e1sa<\/strong><\/p>\n<h2 id=\"szeretettel-varjuk-unnepi-megemlekezesunkre\" style=\"text-align: center;\"><strong>Szeretettel v\u00e1rjuk \u00fcnnepi megeml\u00e9kez\u00e9s\u00fcnkre!<\/strong><\/h2>\n<p>&nbsp;<\/p>\n","protected":false},"excerpt":{"rendered":"\u201eLemosta a szent magyar n\u00e9p \u00e9vsz\u00e1zadok r\u00e1kent szenny\u00e9t&#8230; Negyvennyolc h\u0151s nemzed\u00e9ke legyen p\u00e9lda ezer \u00e9vre!\u201d \/Szuhanics Albert\/ P\u00e9terv\u00e1s\u00e1ra&hellip;\n","protected":false},"author":1,"featured_media":7196,"comment_status":"open","ping_status":"open","sticky":false,"template":"","format":"standard","meta":{"footnotes":""},"categories":[48],"tags":[82,83],"views":2235,"_links":{"self":[{"href":"https:\/\/www.petervasara.hu\/2013\/index.php?rest_route=\/wp\/v2\/posts\/7195"}],"collection":[{"href":"https:\/\/www.petervasara.hu\/2013\/index.php?rest_route=\/wp\/v2\/posts"}],"about":[{"href":"https:\/\/www.petervasara.hu\/2013\/index.php?rest_route=\/wp\/v2\/types\/post"}],"author":[{"embeddable":true,"href":"https:\/\/www.petervasara.hu\/2013\/index.php?rest_route=\/wp\/v2\/users\/1"}],"replies":[{"embeddable":true,"href":"https:\/\/www.petervasara.hu\/2013\/index.php?rest_route=%2Fwp%2Fv2%2Fcomments&post=7195"}],"version-history":[{"count":2,"href":"https:\/\/www.petervasara.hu\/2013\/index.php?rest_route=\/wp\/v2\/posts\/7195\/revisions"}],"predecessor-version":[{"id":7198,"href":"https:\/\/www.petervasara.hu\/2013\/index.php?rest_route=\/wp\/v2\/posts\/7195\/revisions\/7198"}],"wp:featuredmedia":[{"embeddable":true,"href":"https:\/\/www.petervasara.hu\/2013\/index.php?rest_route=\/wp\/v2\/media\/7196"}],"wp:attachment":[{"href":"https:\/\/www.petervasara.hu\/2013\/index.php?rest_route=%2Fwp%2Fv2%2Fmedia&parent=7195"}],"wp:term":[{"taxonomy":"category","embeddable":true,"href":"https:\/\/www.petervasara.hu\/2013\/index.php?rest_route=%2Fwp%2Fv2%2Fcategories&post=7195"},{"taxonomy":"post_tag","embeddable":true,"href":"https:\/\/www.petervasara.hu\/2013\/index.php?rest_route=%2Fwp%2Fv2%2Ftags&post=7195"}],"curies":[{"name":"wp","href":"https:\/\/api.w.org\/{rel}","templated":true}]}}