{"id":7189,"date":"2015-03-03T09:56:11","date_gmt":"2015-03-03T08:56:11","guid":{"rendered":"http:\/\/www.petervasara.hu\/2013\/?p=7189"},"modified":"2015-03-03T10:19:23","modified_gmt":"2015-03-03T09:19:23","slug":"palyazati-felhivas-2","status":"publish","type":"post","link":"https:\/\/www.petervasara.hu\/2013\/?p=7189","title":{"rendered":"P\u00e1ly\u00e1zati felh\u00edv\u00e1s"},"content":{"rendered":"<p>A\u00a0 Heves Megyei Rend\u0151r-f\u0151kapit\u00e1nys\u00e1g \u201eSzertelen biztons\u00e1g\u201d b\u0171nmegel\u0151z\u00e9si\u00a0 programj\u00e1nak\u00a0 keret\u00e9ben p\u00e1ly\u00e1zatot hirdet<\/p>\n<p>1.\/ 16-25. \u00e9ves fiatalok r\u00e9sz\u00e9re b\u0171nmegel\u0151z\u00e9si kisfilmek k\u00e9sz\u00edt\u00e9s\u00e9re<br \/>\n2.\/ 12-15. \u00e9ves fiatalok r\u00e9sz\u00e9re\u00a0 rajz \u00e9s irodalmi alkot\u00e1s k\u00e9sz\u00edt\u00e9s\u00e9re.<\/p>\n<p>A p\u00e1ly\u00e1zat c\u00e9lja a vesz\u00e9lyhelyzetekre t\u00f6rt\u00e9n\u0151 figyelmeztet\u00e9s, \u00fczenet k\u00f6zvet\u00edt\u00e9se az \u00e1ldozatt\u00e1 v\u00e1l\u00e1s kock\u00e1zat\u00e1nak cs\u00f6kkent\u00e9se, a megel\u0151z\u00e9s \u00e9rdek\u00e9ben<\/p>\n<p>A feldolgozand\u00f3 t\u00e9m\u00e1k:<br \/>\n&#8211; Drog<br \/>\n&#8211; Internet<br \/>\n&#8211; Iskolai er\u0151szak<br \/>\n&#8211; Csal\u00e1don bel\u00fcli er\u0151szak<\/p>\n<p>A p\u00e1lyam\u0171veket a Heves Megyei Rend\u0151r-f\u0151kapit\u00e1nys\u00e1g 3300 Eger, Eszterh\u00e1zy t\u00e9r\u00a0 2. sz. c\u00edmre kell beny\u00fajtani.<\/p>\n<p><strong>Bead\u00e1si hat\u00e1rid\u0151: 2015. \u00e1prilis 15.<\/strong><\/p>\n<p><strong>D\u00edjaz\u00e1s:<\/strong><\/p>\n<p>B\u0171nmegel\u0151z\u00e9si kisfilmet k\u00e9sz\u00edt\u0151k d\u00edjaz\u00e1sa t\u00e9m\u00e1nk\u00e9nt:<br \/>\nI.\u00a0\u00a0\u00a0\u00a0\u00a0\u00a0\u00a0\u00a0 helyez\u00e9s:\u00a0 40.000.- Ft \u00e9rt\u00e9k\u0171 v\u00e1s\u00e1rl\u00e1si utalv\u00e1ny<br \/>\nII.\u00a0\u00a0\u00a0\u00a0\u00a0\u00a0 helyez\u00e9s:\u00a0\u00a0 26.000.- Ft \u00e9rt\u00e9k\u0171 v\u00e1s\u00e1rl\u00e1si utalv\u00e1ny<br \/>\nIII.\u00a0\u00a0\u00a0\u00a0\u00a0 helyez\u00e9s:\u00a0 14.000.- Ft \u00e9rt\u00e9k\u0171 v\u00e1s\u00e1rl\u00e1si utalv\u00e1ny<\/p>\n<p>Irodalmi \u00e9s rajzp\u00e1ly\u00e1zat d\u00edjaz\u00e1sa:<br \/>\nI.\u00a0\u00a0 \u00a0helyez\u00e9s:\u00a0 20.000.- Ft \u00e9rt\u00e9k\u0171 v\u00e1s\u00e1rl\u00e1si utalv\u00e1ny<br \/>\nII.\u00a0\u00a0 \u00a0helyez\u00e9s:\u00a0 16.500.- Ft \u00e9rt\u00e9k\u0171 v\u00e1s\u00e1rl\u00e1si utalv\u00e1ny<br \/>\nIII.\u00a0\u00a0 \u00a0helyez\u00e9s\u00a0\u00a0 13.000.- Ft \u00e9rt\u00e9k\u0171 v\u00e1s\u00e1rl\u00e1si utalv\u00e1ny<\/p>\n<p>A nyertes p\u00e1lyam\u0171vek bemutat\u00e1s\u00e1ra \u00e9s a d\u00edjak \u00e1tad\u00e1s\u00e1ra \u00fcnnep\u00e9lyes keretek k\u00f6z\u00f6tt a \u201eSzertelen Biztons\u00e1g\u201d c\u00edm\u0171 b\u0171nmegel\u0151z\u00e9si program keret\u00e9ben tartand\u00f3 szakmai konferencia keret\u00e9ben ker\u00fcl sor.<\/p>\n<p><strong>Felt\u00e9telek:<\/strong><\/p>\n<p><strong>B\u0171nmegel\u0151z\u00e9si kisfilmek:<\/strong><br \/>\n&#8211;\u00a0\u00a0 \u00a0A kisfilmek\u00a0 minimum 1,5 &#8211; maximum 5 perc terjedelm\u0171ek lehetnek<br \/>\n&#8211;\u00a0\u00a0 \u00a0A kisfilmek k\u00e9sz\u00fclhetnek egy szem\u00e9ly \u00e1ltal, vagy csapatmunk\u00e1ban<br \/>\n&#8211;\u00a0\u00a0 \u00a0Egy alkot\u00f3, vagy alkot\u00f3 csapat p\u00e1ly\u00e1zhat t\u00f6bb, ak\u00e1r mind a n\u00e9gy t\u00e9m\u00e1ban is<br \/>\n&#8211;\u00a0\u00a0 \u00a0A p\u00e1ly\u00e1z\u00f3k \u00e9letkora 16-25 \u00e9v<br \/>\n&#8211;\u00a0\u00a0 \u00a0Amennyiben a beadott p\u00e1lyam\u0171 tartalmaz b\u00e1rmilyen, nem a p\u00e1ly\u00e1z\u00f3 \u00e1ltal k\u00e9sz\u00edtett m\u0171vet vagy annak r\u00e9szlet\u00e9t (zene, film, fot\u00f3), akkor a p\u00e1lyamunk\u00e1hoz csatolni kell a felhaszn\u00e1lt m\u0171 k\u00e9sz\u00edt\u0151inek (kiad\u00f3, ill. jogtulajdonos) \u00edr\u00e1sos beleegyez\u00e9s\u00e9t. Szabadon felhaszn\u00e1lhat\u00f3 zenem\u0171vek: http:\/\/freemusicarchive.org<br \/>\n&#8211;\u00a0\u00a0 \u00a0A p\u00e1lyam\u0171vet\/m\u0171veket elektronikus adathordoz\u00f3n (CD, DVD) kell a megadott hat\u00e1rid\u0151ig kett\u0151 p\u00e9ld\u00e1nyban beny\u00fajtani postai \u00faton vagy szem\u00e9lyesen a Heves Megyei Rend\u0151r-f\u0151kapit\u00e1nys\u00e1g B\u0171n\u00fcgyi Oszt\u00e1ly B\u0171nmegel\u0151z\u00e9si Aloszt\u00e1ly\u00e1ra.<br \/>\n&#8211;\u00a0\u00a0 \u00a0A CD-re, vagy DVD-re r\u00e1 kell \u00edrni a film c\u00edm\u00e9t \u00e9s \u201eSzertelen Biztons\u00e1g c\u00edm\u0171 b\u0171nmegel\u0151z\u00e9si program\u201d sz\u00f6veget \u00e9s p\u00e1ly\u00e1z\u00f3 nev\u00e9t<br \/>\n&#8211;\u00a0\u00a0 \u00a0Az adathordoz\u00f3t tartalmaz\u00f3 bor\u00edt\u00e9kon fel kell t\u00fcntetni a p\u00e1ly\u00e1z\u00f3 nev\u00e9t, el\u00e9rhet\u0151s\u00e9g\u00e9t.<\/p>\n<p><strong>Irodalmi \u00e9s rajzp\u00e1ly\u00e1zat:<\/strong><br \/>\n&#8211;\u00a0\u00a0 \u00a0a p\u00e1ly\u00e1z\u00f3k \u00e9letkora 12-15 \u00e9v<br \/>\n&#8211;\u00a0\u00a0 \u00a0az irodalmi alkot\u00e1s lehet vers, essz\u00e9 novella, fogalmaz\u00e1s, riport tanmese stb, terjedelem A4-es m\u00e9retben 12-es bet\u0171nagys\u00e1ggal max. 3 oldal, k\u00e9z\u00edr\u00e1ssal max. 5 oldal<br \/>\n&#8211;\u00a0\u00a0 \u00a0a rajz k\u00e9sz\u00fclhet b\u00e1rmilyen technik\u00e1val, A4-es, A3-as m\u00e9retben<br \/>\n&#8211;\u00a0\u00a0 \u00a0az alkot\u00e1sokra r\u00e1 kell \u00edrni az alkot\u00f3\/alkot\u00f3k nev\u00e9t, \u00e9letkor\u00e1t, el\u00e9rhet\u0151s\u00e9g\u00e9t, \u00e9s postai \u00faton, vagy szem\u00e9lyesen ny\u00fajthat\u00f3k be a Heves Megyei Rend\u0151r-f\u0151kapit\u00e1nys\u00e1g B\u0171n\u00fcgyi Oszt\u00e1ly B\u0171nmegel\u0151z\u00e9si Aloszt\u00e1ly\u00e1ra a t\u00f6rv\u00e9nyes k\u00e9pvisel\u0151 nyilatkozat\u00e1val a szerz\u0151i \u00e9s szem\u00e9lyis\u00e9gi jogi felt\u00e9telekr\u0151l<\/p>\n<p>Nevezni kiz\u00e1r\u00f3lag olyan alkot\u00e1sokkal lehet, amelyeknek egyed\u00fcli \u00e9s kiz\u00e1r\u00f3lagos szerz\u0151je(szerz\u0151i) a p\u00e1ly\u00e1z\u00f3(k), tov\u00e1bb\u00e1 nem s\u00e9rtik harmadik szem\u00e9lyek szem\u00e9lyhez f\u0171z\u0151d\u0151 jogait.<br \/>\nA filmben felhaszn\u00e1lt zenesz\u00e1mok c\u00edm\u00e9t, szerz\u0151it \u00e9s el\u0151ad\u00f3it az alkot\u00e1s v\u00e9g\u00e9n (a st\u00e1blista ut\u00e1n) k\u00f6telez\u0151 felt\u00fcntetni.<\/p>\n<p><span style=\"color: #ff0000;\">Amennyiben a beadott alkot\u00e1s m\u00e1s szem\u00e9ly, szem\u00e9lyek szerz\u0151i vagy egy\u00e9b szem\u00e9lyhez f\u0171z\u0151d\u0151 jogait s\u00e9rti, az esetben a s\u00e9relemb\u0151l fakad\u00f3 b\u00e1rmilyen jogi ig\u00e9ny tekintet\u00e9ben a p\u00e1ly\u00e1z\u00f3 ( illetve t\u00f6rv\u00e9nyes k\u00e9pvisel\u0151je) teljes felel\u0151ss\u00e9ggel tartozik \u00e9s k\u00f6teles a Heves Megyei Rend\u0151r-f\u0151kapit\u00e1nys\u00e1got minden nem\u0171 jogi ig\u00e9ny \u00e9rv\u00e9nyes\u00edt\u00e9se al\u00f3l mentes\u00edteni.<\/span><\/p>\n<p><span style=\"color: #ff0000;\">P\u00e1ly\u00e1z\u00f3 az alkot\u00e1sa p\u00e1ly\u00e1zati felh\u00edv\u00e1sra nevez\u00e9s\u00e9vel, \u00e9s annak a p\u00e1ly\u00e1zat ki\u00edr\u00f3j\u00e1nak t\u00f6rt\u00e9n\u0151 megk\u00fcld\u00e9s\u00e9vel d\u00edjig\u00e9ny\u00e9r\u0151l kifejezetten lemond az al\u00e1bbi felhaszn\u00e1l\u00e1sok tekintet\u00e9ben, illetve\u00a0 d\u00edjig\u00e9ny n\u00e9lk\u00fcl enged\u00e9lyezi, hogy:<\/span><\/p>\n<p>1.\/ A Heves Megyei Rend\u0151r-f\u0151kapit\u00e1nys\u00e1g a filmeket, a rajzokat, az irodalmi alkot\u00e1sokat a p\u00e1ly\u00e1zat idej\u00e9n a p\u00e1ly\u00e1zattal kapcsolatos fel\u00fcleteken, k\u00f6zt\u00fck a HMRFK hivatalos internetes oldal\u00e1n \u00e9s a p\u00e1ly\u00e1zat kapcs\u00e1n rendezett ki\u00e1ll\u00edt\u00e1son, f\u00f3rumokon k\u00f6zz\u00e9 tegye, a nyilv\u00e1noss\u00e1g sz\u00e1m\u00e1ra hozz\u00e1f\u00e9rhet\u0151v\u00e9 tegye<br \/>\n2.\/ A HMRFK id\u0151beli korl\u00e1t n\u00e9lk\u00fcl t\u00e1rolhassa \u00e9s felhaszn\u00e1lhassa az alkot\u00e1sokat saj\u00e1t, b\u0171nmegel\u0151z\u00e9si c\u00e9l\u00fa rendezv\u00e9nyein, f\u00f3rumokon, kiadv\u00e1nyaiban<\/p>\n<p>A bek\u00fcld\u00f6tt r\u00f6vidfilmeket, rajzot \u00e9s irodalmi alkot\u00e1sokat, tov\u00e1bb\u00e1 a nevez\u0151k adatait a Heves Megyei Rend\u0151r-f\u0151kapit\u00e1nys\u00e1g a p\u00e1ly\u00e1zatot t\u00e1mogat\u00f3 miniszt\u00e9riumon k\u00edv\u00fcl harmadik f\u00e9lnek nem adja ki.<\/p>\n<p>Jelentkez\u00e9s\u00e9vel a p\u00e1ly\u00e1z\u00f3 hozz\u00e1j\u00e1rul nev\u00e9nek a p\u00e1ly\u00e1zattal kapcsolatos jelentkez\u00e9s\u00e9t fogad\u00f3 szerv \u00e1ltali , sz\u00fcks\u00e9ges id\u0151tartam\u00fa kezel\u00e9s\u00e9hez \u00e9s a p\u00e1ly\u00e1zati eredm\u00e9nyhirdet\u00e9st \u00e9rint\u0151 nyilv\u00e1noss\u00e1gra hozatal\u00e1hoz.<\/p>\n<p>A 18. \u00e9let\u00e9v\u00e9t be nem t\u00f6lt\u00f6tt szem\u00e9lyek csak a t\u00f6rv\u00e9nyes k\u00e9pvisel\u0151 hozz\u00e1j\u00e1rul\u00f3 nyilatkozat\u00e1nak a p\u00e1ly\u00e1zati alkot\u00e1shoz csatol\u00e1s\u00e1val nevezhetnek.<\/p>\n<hr \/>\n<p><a href=\"http:\/\/www.petervasara.hu\/2013\/dox\/nyilatkozat.pdf\" target=\"_blank\">NYILATKOZAT A Heves Megyei Rend\u0151r-f\u0151kapit\u00e1nys\u00e1g \u201eSzertelen Biztons\u00e1g\u201d B\u0171nmegel\u0151z\u00e9si programj\u00e1nak p\u00e1ly\u00e1zat\u00e1n 18. \u00e9let\u00e9v\u00e9t be nem t\u00f6lt\u00f6tt nevez\u0151 r\u00e9szv\u00e9tel\u00e9nek felt\u00e9teleire<\/a><\/p>\n","protected":false},"excerpt":{"rendered":"A\u00a0 Heves Megyei Rend\u0151r-f\u0151kapit\u00e1nys\u00e1g \u201eSzertelen biztons\u00e1g\u201d b\u0171nmegel\u0151z\u00e9si\u00a0 programj\u00e1nak\u00a0 keret\u00e9ben p\u00e1ly\u00e1zatot hirdet 1.\/ 16-25. \u00e9ves fiatalok r\u00e9sz\u00e9re b\u0171nmegel\u0151z\u00e9si kisfilmek&hellip;\n","protected":false},"author":1,"featured_media":7190,"comment_status":"open","ping_status":"open","sticky":false,"template":"","format":"standard","meta":{"footnotes":""},"categories":[71],"tags":[],"views":2306,"_links":{"self":[{"href":"https:\/\/www.petervasara.hu\/2013\/index.php?rest_route=\/wp\/v2\/posts\/7189"}],"collection":[{"href":"https:\/\/www.petervasara.hu\/2013\/index.php?rest_route=\/wp\/v2\/posts"}],"about":[{"href":"https:\/\/www.petervasara.hu\/2013\/index.php?rest_route=\/wp\/v2\/types\/post"}],"author":[{"embeddable":true,"href":"https:\/\/www.petervasara.hu\/2013\/index.php?rest_route=\/wp\/v2\/users\/1"}],"replies":[{"embeddable":true,"href":"https:\/\/www.petervasara.hu\/2013\/index.php?rest_route=%2Fwp%2Fv2%2Fcomments&post=7189"}],"version-history":[{"count":3,"href":"https:\/\/www.petervasara.hu\/2013\/index.php?rest_route=\/wp\/v2\/posts\/7189\/revisions"}],"predecessor-version":[{"id":7193,"href":"https:\/\/www.petervasara.hu\/2013\/index.php?rest_route=\/wp\/v2\/posts\/7189\/revisions\/7193"}],"wp:featuredmedia":[{"embeddable":true,"href":"https:\/\/www.petervasara.hu\/2013\/index.php?rest_route=\/wp\/v2\/media\/7190"}],"wp:attachment":[{"href":"https:\/\/www.petervasara.hu\/2013\/index.php?rest_route=%2Fwp%2Fv2%2Fmedia&parent=7189"}],"wp:term":[{"taxonomy":"category","embeddable":true,"href":"https:\/\/www.petervasara.hu\/2013\/index.php?rest_route=%2Fwp%2Fv2%2Fcategories&post=7189"},{"taxonomy":"post_tag","embeddable":true,"href":"https:\/\/www.petervasara.hu\/2013\/index.php?rest_route=%2Fwp%2Fv2%2Ftags&post=7189"}],"curies":[{"name":"wp","href":"https:\/\/api.w.org\/{rel}","templated":true}]}}