{"id":7008,"date":"2014-10-22T09:33:02","date_gmt":"2014-10-22T07:33:02","guid":{"rendered":"http:\/\/www.petervasara.hu\/2013\/?p=7008"},"modified":"2014-10-22T09:33:02","modified_gmt":"2014-10-22T07:33:02","slug":"oktober-23-ai-unnepseg","status":"publish","type":"post","link":"https:\/\/www.petervasara.hu\/2013\/?p=7008","title":{"rendered":"Okt\u00f3ber 23-ai \u00fcnneps\u00e9g"},"content":{"rendered":"<p>P\u00e9terv\u00e1s\u00e1ra V\u00e1ros \u00d6nkorm\u00e1nyzata \u00e9s a Sz\u00e1nt\u00f3 Vezek\u00e9nyi Istv\u00e1n M\u0171vel\u0151d\u00e9s H\u00e1za szeretettel megh\u00edvja \u00d6nt \u00e9s kedves Csal\u00e1dj\u00e1t<\/p>\n<p><strong>2014. okt\u00f3ber 22-\u00e9n (szerd\u00e1n) 16.30 \u00f3r\u00e1t\u00f3l<\/strong><\/p>\n<p>a Sz\u00e1nt\u00f3 Vezek\u00e9nyi Istv\u00e1n M\u0171vel\u0151d\u00e9s H\u00e1za nagyterm\u00e9ben tartand\u00f3, az 1956-os Forradalom \u00e9s Szabads\u00e1gharc 58. \u00e9vfordul\u00f3ja alkalm\u00e1b\u00f3l rendezett \u00fcnneps\u00e9g\u00e9re.<\/p>\n<p><strong>PROGRAM:<\/strong><\/p>\n<blockquote><p>Himnusz<\/p>\n<p>R\u00e9ti \u00c1rp\u00e1d sz\u00ednm\u0171v\u00e9sz \u00fcnnepi el\u0151ad\u00e1sa<\/p>\n<p>\u00dcnnepi besz\u00e9det mond Eged Istv\u00e1n &#8211; P\u00e9terv\u00e1s\u00e1ra v\u00e1ros polg\u00e1rmestere<\/p>\n<p>Tam\u00e1si \u00c1ron \u00c1ltal\u00e1nos Iskola: \u201eAki magyar, vel\u00fcnk van!\u201d c\u00edm\u0171 m\u0171sora<\/p>\n<p>Sz\u00f3zat<\/p><\/blockquote>\n<p>Eml\u00e9kezz\u00fcnk egy\u00fctt!<\/p>\n","protected":false},"excerpt":{"rendered":"P\u00e9terv\u00e1s\u00e1ra V\u00e1ros \u00d6nkorm\u00e1nyzata \u00e9s a Sz\u00e1nt\u00f3 Vezek\u00e9nyi Istv\u00e1n M\u0171vel\u0151d\u00e9s H\u00e1za szeretettel megh\u00edvja \u00d6nt \u00e9s kedves Csal\u00e1dj\u00e1t 2014. okt\u00f3ber&hellip;\n","protected":false},"author":1,"featured_media":7010,"comment_status":"open","ping_status":"open","sticky":false,"template":"","format":"standard","meta":{"footnotes":""},"categories":[48,2],"tags":[],"views":4067,"_links":{"self":[{"href":"https:\/\/www.petervasara.hu\/2013\/index.php?rest_route=\/wp\/v2\/posts\/7008"}],"collection":[{"href":"https:\/\/www.petervasara.hu\/2013\/index.php?rest_route=\/wp\/v2\/posts"}],"about":[{"href":"https:\/\/www.petervasara.hu\/2013\/index.php?rest_route=\/wp\/v2\/types\/post"}],"author":[{"embeddable":true,"href":"https:\/\/www.petervasara.hu\/2013\/index.php?rest_route=\/wp\/v2\/users\/1"}],"replies":[{"embeddable":true,"href":"https:\/\/www.petervasara.hu\/2013\/index.php?rest_route=%2Fwp%2Fv2%2Fcomments&post=7008"}],"version-history":[{"count":1,"href":"https:\/\/www.petervasara.hu\/2013\/index.php?rest_route=\/wp\/v2\/posts\/7008\/revisions"}],"predecessor-version":[{"id":7009,"href":"https:\/\/www.petervasara.hu\/2013\/index.php?rest_route=\/wp\/v2\/posts\/7008\/revisions\/7009"}],"wp:featuredmedia":[{"embeddable":true,"href":"https:\/\/www.petervasara.hu\/2013\/index.php?rest_route=\/wp\/v2\/media\/7010"}],"wp:attachment":[{"href":"https:\/\/www.petervasara.hu\/2013\/index.php?rest_route=%2Fwp%2Fv2%2Fmedia&parent=7008"}],"wp:term":[{"taxonomy":"category","embeddable":true,"href":"https:\/\/www.petervasara.hu\/2013\/index.php?rest_route=%2Fwp%2Fv2%2Fcategories&post=7008"},{"taxonomy":"post_tag","embeddable":true,"href":"https:\/\/www.petervasara.hu\/2013\/index.php?rest_route=%2Fwp%2Fv2%2Ftags&post=7008"}],"curies":[{"name":"wp","href":"https:\/\/api.w.org\/{rel}","templated":true}]}}