{"id":6641,"date":"2014-04-29T13:52:05","date_gmt":"2014-04-29T11:52:05","guid":{"rendered":"http:\/\/www.petervasara.hu\/2013\/?p=6641"},"modified":"2014-04-29T13:53:20","modified_gmt":"2014-04-29T11:53:20","slug":"palyazati-felhivas","status":"publish","type":"post","link":"https:\/\/www.petervasara.hu\/2013\/?p=6641","title":{"rendered":"P\u00e1ly\u00e1zati felh\u00edv\u00e1s"},"content":{"rendered":"<p>P\u00e9terv\u00e1s\u00e1ra V\u00e1ros Fejl\u0151d\u00e9s\u00e9\u00e9rt K\u00f6zalap\u00edtv\u00e1ny<br \/>\nKurat\u00f3rium Eln\u00f6ke<br \/>\nP\u00e9terv\u00e1s\u00e1ra, Szent M\u00e1rton u. 3.<\/p>\n<h3 id=\"palyazati-felhivas\">P\u00e1ly\u00e1zati felh\u00edv\u00e1s<\/h3>\n<p>A kurat\u00f3rium alap\u00edt\u00f3 okirata 6. pontja \u00e9rtelm\u00e9ben p\u00e1ly\u00e1zatot \u00edr ki a k\u00f6zalap\u00edtv\u00e1ny vagyon\u00e1nak felhaszn\u00e1l\u00e1s\u00e1ra.<\/p>\n<p>A k\u00f6zalap\u00edtv\u00e1ny c\u00e9lja az alap\u00edt\u00f3 okirat szerint:<\/p>\n<p>&#8211; a telep\u00fcl\u00e9s \u00e9p\u00edtett \u00e9s term\u00e9szeti k\u00f6rnyezet\u00e9nek v\u00e9delme<br \/>\n&#8211; a telep\u00fcl\u00e9s k\u00f6zbiztons\u00e1ga felt\u00e9teleinek, a telep\u00fcl\u00e9stisztas\u00e1g helyzet\u00e9nek jav\u00edt\u00e1sa<br \/>\n&#8211; a szoci\u00e1lis \u00e9s eg\u00e9szs\u00e9g\u00fcgyi ell\u00e1t\u00e1s sz\u00ednvonal\u00e1nak emel\u00e9se<br \/>\n&#8211; az id\u0151skor\u00faak gondoz\u00e1sa, a helyi nyugd\u00edjas szervezet rendezv\u00e9nyeinek t\u00e1mogat\u00e1sa<br \/>\n&#8211; a gyermek \u00e9s ifj\u00fas\u00e1gv\u00e9delem ter\u00e9n a fiatalok megfelel\u0151 ir\u00e1ny\u00fa fejl\u0151d\u00e9s\u00e9nek kialak\u00edt\u00e1s\u00e1hoz sz\u00fcks\u00e9ges k\u00f6z\u00f6ss\u00e9gi tervek l\u00e9trehoz\u00e1s\u00e1ban val\u00f3 k\u00f6zrem\u0171k\u00f6d\u00e9s<br \/>\n&#8211; a k\u00f6zm\u0171vel\u0151d\u00e9s \u00e9s a sport t\u00e1mogat\u00e1sa<br \/>\n&#8211; a telep\u00fcl\u00e9s kultur\u00e1lis hagyom\u00e1nyait \u0151rz\u0151 \u00e9s fejleszt\u0151 csoportok, t\u00e1rsadalmi szervezetek t\u00e1mogat\u00e1sa<br \/>\n&#8211; a min\u0151s\u00e9gi oktat\u00f3, nevel\u0151 munk\u00e1hoz sz\u00fcks\u00e9ges t\u00e1rgyi felt\u00e9telekhez val\u00f3 hozz\u00e1j\u00e1rul\u00e1s, a p\u00e1ly\u00e1zati \u00f6ner\u0151 biztos\u00edt\u00e1sa az \u00f3voda \u00e9s az \u00e1ltal\u00e1nos iskola r\u00e9sz\u00e9re<br \/>\n&#8211; a tehets\u00e9ges, h\u00e1tr\u00e1nyos helyzet\u0171 tanul\u00f3k t\u00e1mogat\u00e1sa, az es\u00e9lyegyenl\u0151s\u00e9g felt\u00e9teleinek biztos\u00edt\u00e1sa \u00e9rdek\u00e9ben<br \/>\n&#8211; a kiemelked\u0151 tanulm\u00e1nyi eredm\u00e9nyt el\u00e9r\u0151, tanulm\u00e1nyi versenyeken kimagasl\u00f3 teljes\u00edtm\u00e9nyt ny\u00fajt\u00f3, p\u00e9ld\u00e1s k\u00f6z\u00f6ss\u00e9gi munk\u00e1t v\u00e9gz\u0151 tanul\u00f3k jutalmaz\u00e1sa<br \/>\n&#8211; az oktat\u00e1s, nevel\u00e9s ter\u00e9n kiemelked\u0151 eredm\u00e9nyeket el\u00e9r\u0151 pedag\u00f3gusok szakmai fejl\u0151d\u00e9s\u00e9t el\u0151seg\u00edt\u0151 anyagi t\u00e1mogat\u00e1s biztos\u00edt\u00e1sa<br \/>\n&#8211; a szoci\u00e1lis \u00e9s eg\u00e9szs\u00e9g\u00fcgyi ell\u00e1t\u00e1s sz\u00ednvonal\u00e1nak emel\u00e9se<\/p>\n<p>A p\u00e1ly\u00e1zatot \u00edr\u00e1sban k\u00e9rj\u00fck eljuttatni a kurat\u00f3rium eln\u00f6k\u00e9nek c\u00edm\u00e9re:<\/p>\n<p><strong>P\u00e9terv\u00e1s\u00e1ra V\u00e1ros Fejl\u0151d\u00e9s\u00e9\u00e9rt K\u00f6zalap\u00edtv\u00e1ny<\/strong><\/p>\n<p>V\u00e9gh Istv\u00e1n Eln\u00f6k \u00dar r\u00e9sz\u00e9re<br \/>\n3250 P\u00e9terv\u00e1s\u00e1ra, Szabads\u00e1g t\u00e9r 1.<\/p>\n<p><strong>A p\u00e1ly\u00e1zat beny\u00fajt\u00e1s\u00e1nak hat\u00e1rideje: 2014. m\u00e1jus 31.<\/strong><\/p>\n<p><b>Elb\u00edr\u00e1l\u00e1s: 2014. j\u00fanius eleje.<br \/>\n<\/b><\/p>\n<p>V\u00e9gh Istv\u00e1n<br \/>\nKurat\u00f3rium eln\u00f6ke<\/p>\n","protected":false},"excerpt":{"rendered":"P\u00e9terv\u00e1s\u00e1ra V\u00e1ros Fejl\u0151d\u00e9s\u00e9\u00e9rt K\u00f6zalap\u00edtv\u00e1ny Kurat\u00f3rium Eln\u00f6ke P\u00e9terv\u00e1s\u00e1ra, Szent M\u00e1rton u. 3. P\u00e1ly\u00e1zati felh\u00edv\u00e1s A kurat\u00f3rium alap\u00edt\u00f3 okirata 6.&hellip;\n","protected":false},"author":1,"featured_media":6484,"comment_status":"open","ping_status":"open","sticky":false,"template":"","format":"standard","meta":{"footnotes":""},"categories":[48],"tags":[],"views":2777,"_links":{"self":[{"href":"https:\/\/www.petervasara.hu\/2013\/index.php?rest_route=\/wp\/v2\/posts\/6641"}],"collection":[{"href":"https:\/\/www.petervasara.hu\/2013\/index.php?rest_route=\/wp\/v2\/posts"}],"about":[{"href":"https:\/\/www.petervasara.hu\/2013\/index.php?rest_route=\/wp\/v2\/types\/post"}],"author":[{"embeddable":true,"href":"https:\/\/www.petervasara.hu\/2013\/index.php?rest_route=\/wp\/v2\/users\/1"}],"replies":[{"embeddable":true,"href":"https:\/\/www.petervasara.hu\/2013\/index.php?rest_route=%2Fwp%2Fv2%2Fcomments&post=6641"}],"version-history":[{"count":2,"href":"https:\/\/www.petervasara.hu\/2013\/index.php?rest_route=\/wp\/v2\/posts\/6641\/revisions"}],"predecessor-version":[{"id":6643,"href":"https:\/\/www.petervasara.hu\/2013\/index.php?rest_route=\/wp\/v2\/posts\/6641\/revisions\/6643"}],"wp:featuredmedia":[{"embeddable":true,"href":"https:\/\/www.petervasara.hu\/2013\/index.php?rest_route=\/wp\/v2\/media\/6484"}],"wp:attachment":[{"href":"https:\/\/www.petervasara.hu\/2013\/index.php?rest_route=%2Fwp%2Fv2%2Fmedia&parent=6641"}],"wp:term":[{"taxonomy":"category","embeddable":true,"href":"https:\/\/www.petervasara.hu\/2013\/index.php?rest_route=%2Fwp%2Fv2%2Fcategories&post=6641"},{"taxonomy":"post_tag","embeddable":true,"href":"https:\/\/www.petervasara.hu\/2013\/index.php?rest_route=%2Fwp%2Fv2%2Ftags&post=6641"}],"curies":[{"name":"wp","href":"https:\/\/api.w.org\/{rel}","templated":true}]}}