{"id":6431,"date":"2013-02-24T15:14:06","date_gmt":"2013-02-24T14:14:06","guid":{"rendered":"http:\/\/www.petervasara.hu\/2013\/?p=6431"},"modified":"2014-02-24T15:34:03","modified_gmt":"2014-02-24T14:34:03","slug":"szocialis-iroda","status":"publish","type":"post","link":"https:\/\/www.petervasara.hu\/2013\/?p=6431","title":{"rendered":"Szoci\u00e1lis iroda"},"content":{"rendered":"<table width=\"700\" border=\"1\" cellpadding=\"10\">\n<tbody>\n<tr>\n<td align=\"center\">Hivatal megnevez\u00e9se:<\/td>\n<td align=\"center\" valign=\"top\">P\u00e9terv\u00e1s\u00e1rai K\u00f6z\u00f6s \u00d6nkorm\u00e1nyzati Hivatal<\/td>\n<\/tr>\n<tr>\n<td align=\"center\">Hivatal szervezeti fel\u00e9p\u00edt\u00e9se :<\/td>\n<td style=\"text-align: center;\" align=\"center\"><a href=\"http:\/\/www.petervasara.hu\/kozadat\/docs\/struktura.pdf\" target=\"_blank\"><strong>Szervezeti fel\u00e9p\u00edt\u00e9s<\/strong><\/a><\/td>\n<\/tr>\n<tr>\n<td align=\"center\">Hivatal el\u00e9rhet\u0151s\u00e9gei:<\/td>\n<td align=\"center\">C\u00edm: 3250 P\u00e9terv\u00e1s\u00e1ra, Szabads\u00e1g t\u00e9r 1.<br \/>\nTel.: (+36) 36 568-036<br \/>\nFax: (+36) 36 568-035<br \/>\nWeb: www.petervasara.hu<br \/>\nEmail : <a href=\"mailto:hivatal@petervasara.hu\">hivatal@petervasara.hu<\/a><\/td>\n<\/tr>\n<tr>\n<td align=\"center\">Iroda megnevez\u00e9se:<\/td>\n<td align=\"center\"><strong>Szoci\u00e1lis iroda<\/strong><\/td>\n<\/tr>\n<tr>\n<td align=\"center\">Iroda vezet\u0151je:<\/td>\n<td align=\"center\">dr. Varga Attila<\/td>\n<\/tr>\n<tr>\n<td align=\"center\">Iroda k\u00f6ztisztvisel\u0151i :<\/td>\n<td align=\"center\">Lakatos G\u00e1sp\u00e1rn\u00e9<br \/>\nCseszneg Edina<\/td>\n<\/tr>\n<tr>\n<td align=\"center\">Iroda \u00fcgyf\u00e9lfogad\u00e1si rendje:<\/td>\n<td align=\"center\">H\u00c9TF\u0150 : 8-12<br \/>\nKEDD : Az \u00fcgyf\u00e9lfogad\u00e1s sz\u00fcnetel<br \/>\nSZERDA : 8-16<br \/>\nCS\u00dcT\u00d6RT\u00d6K : Nincs \u00fcgyf\u00e9lfogad\u00e1s<br \/>\nP\u00c9NTEK : 8-12<\/td>\n<\/tr>\n<tr>\n<td align=\"center\" valign=\"top\">Irodai \u00fcgymenet:<\/td>\n<td><strong>Az \u00fcgyek elnevez\u00e9s\u00e9re kattintva t\u00e1j\u00e9koz\u00f3dhat a r\u00e9szletekr\u0151l.<\/strong><\/p>\n<ul>\n<li><a href=\"http:\/\/www.petervasara.hu\/kozadat\/index.php?option=com_content&amp;view=article&amp;id=124:epites&amp;catid=42:ugyleirasok&amp;Itemid=113\">Akt\u00edv kor\u00faak ell\u00e1t\u00e1sa<\/a><br \/>\n\u2013\u00a0 Rendelkez\u00e9sre \u00e1ll\u00e1si t\u00e1mogat\u00e1s<br \/>\n\u2013\u00a0 Rendszeres szoci\u00e1lis seg\u00e9ly<\/li>\n<li><a href=\"http:\/\/www.petervasara.hu\/kozadat\/index.php?option=com_content&amp;view=article&amp;id=125:atmeneti&amp;catid=42:ugyleirasok&amp;Itemid=113\">\u00c1tmeneti seg\u00e9ly<\/a><\/li>\n<li><a href=\"http:\/\/www.petervasara.hu\/kozadat\/index.php?option=com_content&amp;view=article&amp;id=126:atmeneti&amp;catid=42:ugyleirasok&amp;Itemid=113\">\u00c1pol\u00e1si d\u00edj<\/a><\/li>\n<li><a href=\"http:\/\/www.petervasara.hu\/kozadat\/index.php?option=com_content&amp;view=article&amp;id=127:atmeneti&amp;catid=42:ugyleirasok&amp;Itemid=113\">Bursa Hungarica Fels\u0151oktat\u00e1si \u00d6nkorm\u00e1nyzati \u00d6szt\u00f6nd\u00edjp\u00e1ly\u00e1zat<\/a><\/li>\n<li><a href=\"http:\/\/www.petervasara.hu\/kozadat\/index.php?option=com_content&amp;view=article&amp;id=128:atmeneti&amp;catid=42:ugyleirasok&amp;Itemid=113\">Eg\u00e9szs\u00e9g\u00fcgyi szolg\u00e1ltat\u00e1sra val\u00f3 jogosults\u00e1g<\/a><\/li>\n<li><a href=\"http:\/\/www.petervasara.hu\/kozadat\/index.php?option=com_content&amp;view=article&amp;id=129:atmeneti&amp;catid=42:ugyleirasok&amp;Itemid=113\">Id\u0151skor\u00faak j\u00e1rad\u00e9ka<\/a><\/li>\n<li><a href=\"http:\/\/www.petervasara.hu\/kozadat\/index.php?option=com_content&amp;view=article&amp;id=130:atmeneti&amp;catid=42:ugyleirasok&amp;Itemid=113\">K\u00f6zgy\u00f3gyell\u00e1t\u00e1s<\/a><\/li>\n<li><a href=\"http:\/\/www.petervasara.hu\/kozadat\/index.php?option=com_content&amp;view=article&amp;id=131:atmeneti&amp;catid=42:ugyleirasok&amp;Itemid=113\">Lak\u00e1sfenntart\u00e1si t\u00e1mogat\u00e1s<\/a><\/li>\n<li><a href=\"http:\/\/www.petervasara.hu\/kozadat\/index.php?option=com_content&amp;view=article&amp;id=133:atmeneti&amp;catid=42:ugyleirasok&amp;Itemid=113\">Temet\u00e9si seg\u00e9ly<\/a><\/li>\n<li><a href=\"http:\/\/www.petervasara.hu\/kozadat\/index.php?option=com_content&amp;view=article&amp;id=134:atmeneti&amp;catid=42:ugyleirasok&amp;Itemid=113\">Rendszeres gyermekv\u00e9delmi kedvezm\u00e9ny <\/a><\/li>\n<li><a href=\"http:\/\/www.petervasara.hu\/kozadat\/index.php?option=com_content&amp;view=article&amp;id=135:atmeneti&amp;catid=42:ugyleirasok&amp;Itemid=113\">Kieg\u00e9sz\u00edt\u0151 gyermekv\u00e9delmi t\u00e1mogat\u00e1s<\/a><\/li>\n<li><a href=\"http:\/\/www.petervasara.hu\/kozadat\/index.php?option=com_content&amp;view=article&amp;id=136:atmeneti&amp;catid=42:ugyleirasok&amp;Itemid=113\">\u00d3vod\u00e1ztat\u00e1si t\u00e1mogat\u00e1s<\/a><\/li>\n<li><a href=\"http:\/\/www.petervasara.hu\/kozadat\/index.php?option=com_content&amp;view=article&amp;id=137:atmeneti&amp;catid=42:ugyleirasok&amp;Itemid=113\">Rendk\u00edv\u00fcli gyermekv\u00e9delmi kedvezm\u00e9ny\n<p><\/a><\/li>\n<li><a href=\"http:\/\/www.petervasara.hu\/kozadat\/index.php?option=com_content&amp;view=article&amp;id=190:talalt&amp;catid=42:ugyleirasok&amp;Itemid=113\">Hat\u00f3s\u00e1gi bizony\u00edtv\u00e1nyok, igazol\u00e1sok ki\u00e1ll\u00edt\u00e1s\u00e1nak menete<\/a><\/li>\n<\/ul>\n<\/td>\n<\/tr>\n<tr>\n<td align=\"center\">az elektronikus kapcsolattart\u00e1shoz az \u00fcgyf\u00e9lkapu l\u00e9tes\u00edt\u00e9s\u00e9r\u0151l sz\u00f3l\u00f3 t\u00e1j\u00e9koztat\u00e1s:<\/td>\n<td align=\"center\">www.magyarorszag.hu<\/td>\n<\/tr>\n<tr>\n<td align=\"center\">az elektronikus kapcsolattart\u00e1s technikai szab\u00e1lyair\u00f3l \u00e9s az \u00fczemzavarr\u00f3l sz\u00f3l\u00f3 t\u00e1j\u00e9koztat\u00e1s:<\/td>\n<td align=\"center\">www.magyarorszag.hu<\/td>\n<\/tr>\n<\/tbody>\n<\/table>\n","protected":false},"excerpt":{"rendered":"Hivatal megnevez\u00e9se: P\u00e9terv\u00e1s\u00e1rai K\u00f6z\u00f6s \u00d6nkorm\u00e1nyzati Hivatal Hivatal szervezeti fel\u00e9p\u00edt\u00e9se : Szervezeti fel\u00e9p\u00edt\u00e9s Hivatal el\u00e9rhet\u0151s\u00e9gei: C\u00edm: 3250 P\u00e9terv\u00e1s\u00e1ra, Szabads\u00e1g&hellip;\n","protected":false},"author":1,"featured_media":0,"comment_status":"open","ping_status":"open","sticky":false,"template":"","format":"standard","meta":{"footnotes":""},"categories":[40],"tags":[],"views":3023,"_links":{"self":[{"href":"https:\/\/www.petervasara.hu\/2013\/index.php?rest_route=\/wp\/v2\/posts\/6431"}],"collection":[{"href":"https:\/\/www.petervasara.hu\/2013\/index.php?rest_route=\/wp\/v2\/posts"}],"about":[{"href":"https:\/\/www.petervasara.hu\/2013\/index.php?rest_route=\/wp\/v2\/types\/post"}],"author":[{"embeddable":true,"href":"https:\/\/www.petervasara.hu\/2013\/index.php?rest_route=\/wp\/v2\/users\/1"}],"replies":[{"embeddable":true,"href":"https:\/\/www.petervasara.hu\/2013\/index.php?rest_route=%2Fwp%2Fv2%2Fcomments&post=6431"}],"version-history":[{"count":1,"href":"https:\/\/www.petervasara.hu\/2013\/index.php?rest_route=\/wp\/v2\/posts\/6431\/revisions"}],"predecessor-version":[{"id":6432,"href":"https:\/\/www.petervasara.hu\/2013\/index.php?rest_route=\/wp\/v2\/posts\/6431\/revisions\/6432"}],"wp:attachment":[{"href":"https:\/\/www.petervasara.hu\/2013\/index.php?rest_route=%2Fwp%2Fv2%2Fmedia&parent=6431"}],"wp:term":[{"taxonomy":"category","embeddable":true,"href":"https:\/\/www.petervasara.hu\/2013\/index.php?rest_route=%2Fwp%2Fv2%2Fcategories&post=6431"},{"taxonomy":"post_tag","embeddable":true,"href":"https:\/\/www.petervasara.hu\/2013\/index.php?rest_route=%2Fwp%2Fv2%2Ftags&post=6431"}],"curies":[{"name":"wp","href":"https:\/\/api.w.org\/{rel}","templated":true}]}}