{"id":6356,"date":"2014-01-13T10:39:06","date_gmt":"2014-01-13T09:39:06","guid":{"rendered":"http:\/\/www.petervasara.hu\/2013\/?p=6356"},"modified":"2014-01-13T10:39:06","modified_gmt":"2014-01-13T09:39:06","slug":"felhivas-3","status":"publish","type":"post","link":"https:\/\/www.petervasara.hu\/2013\/?p=6356","title":{"rendered":"Felh\u00edv\u00e1s!"},"content":{"rendered":"<p align=\"center\"><strong>Tisztelt Lakoss\u00e1g!<\/strong><\/p>\n<p>T\u00e1j\u00e9koztatom a Lakoss\u00e1got, hogy <span style=\"text-decoration: underline;\">a helyi \u00d6nkorm\u00e1nyzatok rendeletben szab\u00e1lyozz\u00e1k a belter\u00fcleten val\u00f3 szabadt\u00e9ri \u00e9gest\u00e9st<\/span>. Az elm\u00falt \u00e9vek tapasztalata, hogy t\u00f6bb esetben a belter\u00fcleten val\u00f3 \u00e9get\u00e9s miatt bel- \u00e9s k\u00fclter\u00fcleten egyar\u00e1nt nagy sz\u00e1mban t\u0171zesetek alakultak ki. A t\u0171zeset kialakul\u00e1s\u00e1nak legf\u0151bb oka a belter\u00fcleti ter\u00fcletek nem megfelel\u0151 \u00e9get\u00e9se, a t\u0171z fel\u00fcgyelet n\u00e9lk\u00fcl hagy\u00e1sa. <b>A parlagon hagyott ter<\/b><b>\u00fcletek (nem m\u0171velt szabad ter\u00fcletek) t\u0171zeseteinek megel\u0151z\u00e9se a<b> <\/b>t<\/b><b>\u0171zolt\u00e1s felt\u00e9teleinek biztos\u00edt\u00e1sa a tulajdonos, a kezel\u0151, illetve haszn\u00e1l\u00f3 feladata.<\/b><\/p>\n<p>Az Egri Katasztr\u00f3fav\u00e9delmi Kirendelts\u00e9g ellen\u0151rz\u00e9st folytat az ism\u00e9tl\u0151d\u0151 t\u0171zesetek helysz\u00ednein. A gondozatlan ter\u00fcletek eset\u00e9n a ter\u00fclet haszn\u00e1l\u00f3ja fel\u00e9 hat\u00f3s\u00e1gi felh\u00edv\u00e1st adunk ki a term\u0151f\u00f6ld v\u00e9delm\u00e9r\u0151l sz\u00f3l\u00f3 t\u00f6rv\u00e9nyben el\u0151\u00edrt hasznos\u00edt\u00e1si, vagy mell\u00e9khasznos\u00edt\u00e1si k\u00f6telezetts\u00e9g elv\u00e9gz\u00e9s\u00e9re \u00e9s a k\u00f6telezetts\u00e9g elmulaszt\u00e1s\u00e1val j\u00e1r\u00f3 jogk\u00f6vetkezm\u00e9nyekr\u0151l. Amennyiben a hat\u00f3s\u00e1gi felh\u00edv\u00e1snak nem tesz eleget az \u00fcgyf\u00e9l, vele szemben a kiszabhat\u00f3 t\u0171zv\u00e9delmi b\u00edrs\u00e1g legkisebb m\u00e9rt\u00e9ke 60 000 Ft, legnagyobb m\u00e9rt\u00e9ke 200 000 Ft.<\/p>\n<p>A szabadt\u00e9ri t\u0171zesetet k\u00f6vet\u0151en a helysz\u00ednr\u0151l ellen\u0151rz\u00e9si jegyz\u0151k\u00f6nyvet vesz\u00fcnk fel \u00e9s a ter\u00fclet haszn\u00e1l\u00f3j\u00e1val szemben a sz\u00fcks\u00e9ges int\u00e9zked\u00e9seket megtessz\u00fck. A sz\u00e1nd\u00e9kos t\u0171zokoz\u00e1sok eset\u00e9ben a beavatkoz\u00e1sokkal kapcsolatos k\u00f6lts\u00e9gek megt\u00e9r\u00edt\u00e9s\u00e9t kezdem\u00e9nyezz\u00fck.<\/p>\n<p><b>Aki t<\/b><b>\u00fczet vagy annak k\u00f6zvetlen vesz\u00e9ly\u00e9t \u00e9szleli, k\u00f6teles azt halad\u00e9ktalanul jelezni a <\/b><b>t\u0171zolt\u00f3s\u00e1gnak, vagy ha erre nincs lehet\u0151s\u00e9ge, a rend\u0151rs\u00e9gnek vagy a ment\u0151szolg\u00e1latnak, <\/b><b>illet\u0151leg a telep\u00fcl\u00e9si \u00f6nkorm\u00e1nyzat polg\u00e1rmesteri hivatal\u00e1nak. Telefonsz\u00e1mok 112,105.<\/b><\/p>\n<p><span style=\"text-decoration: underline;\">A n<\/span><span style=\"text-decoration: underline;\">\u00f6v\u00e9nyi hullad\u00e9kok \u00e9get\u00e9s\u00e9nek szab\u00e1lyai:<\/span><\/p>\n<ol>\n<li>T\u0171zvesz\u00e9lyes tev\u00e9kenys\u00e9get tilos olyan helyen v\u00e9gezni, ahol az t\u00fczet vagy robban\u00e1st okozhat.<\/li>\n<li>Amennyiben a mag\u00e1nszem\u00e9ly azt nem saj\u00e1t tulajdon\u00e1ban l\u00e9v\u0151 ingatlanon folytatja, \u00fagy az \u00e9get\u00e9s felt\u00e9telek \u00edr\u00e1sbeli meghat\u00e1roz\u00e1sa sz\u00fcks\u00e9ges.<\/li>\n<li>A t\u0171zvesz\u00e9lyes tev\u00e9kenys\u00e9g befejez\u00e9se ut\u00e1n a munkav\u00e9gz\u0151 a helysz\u00ednt \u00e9s annak k\u00f6rnyezet\u00e9t t\u0171zv\u00e9delmi szempontb\u00f3l k\u00f6teles \u00e1tvizsg\u00e1lni \u00e9s minden olyan k\u00f6r\u00fclm\u00e9nyt megsz\u00fcntetni, ami t\u00fczet okozhat.<\/li>\n<li>A szabadban t\u00fczet gy\u00fajtani csak \u00fagy lehet, hogy az a k\u00f6rnyezet\u00e9re t\u0171z- vagy robban\u00e1svesz\u00e9lyt ne jelenthessen. Ennek \u00e9rdek\u00e9ben a k\u00f6rnyez\u0151 ter\u00fcletet ki kell tiszt\u00edtani \u00e9ghet\u0151 anyagokt\u00f3l, k\u00f6r\u00fcl kell sz\u00e1ntani, \u00e1sni.<\/li>\n<li>A szabadban a t\u00fczet \u0151rizetlen\u00fcl hagyni nem lehet. Vesz\u00e9ly eset\u00e9n, vagy ha arra sz\u00fcks\u00e9g nincs, a t\u00fczet azonnal el kell oltani.Szabadban a t\u00fczel\u00e9s haszn\u00e1lat\u00e1nak helysz\u00edn\u00e9n olyan eszk\u00f6z\u00f6ket \u00e9s felszerel\u00e9seket kell<br \/>\nk\u00e9szenl\u00e9tben tartani, amelyekkel a t\u0171z terjed\u00e9se megakad\u00e1lyozhat\u00f3, illet\u0151leg a t\u0171z elolthat\u00f3.<\/li>\n<\/ol>\n<p>Amennyiben a fenti t\u00e1j\u00e9koztat\u00f3val kapcsolatban k\u00e9rd\u00e9se van forduljon a katasztr\u00f3fav\u00e9delem helyi szerv\u00e9hez bizalommal.<\/p>\n","protected":false},"excerpt":{"rendered":"Tisztelt Lakoss\u00e1g! T\u00e1j\u00e9koztatom a Lakoss\u00e1got, hogy a helyi \u00d6nkorm\u00e1nyzatok rendeletben szab\u00e1lyozz\u00e1k a belter\u00fcleten val\u00f3 szabadt\u00e9ri \u00e9gest\u00e9st. Az elm\u00falt&hellip;\n","protected":false},"author":1,"featured_media":6357,"comment_status":"open","ping_status":"open","sticky":false,"template":"","format":"standard","meta":{"footnotes":""},"categories":[39],"tags":[],"views":2668,"_links":{"self":[{"href":"https:\/\/www.petervasara.hu\/2013\/index.php?rest_route=\/wp\/v2\/posts\/6356"}],"collection":[{"href":"https:\/\/www.petervasara.hu\/2013\/index.php?rest_route=\/wp\/v2\/posts"}],"about":[{"href":"https:\/\/www.petervasara.hu\/2013\/index.php?rest_route=\/wp\/v2\/types\/post"}],"author":[{"embeddable":true,"href":"https:\/\/www.petervasara.hu\/2013\/index.php?rest_route=\/wp\/v2\/users\/1"}],"replies":[{"embeddable":true,"href":"https:\/\/www.petervasara.hu\/2013\/index.php?rest_route=%2Fwp%2Fv2%2Fcomments&post=6356"}],"version-history":[{"count":1,"href":"https:\/\/www.petervasara.hu\/2013\/index.php?rest_route=\/wp\/v2\/posts\/6356\/revisions"}],"predecessor-version":[{"id":6358,"href":"https:\/\/www.petervasara.hu\/2013\/index.php?rest_route=\/wp\/v2\/posts\/6356\/revisions\/6358"}],"wp:featuredmedia":[{"embeddable":true,"href":"https:\/\/www.petervasara.hu\/2013\/index.php?rest_route=\/wp\/v2\/media\/6357"}],"wp:attachment":[{"href":"https:\/\/www.petervasara.hu\/2013\/index.php?rest_route=%2Fwp%2Fv2%2Fmedia&parent=6356"}],"wp:term":[{"taxonomy":"category","embeddable":true,"href":"https:\/\/www.petervasara.hu\/2013\/index.php?rest_route=%2Fwp%2Fv2%2Fcategories&post=6356"},{"taxonomy":"post_tag","embeddable":true,"href":"https:\/\/www.petervasara.hu\/2013\/index.php?rest_route=%2Fwp%2Fv2%2Ftags&post=6356"}],"curies":[{"name":"wp","href":"https:\/\/api.w.org\/{rel}","templated":true}]}}