{"id":6252,"date":"2013-11-06T08:39:06","date_gmt":"2013-11-06T07:39:06","guid":{"rendered":"http:\/\/www.petervasara.hu\/2013\/?p=6252"},"modified":"2013-11-06T08:39:06","modified_gmt":"2013-11-06T07:39:06","slug":"mi-egy-mas-avagy-mi-egyutt-masok-vagyunk","status":"publish","type":"post","link":"https:\/\/www.petervasara.hu\/2013\/?p=6252","title":{"rendered":"\u201eMI-EGY-M\u00c1S\u201d,  avagy Mi egy\u00fctt m\u00e1sok vagyunk!"},"content":{"rendered":"<p>Ezzel a c\u00edmmel ind\u00edtotta \u00fatj\u00e1ra a P\u00e9terv\u00e1s\u00e1rai Ifj\u00fas\u00e1gi Egyes\u00fclet 2013 augusztus\u00e1ban nyert <b>p\u00e1ly\u00e1zat\u00e1t<\/b>, melyet a <b>Norv\u00e9g Civil Alap<\/b> \u00edrt ki.\u00a0 A T\u00e1mogat\u00e1si \u00f6sszeg 7675 euro, azaz\u00a0 <b>2.225.750<\/b> Ft. A program 2013. 09. 01.- 2014. 08.31- ig tart.<\/p>\n<p>A projekt c\u00e9lja a P\u00e9terv\u00e1s\u00e1rai Ifj\u00fas\u00e1gi Egyes\u00fclet (PETIFE) tagjainak egy\u00fcttm\u0171k\u00f6d\u00e9s\u00e9vel a lak\u00e1sotthonokban \u00e9l\u0151 fiatalok sz\u00e1m\u00e1ra olyan programok szervez\u00e9se, melyek er\u0151s\u00edtik szem\u00e9lyes kapcsolataikat, seg\u00edtik konfliktusaik felold\u00e1s\u00e1t, azok kezel\u00e9s\u00e9t, a szabadid\u0151 hasznos elt\u00f6lt\u00e9s\u00e9t, illetve \u00faj ismeretek \u00e9s k\u00f6z\u00f6ss\u00e9gi \u00e9lm\u00e9nyek megszerz\u00e9s\u00e9t eredm\u00e9nyezik.<\/p>\n<p>Mindezt oly m\u00f3don k\u00edv\u00e1nj\u00e1k biztos\u00edtani, hogy a c\u00e9lcsoport tagjai a programok szervez\u00e9s\u00e9nek minden f\u00e1zis\u00e1ban r\u00e9szt vesznek, \u00edgy nem k\u00e9szen kapj\u00e1k azt, hanem a saj\u00e1t maguk munk\u00e1j\u00e1nak gy\u00fcm\u00f6lcs\u00e9t \u00e9lvezhetik. A program sor\u00e1n a PETIF\u00c9-sek \u00e9s a r\u00e9sztvev\u0151 gyermekek k\u00f6z\u00f6tti \u00d6nk\u00e9ntes P\u00e1rok kialak\u00edt\u00e1s\u00e1val seg\u00edtj\u00fck az egym\u00e1s megismer\u00e9s\u00e9t, elfogad\u00e1s\u00e1t. Ezzel egyidej\u0171leg kialakul egy \u00fagynevezett patron\u00e1l\u00e1si folyamat is, melynek hossz\u00fa t\u00e1v\u00fa fenntart\u00e1sa a c\u00e9l.<\/p>\n<p>A p\u00e1ly\u00e1zat f\u0151 c\u00e9lja a <b>kirekeszt\u00e9s \u00e9s rasszizmus elleni fell\u00e9p\u00e9s<\/b>, az int\u00e9zetben nevelked\u0151, h\u00e1tr\u00e1nyos helyzet\u0171 fiatalok ir\u00e1ny\u00e1ban kialakul\u00f3 el\u0151\u00edt\u00e9letek cs\u00f6kkent\u00e9se. Ennek el\u00e9r\u00e9s\u00e9t k\u00e9t szinten val\u00f3s\u00edtjuk meg. Egyr\u00e9szt kisfilm seg\u00edts\u00e9g\u00e9vel bemutatjuk \u00e9let\u00fck mozzanatait, m\u00e1sr\u00e9szt a PETIFE tags\u00e1g\u00e1val egy\u00fcttm\u0171k\u00f6dve akt\u00edvan bevonjuk \u0151ket, megjelen\u00e9st \u00e9s bemutatkoz\u00e1si lehet\u0151s\u00e9get biztos\u00edtunk sz\u00e1mukra a megval\u00f3s\u00edt\u00e1s sor\u00e1n. A t\u00e1rsadalom nagy h\u00e1nyada el\u0151\u00edt\u00e9lettel, semmilyen vagy hi\u00e1nyos inform\u00e1ci\u00f3val rendelkezik a lak\u00e1sotthonokban \u00e9l\u0151kkel szemben. Programunk megval\u00f3s\u00edt\u00e1s\u00e1val szeretn\u00e9nk cs\u00f6kkenteni ezt a h\u00e1tr\u00e1nyt.<\/p>\n<p>A p\u00e1ly\u00e1zat lehet\u0151s\u00e9get biztos\u00edt arra is, hogy sportnapot, hagyom\u00e1ny\u0151rz\u0151-napot, gyermekjogi vet\u00e9lked\u0151t, k\u00e9zm\u0171ves foglalkoz\u00e1sokat val\u00f3s\u00edtsunk meg, illetve el\u0151ad\u00e1st rendezz\u00fcnk a fenntarthat\u00f3 fejl\u0151d\u00e9sr\u0151l.<\/p>\n<p>A program sor\u00e1n a bentlak\u00f3 gyermekek \u00e9let\u00e9n k\u00edv\u00fcl a rendezv\u00e9nyek, a gyerekek munk\u00e1i \u00e9s \u00e9lm\u00e9nyeik ker\u00fclnek bemutat\u00e1sra.<\/p>\n<p><i>B\u00e1rdos Katalin<\/i><\/p>\n","protected":false},"excerpt":{"rendered":"Ezzel a c\u00edmmel ind\u00edtotta \u00fatj\u00e1ra a P\u00e9terv\u00e1s\u00e1rai Ifj\u00fas\u00e1gi Egyes\u00fclet 2013 augusztus\u00e1ban nyert p\u00e1ly\u00e1zat\u00e1t, melyet a Norv\u00e9g Civil Alap&hellip;\n","protected":false},"author":1,"featured_media":6253,"comment_status":"open","ping_status":"open","sticky":false,"template":"","format":"standard","meta":{"footnotes":""},"categories":[48],"tags":[69],"views":2981,"_links":{"self":[{"href":"https:\/\/www.petervasara.hu\/2013\/index.php?rest_route=\/wp\/v2\/posts\/6252"}],"collection":[{"href":"https:\/\/www.petervasara.hu\/2013\/index.php?rest_route=\/wp\/v2\/posts"}],"about":[{"href":"https:\/\/www.petervasara.hu\/2013\/index.php?rest_route=\/wp\/v2\/types\/post"}],"author":[{"embeddable":true,"href":"https:\/\/www.petervasara.hu\/2013\/index.php?rest_route=\/wp\/v2\/users\/1"}],"replies":[{"embeddable":true,"href":"https:\/\/www.petervasara.hu\/2013\/index.php?rest_route=%2Fwp%2Fv2%2Fcomments&post=6252"}],"version-history":[{"count":1,"href":"https:\/\/www.petervasara.hu\/2013\/index.php?rest_route=\/wp\/v2\/posts\/6252\/revisions"}],"predecessor-version":[{"id":6254,"href":"https:\/\/www.petervasara.hu\/2013\/index.php?rest_route=\/wp\/v2\/posts\/6252\/revisions\/6254"}],"wp:featuredmedia":[{"embeddable":true,"href":"https:\/\/www.petervasara.hu\/2013\/index.php?rest_route=\/wp\/v2\/media\/6253"}],"wp:attachment":[{"href":"https:\/\/www.petervasara.hu\/2013\/index.php?rest_route=%2Fwp%2Fv2%2Fmedia&parent=6252"}],"wp:term":[{"taxonomy":"category","embeddable":true,"href":"https:\/\/www.petervasara.hu\/2013\/index.php?rest_route=%2Fwp%2Fv2%2Fcategories&post=6252"},{"taxonomy":"post_tag","embeddable":true,"href":"https:\/\/www.petervasara.hu\/2013\/index.php?rest_route=%2Fwp%2Fv2%2Ftags&post=6252"}],"curies":[{"name":"wp","href":"https:\/\/api.w.org\/{rel}","templated":true}]}}