{"id":6238,"date":"2013-10-28T10:21:11","date_gmt":"2013-10-28T09:21:11","guid":{"rendered":"http:\/\/www.petervasara.hu\/2013\/?p=6238"},"modified":"2013-10-28T10:23:46","modified_gmt":"2013-10-28T09:23:46","slug":"elvarazsoltak-produkciojukkal-a-kozonseget-az-ovisok","status":"publish","type":"post","link":"https:\/\/www.petervasara.hu\/2013\/?p=6238","title":{"rendered":"Elvar\u00e1zsolt\u00e1k produkci\u00f3jukkal a k\u00f6z\u00f6ns\u00e9get az ovisok"},"content":{"rendered":"<p>A Napk\u00f6zi Otthonos \u00d3voda harminc \u00e9ves fenn\u00e1ll\u00e1s\u00e1t \u00fcnnepelt\u00e9k P\u00e9terv\u00e1s\u00e1r\u00e1n kicsik \u00e9s nagyok p\u00e9nteken. P\u00e9terv\u00e1s\u00e1r\u00e1n zs\u00fafol\u00e1sig megtelt a Sz\u00e1nt\u00f3 Vezek\u00e9nyi M\u0171vel\u0151d\u00e9si H\u00e1z nagyterme, ahol a Napk\u00f6zi Otthonos \u00d3voda fenn\u00e1ll\u00e1snak 30. \u00e9vfordul\u00f3j\u00e1t \u00fcnnepelt\u00e9k sz\u00fcl\u0151k, pedag\u00f3gusok, az egykori \u00e9s mostani \u00f3vod\u00e1sok. A hangulatos rendezv\u00e9nyen Eged Istv\u00e1n, a v\u00e1ros polg\u00e1rmestere k\u00f6sz\u00f6nt\u00f6tte az \u00fcnnepl\u0151ket, majd Dobi Istv\u00e1nn\u00e9 \u00f3vodavezet\u0151 eml\u00e9kezett vissza a h\u00e1rom \u00e9vtizedre.<\/p>\n<p>Ezt k\u00f6vet\u0151en az \u00f3voda \u00f6t csoportja, k\u00f6zt\u00fck a v\u00e1rasz\u00f3i \u00e9s a szajlai tag\u00f3voda kicsinyei l\u00e9ptek sz\u00ednpadra \u00e9s mutatt\u00e1k be sz\u00ednvonalas produkci\u00f3ikat, elvar\u00e1zsolva a k\u00f6z\u00f6ns\u00e9get.<\/p>\n<p>A m\u0171sor ut\u00e1n az \u00f3vodapedag\u00f3gusok k\u00f6tetlen tal\u00e1lkoz\u00f3n vettek r\u00e9szt.<\/p>\n<p><a href=\"http:\/\/www.heol.hu\/heves\/kozelet\/elvarazsoltak-produkciojukkal-a-kozonseget-az-ovisok-522259\" target=\"_blank\">Gal\u00e9ria az esem\u00e9nyr\u0151l a HEOL.hu oldal\u00e1n &gt;<\/a><\/p>\n","protected":false},"excerpt":{"rendered":"A Napk\u00f6zi Otthonos \u00d3voda harminc \u00e9ves fenn\u00e1ll\u00e1s\u00e1t \u00fcnnepelt\u00e9k P\u00e9terv\u00e1s\u00e1r\u00e1n kicsik \u00e9s nagyok p\u00e9nteken. P\u00e9terv\u00e1s\u00e1r\u00e1n zs\u00fafol\u00e1sig megtelt a Sz\u00e1nt\u00f3&hellip;\n","protected":false},"author":4,"featured_media":6239,"comment_status":"open","ping_status":"open","sticky":false,"template":"","format":"standard","meta":{"footnotes":""},"categories":[48],"tags":[],"views":2733,"_links":{"self":[{"href":"https:\/\/www.petervasara.hu\/2013\/index.php?rest_route=\/wp\/v2\/posts\/6238"}],"collection":[{"href":"https:\/\/www.petervasara.hu\/2013\/index.php?rest_route=\/wp\/v2\/posts"}],"about":[{"href":"https:\/\/www.petervasara.hu\/2013\/index.php?rest_route=\/wp\/v2\/types\/post"}],"author":[{"embeddable":true,"href":"https:\/\/www.petervasara.hu\/2013\/index.php?rest_route=\/wp\/v2\/users\/4"}],"replies":[{"embeddable":true,"href":"https:\/\/www.petervasara.hu\/2013\/index.php?rest_route=%2Fwp%2Fv2%2Fcomments&post=6238"}],"version-history":[{"count":3,"href":"https:\/\/www.petervasara.hu\/2013\/index.php?rest_route=\/wp\/v2\/posts\/6238\/revisions"}],"predecessor-version":[{"id":6242,"href":"https:\/\/www.petervasara.hu\/2013\/index.php?rest_route=\/wp\/v2\/posts\/6238\/revisions\/6242"}],"wp:featuredmedia":[{"embeddable":true,"href":"https:\/\/www.petervasara.hu\/2013\/index.php?rest_route=\/wp\/v2\/media\/6239"}],"wp:attachment":[{"href":"https:\/\/www.petervasara.hu\/2013\/index.php?rest_route=%2Fwp%2Fv2%2Fmedia&parent=6238"}],"wp:term":[{"taxonomy":"category","embeddable":true,"href":"https:\/\/www.petervasara.hu\/2013\/index.php?rest_route=%2Fwp%2Fv2%2Fcategories&post=6238"},{"taxonomy":"post_tag","embeddable":true,"href":"https:\/\/www.petervasara.hu\/2013\/index.php?rest_route=%2Fwp%2Fv2%2Ftags&post=6238"}],"curies":[{"name":"wp","href":"https:\/\/api.w.org\/{rel}","templated":true}]}}