{"id":6233,"date":"2013-10-28T10:16:33","date_gmt":"2013-10-28T09:16:33","guid":{"rendered":"http:\/\/www.petervasara.hu\/2013\/?p=6233"},"modified":"2013-10-28T10:17:44","modified_gmt":"2013-10-28T09:17:44","slug":"petervasarai-fiatalok-is-oldanak-az-eloiteleteket","status":"publish","type":"post","link":"https:\/\/www.petervasara.hu\/2013\/?p=6233","title":{"rendered":"P\u00e9terv\u00e1s\u00e1rai fiatalok is oldan\u00e1k az el\u00f6\u00edt\u00e9leteket"},"content":{"rendered":"<p>Mi egy\u00fctt m\u00e1sok vagyunk c\u00edmmel ind\u00edtotta \u00fatj\u00e1ra a P\u00e9terv\u00e1s\u00e1rai Ifj\u00fas\u00e1gi Egyes\u00fclet (PETIFE) nyertes p\u00e1ly\u00e1zat\u00e1t, melyet a Norv\u00e9g Civil T\u00e1mogat\u00e1si Alap \u00edrt ki.<\/p>\n<p>A 2 milli\u00f3 220 ezer forint t\u00e1mogat\u00e1ssal j\u00f6v\u0151 augusztusig\u00a0 az egyes\u00fclet tagjai a lak\u00e1sotthonokban \u00e9l\u0151 fiataloknak szerveznek programokat, melyek er\u0151s\u00edtik szem\u00e9lyes kapcsolataikat, seg\u00edtik konfliktusaik felold\u00e1s\u00e1t, kezel\u00e9s\u00e9t, a szabadid\u0151 hasznos elt\u00f6lt\u00e9s\u00e9t, \u00faj ismeretek \u00e9s k\u00f6z\u00f6ss\u00e9gi \u00e9lm\u00e9nyek megszerz\u00e9s\u00e9t hozz\u00e1k. A programban a PETIF\u00c9-sek \u00e9s a r\u00e9sztvev\u0151k k\u00f6z\u00f6tti \u00d6nk\u00e9ntes P\u00e1rok kialak\u00edt\u00e1s\u00e1val er\u0151s\u00edtik egym\u00e1s megismer\u00e9s\u00e9t, elfogad\u00e1s\u00e1t.<\/p>\n<p>A c\u00e9l a kirekeszt\u00e9s, a rasszizmus elleni fell\u00e9p\u00e9s, az int\u00e9zetben nevelked\u0151, h\u00e1tr\u00e1nyos helyzet\u0171 fiatalokkal kapcsolatos el\u0151\u00edt\u00e9letek cs\u00f6kkent\u00e9se. A tervek szerint kisfilmen bemutatj\u00e1k \u00e9let\u00fck mozzanatait, a PETIFE tags\u00e1g\u00e1val egy\u00fcttm\u0171k\u00f6dve bemutatkoz\u00e1si lehet\u0151s\u00e9get adnak sz\u00e1mukra.<\/p>\n<p>A t\u00e1rsadalom nagy h\u00e1nyada el\u0151\u00edt\u00e9lettel, semmilyen vagy hi\u00e1nyos inform\u00e1ci\u00f3val rendelkezik a lak\u00e1sotthonokban \u00e9l\u0151kkel szemben, ez\u00e9rt a program megval\u00f3s\u00edt\u00e1s\u00e1val szeretn\u00e9k cs\u00f6kkenteni e h\u00e1tr\u00e1nyt.<\/p>\n<p><em>forr\u00e1s: HEOL.hu<\/em><\/p>\n","protected":false},"excerpt":{"rendered":"Mi egy\u00fctt m\u00e1sok vagyunk c\u00edmmel ind\u00edtotta \u00fatj\u00e1ra a P\u00e9terv\u00e1s\u00e1rai Ifj\u00fas\u00e1gi Egyes\u00fclet (PETIFE) nyertes p\u00e1ly\u00e1zat\u00e1t, melyet a Norv\u00e9g Civil&hellip;\n","protected":false},"author":4,"featured_media":6234,"comment_status":"open","ping_status":"open","sticky":false,"template":"","format":"standard","meta":{"footnotes":""},"categories":[48],"tags":[],"views":2504,"_links":{"self":[{"href":"https:\/\/www.petervasara.hu\/2013\/index.php?rest_route=\/wp\/v2\/posts\/6233"}],"collection":[{"href":"https:\/\/www.petervasara.hu\/2013\/index.php?rest_route=\/wp\/v2\/posts"}],"about":[{"href":"https:\/\/www.petervasara.hu\/2013\/index.php?rest_route=\/wp\/v2\/types\/post"}],"author":[{"embeddable":true,"href":"https:\/\/www.petervasara.hu\/2013\/index.php?rest_route=\/wp\/v2\/users\/4"}],"replies":[{"embeddable":true,"href":"https:\/\/www.petervasara.hu\/2013\/index.php?rest_route=%2Fwp%2Fv2%2Fcomments&post=6233"}],"version-history":[{"count":3,"href":"https:\/\/www.petervasara.hu\/2013\/index.php?rest_route=\/wp\/v2\/posts\/6233\/revisions"}],"predecessor-version":[{"id":6237,"href":"https:\/\/www.petervasara.hu\/2013\/index.php?rest_route=\/wp\/v2\/posts\/6233\/revisions\/6237"}],"wp:featuredmedia":[{"embeddable":true,"href":"https:\/\/www.petervasara.hu\/2013\/index.php?rest_route=\/wp\/v2\/media\/6234"}],"wp:attachment":[{"href":"https:\/\/www.petervasara.hu\/2013\/index.php?rest_route=%2Fwp%2Fv2%2Fmedia&parent=6233"}],"wp:term":[{"taxonomy":"category","embeddable":true,"href":"https:\/\/www.petervasara.hu\/2013\/index.php?rest_route=%2Fwp%2Fv2%2Fcategories&post=6233"},{"taxonomy":"post_tag","embeddable":true,"href":"https:\/\/www.petervasara.hu\/2013\/index.php?rest_route=%2Fwp%2Fv2%2Ftags&post=6233"}],"curies":[{"name":"wp","href":"https:\/\/api.w.org\/{rel}","templated":true}]}}