{"id":5825,"date":"2011-10-12T14:14:51","date_gmt":"2011-10-12T12:14:51","guid":{"rendered":"http:\/\/www.petervasara.hu\/2013\/?p=5825"},"modified":"2013-05-27T14:19:20","modified_gmt":"2013-05-27T12:19:20","slug":"negyvenket-magyar-kapott-allampolgarsagot","status":"publish","type":"post","link":"https:\/\/www.petervasara.hu\/2013\/?p=5825","title":{"rendered":"Negyvenk\u00e9t magyar kapott \u00e1llampolg\u00e1rs\u00e1got"},"content":{"rendered":"<p><img decoding=\"async\" class=\"aligncenter\" alt=\"\" src=\"http:\/\/www.petervasara.hu\/new\/images\/stories\/magyarok\/_dsc0064.jpg\" \/><\/p>\n<p>&nbsp;<\/p>\n<p>Eg\u00e9szen P\u00e9terv\u00e1s\u00e1r\u00e1ig utaztak a gyulakutaiak, hogy hivatalosan is magyarok lehessenek. A Heves megyei telep\u00fcl\u00e9sen szerda d\u00e9lut\u00e1n negyvenk\u00e9t erd\u00e9lyi kapta meg a kett\u0151s \u00e1llampolg\u00e1rs\u00e1gr\u00f3l sz\u00f3l\u00f3 dokumentumokat.<\/p>\n<p>A v\u00e1ros t\u00f6rt\u00e9nelemk\u00f6nyve els\u0151 oldal\u00e1n fog d\u00edszelegni a testv\u00e9rtelep\u00fcl\u00e9sr\u0151l \u00e9rkez\u0151 nemzettestv\u00e9rek mai esk\u00fct\u00e9tele \u2013 hangs\u00falyozta besz\u00e9d\u00e9ben <b>Eged Istv\u00e1n<\/b>. P\u00e9terv\u00e1s\u00e1ra els\u0151 embere hozz\u00e1tette: ezt az esk\u00fct az erd\u00e9lyiek m\u00e1r sokszor \u00e9s sokf\u00e9lek\u00e9pp megfogalmazt\u00e1k kor\u00e1bban, mik\u00f6zben Magyarorsz\u00e1g hat\u00e1rain k\u00edv\u00fcl rekedve \u0151rizt\u00e9k k\u00f6z\u00f6s nyelv\u00fcnk, t\u00f6rt\u00e9nelm\u00fcnk \u00e9s tartott\u00e1k \u00e9letben mindm\u00e1ig a kisebbs\u00e9gben \u00e9l\u0151 magyar k\u00f6z\u00f6ss\u00e9get. \u2013 Messzir\u0151l j\u00f6ttek, Magyarorsz\u00e1gra \u00e9rkeztek \u00e9s P\u00e9terv\u00e1s\u00e1r\u00e1n itthon vannak \u2013 sz\u00f3lt az erd\u00e9lyiekhez a polg\u00e1rmester.<\/p>\n<p>&nbsp;<\/p>\n<p><img decoding=\"async\" class=\"aligncenter\" alt=\"\" src=\"http:\/\/www.petervasara.hu\/new\/images\/stories\/magyarok\/2152177_311_6887.jpg\" \/><\/p>\n<p>&nbsp;<\/p>\n<p>Gyulakuta els\u0151 embere is \u00fagy nyilatkozott, hogy a k\u00e9t telep\u00fcl\u00e9s \u00e9let\u00e9ben a szerdai esem\u00e9ny az egyik legfontosabb pillanat. <b>L\u00e1szl\u00f3 \u00c1rp\u00e1d<\/b> elmondta: \u00f3ri\u00e1si megk\u00f6nnyebb\u00fcl\u00e9st \u00e9s el\u00e9gt\u00e9telt jelent sz\u00e1mukra, hogy amit eddig csak a lelk\u00fckben \u0151rizhettek, a szerdai napon k\u00e9zzelfoghat\u00f3v\u00e1 is v\u00e1lt.<br \/>\nAz \u00fcnneps\u00e9gen Eged Istv\u00e1n bejelentette, hogy mind a negyvenk\u00e9t erd\u00e9lyit, imm\u00e1ron kett\u0151s \u00e1llampolg\u00e1rt tiszteletbeli polg\u00e1r\u00e1v\u00e1 fogadja a v\u00e1ros, tov\u00e1bb\u00e1 <b>L\u00e1szl\u00f3 \u00c1rp\u00e1d<\/b> \u00e9s <b>Cs\u00e1sz\u00e1r K\u00e1roly Zsolt<\/b> gyulakutai jegyz\u0151 pedig P\u00e9terv\u00e1s\u00e1ra d\u00edszpolg\u00e1ra lett.<\/p>\n<p>&nbsp;<\/p>\n<p><img decoding=\"async\" class=\"aligncenter\" alt=\"\" src=\"http:\/\/www.petervasara.hu\/new\/images\/stories\/magyarok\/2152173_311_6864.jpg\" \/><\/p>\n<p>&nbsp;<\/p>\n<p>A helyi Tam\u00e1si \u00c1ron \u00c1ltal\u00e1nos Iskola di\u00e1kjainak m\u0171sor\u00e1t \u00e9s a Rejtez\u0151 zenekar el\u0151ad\u00e1s\u00e1t k\u00f6vet\u0151en k\u00f6sz\u00f6nt\u0151j\u00e9ben<b> Sz\u00e1sz Jen\u0151<\/b>, az erd\u00e9lyi Magyar Polg\u00e1ri P\u00e1rt \u2013 amely tiszteletbeli eln\u00f6ke <b>dr. K\u00f6v\u00e9r L\u00e1szl\u00f3<\/b> \u2013 vezet\u0151je magyar felt\u00e1mad\u00e1snak nevezte az egyszer\u0171s\u00edtett honos\u00edt\u00e1sr\u00f3l sz\u00f3l\u00f3 t\u00f6rv\u00e9ny \u00e9letbe l\u00e9p\u00e9s\u00e9t. A politikus megjegyezte: felel\u0151ss\u00e9ggel is j\u00e1r, hogy hivatalosan is magyar \u00e1llampolg\u00e1rok lehettek. \u00dagy l\u00e1tja, hogy kell\u0151 lelkiismerettel \u00e9s felel\u0151ss\u00e9ggel fogj\u00e1k tov\u00e1bb sz\u0151ni azt a kelm\u00e9t, amely \u00f6sszek\u00f6ti a nemzetet.<\/p>\n<p>Az Orsz\u00e1ggy\u0171l\u00e9s eln\u00f6ke a honos\u00edt\u00e1si okiratok kioszt\u00e1s\u00e1t k\u00f6vet\u0151en az orsz\u00e1g jelenlegi helyzet\u00e9r\u0151l: m\u00e9ly \u00e9s \u00f6sszetett v\u00e1ls\u00e1gr\u00f3l besz\u00e9lt. Dr. K\u00f6v\u00e9r L\u00e1szl\u00f3 kifejtette, hogy ez a v\u00e1ls\u00e1g egyben lehet\u0151s\u00e9get is jelent az \u00fajj\u00e1szervez\u00e9sre. A korm\u00e1ny fontos int\u00e9zked\u00e9sei k\u00f6z\u00f6tt emlegette a kett\u0151s \u00e1llampolg\u00e1rs\u00e1gr\u00f3l sz\u00f3l\u00f3 t\u00f6rv\u00e9ny megalkot\u00e1s\u00e1t, de besz\u00e9lt a v\u00e1laszt\u00f3jog kiterjeszt\u00e9s\u00e9r\u0151l is. Ut\u00f3bbir\u00f3l elmondta: nem csak itthon, hanem az erd\u00e9lyi vezet\u0151k k\u00f6z\u00f6tt is lehetnek majd olyanok, akik fenntart\u00e1sokkal fogj\u00e1k kezelni ezt a lehet\u0151s\u00e9get. A h\u00e1zeln\u00f6k viszont \u00fagy v\u00e9li, a kett\u0151s \u00e1llampolg\u00e1roknak is biztos\u00edtani kell, hogy egy\u00fctt gondolkodjanak \u00e9s tegyenek az anyaorsz\u00e1g\u00e9rt.<\/p>\n<p>&nbsp;<\/p>\n<p><img decoding=\"async\" class=\"aligncenter\" alt=\"\" src=\"http:\/\/www.petervasara.hu\/new\/images\/stories\/magyarok\/2152179_311_6899.jpg\" \/><\/p>\n<p>&nbsp;<\/p>\n<p><a href=\"http:\/\/www.heol.hu\/heves\/kozelet\/kover-valasztojog-is-jarhat-az-allampolgarsag-melle-405450\" target=\"_blank\">A teljes cikk a HEOL.hu oldal\u00e1n olvashat\u00f3 &gt;<\/a><\/p>\n","protected":false},"excerpt":{"rendered":"&nbsp; Eg\u00e9szen P\u00e9terv\u00e1s\u00e1r\u00e1ig utaztak a gyulakutaiak, hogy hivatalosan is magyarok lehessenek. A Heves megyei telep\u00fcl\u00e9sen szerda d\u00e9lut\u00e1n negyvenk\u00e9t&hellip;\n","protected":false},"author":4,"featured_media":0,"comment_status":"open","ping_status":"open","sticky":false,"template":"","format":"standard","meta":{"footnotes":""},"categories":[41],"tags":[60],"views":2923,"_links":{"self":[{"href":"https:\/\/www.petervasara.hu\/2013\/index.php?rest_route=\/wp\/v2\/posts\/5825"}],"collection":[{"href":"https:\/\/www.petervasara.hu\/2013\/index.php?rest_route=\/wp\/v2\/posts"}],"about":[{"href":"https:\/\/www.petervasara.hu\/2013\/index.php?rest_route=\/wp\/v2\/types\/post"}],"author":[{"embeddable":true,"href":"https:\/\/www.petervasara.hu\/2013\/index.php?rest_route=\/wp\/v2\/users\/4"}],"replies":[{"embeddable":true,"href":"https:\/\/www.petervasara.hu\/2013\/index.php?rest_route=%2Fwp%2Fv2%2Fcomments&post=5825"}],"version-history":[{"count":3,"href":"https:\/\/www.petervasara.hu\/2013\/index.php?rest_route=\/wp\/v2\/posts\/5825\/revisions"}],"predecessor-version":[{"id":5829,"href":"https:\/\/www.petervasara.hu\/2013\/index.php?rest_route=\/wp\/v2\/posts\/5825\/revisions\/5829"}],"wp:attachment":[{"href":"https:\/\/www.petervasara.hu\/2013\/index.php?rest_route=%2Fwp%2Fv2%2Fmedia&parent=5825"}],"wp:term":[{"taxonomy":"category","embeddable":true,"href":"https:\/\/www.petervasara.hu\/2013\/index.php?rest_route=%2Fwp%2Fv2%2Fcategories&post=5825"},{"taxonomy":"post_tag","embeddable":true,"href":"https:\/\/www.petervasara.hu\/2013\/index.php?rest_route=%2Fwp%2Fv2%2Ftags&post=5825"}],"curies":[{"name":"wp","href":"https:\/\/api.w.org\/{rel}","templated":true}]}}