{"id":5742,"date":"2012-06-14T08:44:08","date_gmt":"2012-06-14T06:44:08","guid":{"rendered":"http:\/\/www.petervasara.hu\/2013\/?p=5742"},"modified":"2013-05-27T08:44:37","modified_gmt":"2013-05-27T06:44:37","slug":"nem-csak-szivukben-magyarok","status":"publish","type":"post","link":"https:\/\/www.petervasara.hu\/2013\/?p=5742","title":{"rendered":"Nem csak sz\u00edv\u00fckben magyarok"},"content":{"rendered":"<p><a href=\"http:\/\/www.petervasara.hu\/2013\/wp-content\/uploads\/2013\/05\/180265_esku.jpg\"><img loading=\"lazy\" decoding=\"async\" class=\"alignleft size-full wp-image-5743\" style=\"margin: 10px;\" alt=\"180265_esku\" src=\"http:\/\/www.petervasara.hu\/2013\/wp-content\/uploads\/2013\/05\/180265_esku.jpg\" width=\"360\" height=\"268\" srcset=\"https:\/\/www.petervasara.hu\/2013\/wp-content\/uploads\/2013\/05\/180265_esku.jpg 360w, https:\/\/www.petervasara.hu\/2013\/wp-content\/uploads\/2013\/05\/180265_esku-300x223.jpg 300w\" sizes=\"(max-width: 360px) 100vw, 360px\" \/><\/a>Tizenk\u00e9t erd\u00e9lyi sz\u00e1rmaz\u00e1s\u00fa ember tett szerd\u00e1n \u00fcnnep\u00e9lyes \u00e1llampolg\u00e1rs\u00e1gi esk\u00fct a p\u00e9terv\u00e1s\u00e1rai polg\u00e1rmesteri hivatalban.<\/p>\n<p>A megjelenteket Eged Istv\u00e1n polg\u00e1rmester k\u00f6sz\u00f6nt\u00f6tte, aki hangs\u00falyozta: \u2013 A haza, a nemzet \u00e9s az \u00e1llampolg\u00e1rs\u00e1g k\u00fcl\u00f6nb\u00f6z\u0151 szavak, de \u00f6sszef\u00fcgg\u0151 \u00e9rt\u00e9kek. Ezek \u00f6sszekapcsol\u00e1s\u00e1t seg\u00edti a kett\u0151s \u00e1llampolg\u00e1rs\u00e1gr\u00f3l sz\u00f3l\u00f3 t\u00f6rv\u00e9ny, ami lehet\u0151v\u00e9 tette, hogy az anyaorsz\u00e1g ism\u00e9t kebel\u00e9re \u00f6lelje az addig eltasz\u00edtottakat.<\/p>\n<p>A v\u00e1rosban az elm\u00falt id\u0151ben k\u00f6zel \u00f6tvenen tettek hasonl\u00f3 fogadalmat, s a k\u00e9relmek alapj\u00e1n tov\u00e1bbi t\u00edz szem\u00e9ly v\u00e1r e pillanatra.<\/p>\n<p><a href=\"http:\/\/www.heol.hu\/heves\/kozelet\/nem-csak-szivukben-magyarok-447224\" target=\"_blank\">Eredeti cikk a HEOL.hu-n<\/a><\/p>\n","protected":false},"excerpt":{"rendered":"Tizenk\u00e9t erd\u00e9lyi sz\u00e1rmaz\u00e1s\u00fa ember tett szerd\u00e1n \u00fcnnep\u00e9lyes \u00e1llampolg\u00e1rs\u00e1gi esk\u00fct a p\u00e9terv\u00e1s\u00e1rai polg\u00e1rmesteri hivatalban. A megjelenteket Eged Istv\u00e1n polg\u00e1rmester&hellip;\n","protected":false},"author":4,"featured_media":0,"comment_status":"open","ping_status":"open","sticky":false,"template":"","format":"standard","meta":{"footnotes":""},"categories":[41],"tags":[60,62],"views":2044,"_links":{"self":[{"href":"https:\/\/www.petervasara.hu\/2013\/index.php?rest_route=\/wp\/v2\/posts\/5742"}],"collection":[{"href":"https:\/\/www.petervasara.hu\/2013\/index.php?rest_route=\/wp\/v2\/posts"}],"about":[{"href":"https:\/\/www.petervasara.hu\/2013\/index.php?rest_route=\/wp\/v2\/types\/post"}],"author":[{"embeddable":true,"href":"https:\/\/www.petervasara.hu\/2013\/index.php?rest_route=\/wp\/v2\/users\/4"}],"replies":[{"embeddable":true,"href":"https:\/\/www.petervasara.hu\/2013\/index.php?rest_route=%2Fwp%2Fv2%2Fcomments&post=5742"}],"version-history":[{"count":3,"href":"https:\/\/www.petervasara.hu\/2013\/index.php?rest_route=\/wp\/v2\/posts\/5742\/revisions"}],"predecessor-version":[{"id":5746,"href":"https:\/\/www.petervasara.hu\/2013\/index.php?rest_route=\/wp\/v2\/posts\/5742\/revisions\/5746"}],"wp:attachment":[{"href":"https:\/\/www.petervasara.hu\/2013\/index.php?rest_route=%2Fwp%2Fv2%2Fmedia&parent=5742"}],"wp:term":[{"taxonomy":"category","embeddable":true,"href":"https:\/\/www.petervasara.hu\/2013\/index.php?rest_route=%2Fwp%2Fv2%2Fcategories&post=5742"},{"taxonomy":"post_tag","embeddable":true,"href":"https:\/\/www.petervasara.hu\/2013\/index.php?rest_route=%2Fwp%2Fv2%2Ftags&post=5742"}],"curies":[{"name":"wp","href":"https:\/\/api.w.org\/{rel}","templated":true}]}}