{"id":5719,"date":"2012-08-14T18:11:22","date_gmt":"2012-08-14T16:11:22","guid":{"rendered":"http:\/\/www.petervasara.hu\/2013\/?p=5719"},"modified":"2013-05-24T18:11:58","modified_gmt":"2013-05-24T16:11:58","slug":"edzotabor-petervasaran","status":"publish","type":"post","link":"https:\/\/www.petervasara.hu\/2013\/?p=5719","title":{"rendered":"Edz\u00f6t\u00e1bor P\u00e9terv\u00e1s\u00e1r\u00e1n"},"content":{"rendered":"<p><img decoding=\"async\" alt=\"\" src=\"http:\/\/www.petervasara.hu\/new\/images\/stories\/s4030478.jpg\" \/><\/p>\n<p>Augusztus m\u00e1sodik het\u00e9ben P\u00e9terv\u00e1s\u00e1r\u00e1n edz\u0151t\u00e1borozott a T\u00e1pi\u00f3szecs\u0151 FC U15 fi\u00fa \u00e9s U17 koroszt\u00e1lyos n\u0151i labdar\u00fag\u00f3 csapata. A Pest megyei NBIII-as csapat ut\u00e1np\u00f3tl\u00e1s koroszt\u00e1lyai h\u00e9tf\u0151t\u0151l vas\u00e1rnapig, napi k\u00e9t edz\u00e9ssel \u00e9s n\u00e9gy felk\u00e9sz\u00fcl\u00e9si m\u00e9rk\u0151z\u00e9ssel k\u00e9sz\u00fcltek a 2012\/2013-as szezon \u0151szi id\u00e9ny\u00e9re.<\/p>\n<p>A Bocsi Attila Sporttelepen megrendezett m\u00e9rk\u0151z\u00e9seken az Egri FC (4:1), a P\u00e9terv\u00e1s\u00e1ra SE (5:4), a Tarnalelesz (3:2) \u00e9s a Recsk SE (4:3) g\u00e1rd\u00e1ival tal\u00e1lkoztak a \u2019szecs\u0151iek.<\/p>\n<p><i>A csapat edz\u0151je, Szathm\u00e1ri M\u00e1rton \u00f6sszegezte az egyhetes t\u00e1bor tapasztalatait:<\/i><\/p>\n<p><i>\u201eKiv\u00e1l\u00f3 k\u00f6r\u00fclm\u00e9nyek, kedves emberek \u00e9s csod\u00e1latos k\u00f6rnyezet fogadott benn\u00fcnket P\u00e9terv\u00e1s\u00e1r\u00e1n. Az el\u0151zetesen eltervezett szakmai programunkat teljes m\u00e9rt\u00e9kben meg tudtuk val\u00f3s\u00edtani, kilenc edz\u00e9s\u00fcnk mellett n\u00e9gy m\u00e9rk\u0151z\u00e9sen l\u00e9phett\u00fcnk p\u00e1ly\u00e1ra. K\u00f6sz\u00f6nettel tartozunk a P\u00e9terv\u00e1s\u00e1ra SE vezet\u0151s\u00e9g\u00e9nek, edz\u0151inek a szakmai seg\u00edts\u00e9g\u00e9rt, a vend\u00e9gl\u00e1t\u00e1s\u00e9rt, a figyelmess\u00e9g\u00e9rt. <\/i><\/p>\n<p>Remek\u00fcl \u00e9rezte mag\u00e1t csapatunk!<\/p>\n<p>B\u00edzom benne, hogy a P\u00e9terv\u00e1s\u00e1ra \u00e9s T\u00e1pi\u00f3szecs\u0151 k\u00f6z\u00f6tt kialak\u00edtott j\u00f3bar\u00e1ti kapcsolat tov\u00e1bb er\u0151s\u00f6dik \u00e9s a k\u00f6zelj\u00f6v\u0151ben ism\u00e9t tal\u00e1lkozhatunk!<\/p>\n<p>Hajr\u00e1 P\u00e9terke!<\/p>\n<p><img decoding=\"async\" alt=\"\" src=\"http:\/\/www.petervasara.hu\/new\/images\/stories\/s4030493.jpg\" \/><\/p>\n<p><img decoding=\"async\" alt=\"\" src=\"http:\/\/www.petervasara.hu\/new\/images\/stories\/s4030499.jpg\" \/><\/p>\n<p><img decoding=\"async\" alt=\"\" src=\"http:\/\/www.petervasara.hu\/new\/images\/stories\/pv.jpg\" \/><\/p>\n","protected":false},"excerpt":{"rendered":"Augusztus m\u00e1sodik het\u00e9ben P\u00e9terv\u00e1s\u00e1r\u00e1n edz\u0151t\u00e1borozott a T\u00e1pi\u00f3szecs\u0151 FC U15 fi\u00fa \u00e9s U17 koroszt\u00e1lyos n\u0151i labdar\u00fag\u00f3 csapata. A Pest&hellip;\n","protected":false},"author":3,"featured_media":0,"comment_status":"open","ping_status":"open","sticky":false,"template":"","format":"standard","meta":{"footnotes":""},"categories":[41],"tags":[],"views":3613,"_links":{"self":[{"href":"https:\/\/www.petervasara.hu\/2013\/index.php?rest_route=\/wp\/v2\/posts\/5719"}],"collection":[{"href":"https:\/\/www.petervasara.hu\/2013\/index.php?rest_route=\/wp\/v2\/posts"}],"about":[{"href":"https:\/\/www.petervasara.hu\/2013\/index.php?rest_route=\/wp\/v2\/types\/post"}],"author":[{"embeddable":true,"href":"https:\/\/www.petervasara.hu\/2013\/index.php?rest_route=\/wp\/v2\/users\/3"}],"replies":[{"embeddable":true,"href":"https:\/\/www.petervasara.hu\/2013\/index.php?rest_route=%2Fwp%2Fv2%2Fcomments&post=5719"}],"version-history":[{"count":1,"href":"https:\/\/www.petervasara.hu\/2013\/index.php?rest_route=\/wp\/v2\/posts\/5719\/revisions"}],"predecessor-version":[{"id":5720,"href":"https:\/\/www.petervasara.hu\/2013\/index.php?rest_route=\/wp\/v2\/posts\/5719\/revisions\/5720"}],"wp:attachment":[{"href":"https:\/\/www.petervasara.hu\/2013\/index.php?rest_route=%2Fwp%2Fv2%2Fmedia&parent=5719"}],"wp:term":[{"taxonomy":"category","embeddable":true,"href":"https:\/\/www.petervasara.hu\/2013\/index.php?rest_route=%2Fwp%2Fv2%2Fcategories&post=5719"},{"taxonomy":"post_tag","embeddable":true,"href":"https:\/\/www.petervasara.hu\/2013\/index.php?rest_route=%2Fwp%2Fv2%2Ftags&post=5719"}],"curies":[{"name":"wp","href":"https:\/\/api.w.org\/{rel}","templated":true}]}}