{"id":5705,"date":"2012-09-24T17:32:16","date_gmt":"2012-09-24T15:32:16","guid":{"rendered":"http:\/\/www.petervasara.hu\/2013\/?p=5705"},"modified":"2013-05-24T17:59:16","modified_gmt":"2013-05-24T15:59:16","slug":"latvanyos-lovasnap-peervasaran","status":"publish","type":"post","link":"https:\/\/www.petervasara.hu\/2013\/?p=5705","title":{"rendered":"L\u00e1tv\u00e1nyos lovasnap P\u00e9terv\u00e1s\u00e1r\u00e1n"},"content":{"rendered":"<div><b><img loading=\"lazy\" decoding=\"async\" style=\"margin: 10px;\" alt=\"\" src=\"http:\/\/www.petervasara.hu\/new\/images\/stories\/2371503_312_4372.jpg\" width=\"383\" height=\"273\" align=\"left\" \/><\/b><\/div>\n<p><b>A sportp\u00e1lya mostant\u00f3l nem csak a focist\u00e1k\u00e9 \u2013 rem\u00e9lik, hagyom\u00e1ny lesz a rendezv\u00e9nyb\u0151l.<\/b><\/p>\n<p>Els\u0151 alkalommal rendeztek a p\u00e9terv\u00e1s\u00e1rai Bocsi Attila Sporttelepen lovas napot, ahol a nap folyam\u00e1n t\u00f6bb mint hetvenszer sz\u00f3lalt meg a start-cseng\u0151. A becsl\u00e9sek szerinti mintegy ezer l\u00e1togat\u00f3nak eg\u00e9sz nap kellemes kikapcsol\u00f3d\u00e1si lehet\u0151s\u00e9get ny\u00fajtott a rendezv\u00e9ny.<\/p>\n<p>D\u00edjugrat\u00f3k \u2013 hat kateg\u00f3ri\u00e1ban \u2013 \u00e9s fogathajt\u00f3k versenyeztek egym\u00e1ssal, a lovassport t\u00f6bb \u00faj rem\u00e9nys\u00e9ge is bemutatkozhatott, de jelen volt megy\u00e9nk k\u00e9t neves lovasa: a gy\u00f6ngy\u00f6si Majl\u00e1th Csaba, aki legut\u00f3bb a budapesti Nemzeti V\u00e1gt\u00e1n \u00e9rt el els\u0151 helyez\u00e9st, valamint sokak p\u00e9ldak\u00e9pe Apr\u00f3 J\u00f3zsef, d\u00edjugrat\u00f3 is.Az esem\u00e9ny f\u0151szervez\u0151j\u00e9nek, Gyetvai Zolt\u00e1nnak a munk\u00e1j\u00e1t minden jelenl\u00e9v\u0151 szakember csak dics\u00e9rni tudta, \u00e9s egybehangz\u00f3an azt nyilatkozt\u00e1k: rem\u00e9lik, hagyom\u00e1nyt tudnak teremteni a p\u00e9terv\u00e1s\u00e1rai lovas napb\u00f3l.<\/p>\n<p><i>Forr\u00e1s : HEOL.hu<\/i><\/p>\n<ul>\n<li><a href=\"http:\/\/www.heol.hu\/heves\/kozelet\/latvanyos-lovasnap-petervasaran-462777\" target=\"_blank\">Gal\u00e9ria a HEOL.hu-n<\/a><\/li>\n<li><a href=\"https:\/\/picasaweb.google.com\/102760545299824334787\/ALovakatLefenykepezikUgyePetervasaraiLovasNapok20120922?authuser=0&amp;authkey=Gv1sRgCO6Hgs_m8NO97gE&amp;feat=directlink\" target=\"_blank\">Szegedi J\u00f3zsef k\u00e9pei a Facebook-on<\/a><\/li>\n<\/ul>\n<p>&nbsp;<\/p>\n<p>&nbsp;<\/p>\n<p><img loading=\"lazy\" decoding=\"async\" class=\"size-full wp-image-5709 alignnone\" alt=\"plakat\" src=\"http:\/\/www.petervasara.hu\/2013\/wp-content\/uploads\/2012\/09\/plakat.jpg\" width=\"550\" height=\"787\" srcset=\"https:\/\/www.petervasara.hu\/2013\/wp-content\/uploads\/2012\/09\/plakat.jpg 550w, https:\/\/www.petervasara.hu\/2013\/wp-content\/uploads\/2012\/09\/plakat-209x300.jpg 209w\" sizes=\"(max-width: 550px) 100vw, 550px\" \/><\/p>\n","protected":false},"excerpt":{"rendered":"A sportp\u00e1lya mostant\u00f3l nem csak a focist\u00e1k\u00e9 \u2013 rem\u00e9lik, hagyom\u00e1ny lesz a rendezv\u00e9nyb\u0151l. Els\u0151 alkalommal rendeztek a p\u00e9terv\u00e1s\u00e1rai&hellip;\n","protected":false},"author":4,"featured_media":0,"comment_status":"open","ping_status":"open","sticky":false,"template":"","format":"standard","meta":{"footnotes":""},"categories":[41],"tags":[],"views":2970,"_links":{"self":[{"href":"https:\/\/www.petervasara.hu\/2013\/index.php?rest_route=\/wp\/v2\/posts\/5705"}],"collection":[{"href":"https:\/\/www.petervasara.hu\/2013\/index.php?rest_route=\/wp\/v2\/posts"}],"about":[{"href":"https:\/\/www.petervasara.hu\/2013\/index.php?rest_route=\/wp\/v2\/types\/post"}],"author":[{"embeddable":true,"href":"https:\/\/www.petervasara.hu\/2013\/index.php?rest_route=\/wp\/v2\/users\/4"}],"replies":[{"embeddable":true,"href":"https:\/\/www.petervasara.hu\/2013\/index.php?rest_route=%2Fwp%2Fv2%2Fcomments&post=5705"}],"version-history":[{"count":6,"href":"https:\/\/www.petervasara.hu\/2013\/index.php?rest_route=\/wp\/v2\/posts\/5705\/revisions"}],"predecessor-version":[{"id":5708,"href":"https:\/\/www.petervasara.hu\/2013\/index.php?rest_route=\/wp\/v2\/posts\/5705\/revisions\/5708"}],"wp:attachment":[{"href":"https:\/\/www.petervasara.hu\/2013\/index.php?rest_route=%2Fwp%2Fv2%2Fmedia&parent=5705"}],"wp:term":[{"taxonomy":"category","embeddable":true,"href":"https:\/\/www.petervasara.hu\/2013\/index.php?rest_route=%2Fwp%2Fv2%2Fcategories&post=5705"},{"taxonomy":"post_tag","embeddable":true,"href":"https:\/\/www.petervasara.hu\/2013\/index.php?rest_route=%2Fwp%2Fv2%2Ftags&post=5705"}],"curies":[{"name":"wp","href":"https:\/\/api.w.org\/{rel}","templated":true}]}}