{"id":5700,"date":"2012-09-28T17:29:23","date_gmt":"2012-09-28T15:29:23","guid":{"rendered":"http:\/\/www.petervasara.hu\/2013\/?p=5700"},"modified":"2013-05-27T08:34:47","modified_gmt":"2013-05-27T06:34:47","slug":"13-milliardos-tamogatas","status":"publish","type":"post","link":"https:\/\/www.petervasara.hu\/2013\/?p=5700","title":{"rendered":"13 milli\u00e1rdos t\u00e1mogat\u00e1s"},"content":{"rendered":"<p><a href=\"http:\/\/www.petervasara.hu\/2013\/wp-content\/uploads\/2012\/09\/umvp_allo_1.jpg\"><img loading=\"lazy\" decoding=\"async\" class=\"aligncenter size-full wp-image-5702\" alt=\"umvp_allo_1\" src=\"http:\/\/www.petervasara.hu\/2013\/wp-content\/uploads\/2012\/09\/umvp_allo_1.jpg\" width=\"459\" height=\"432\" srcset=\"https:\/\/www.petervasara.hu\/2013\/wp-content\/uploads\/2012\/09\/umvp_allo_1.jpg 459w, https:\/\/www.petervasara.hu\/2013\/wp-content\/uploads\/2012\/09\/umvp_allo_1-300x282.jpg 300w\" sizes=\"(max-width: 459px) 100vw, 459px\" \/><\/a><\/p>\n<p>\u00d6sszesen mintegy 13 milli\u00e1rd forinttal t\u00e1mogatja a vid\u00e9kfejleszt\u00e9si t\u00e1rca a vid\u00e9ki \u00e9letmin\u0151s\u00e9g jav\u00edt\u00e1s\u00e1t. A Dar\u00e1nyi Ign\u00e1c Tervben falumeg\u00faj\u00edt\u00e1sra \u00e9s -fejleszt\u00e9sre 8 milli\u00e1rd, a vid\u00e9ki \u00f6r\u00f6ks\u00e9g meg\u0151rz\u00e9s\u00e9re pedig \u00f6tmilli\u00e1rd forint jut &#8211; mondta V. N\u00e9meth Zsolt vid\u00e9kfejleszt\u00e9s\u00e9rt felel\u0151s \u00e1llamtitk\u00e1r Budapesten tartott sajt\u00f3t\u00e1j\u00e9koztat\u00f3j\u00e1n.<\/p>\n<p>A t\u00e1mogat\u00e1sra \u00f6nkorm\u00e1nyzatok, azok t\u00e1rsul\u00e1sai, nonprofit szervezetek \u00e9s egyh\u00e1zi jogi szem\u00e9lyek p\u00e1ly\u00e1zhatnak okt\u00f3ber 15. \u00e9s november 15. k\u00f6z\u00f6tt.<\/p>\n<p>A p\u00e1ly\u00e1zati p\u00e9nzekb\u0151l jut majd a t\u00f6bbi k\u00f6z\u00f6tt a n\u00e9pi \u00e9p\u00edt\u00e9szet eml\u00e9keinek meg\u00f3v\u00e1s\u00e1ra, de a helyi piacok l\u00e9trehoz\u00e1s\u00e1ra is. Mindk\u00e9t p\u00e1ly\u00e1zatn\u00e1l \u00fajdons\u00e1g, hogy b\u0151v\u00edt\u00e9sre is fel lehet haszn\u00e1lni az \u00f6sszegeket. A t\u00e1mogat\u00e1si k\u00e9relmeket a ter\u00fcletileg illet\u00e9kes LEADER Helyi Akci\u00f3csoportokhoz lehet beadni \u2013 t\u00e1j\u00e9koztatott az \u00e1llamtitk\u00e1r.<\/p>\n<p>V. N\u00e9meth Zsolt eml\u00e9keztetett: a p\u00e1ly\u00e1zhat\u00f3 \u00f6sszegek elt\u00e9r\u0151 m\u00e9rt\u00e9k\u0171ek att\u00f3l f\u00fcgg\u0151en, hogy az orsz\u00e1g k\u00fcl\u00f6nb\u00f6z\u0151 ter\u00fcletein a LEADER Helyi Akci\u00f3csoportok eddig mennyit haszn\u00e1ltak fel forr\u00e1saikb\u00f3l. Vannak t\u00e9rs\u00e9gek, ahol a rendelkez\u00e9sre \u00e1ll\u00f3 forr\u00e1s 10 milli\u00f3 forint, m\u00e1shol viszont el\u00e9ri a 100 milli\u00f3 forintos nagys\u00e1grendet.<\/p>\n<p>Az \u00e1llamtitk\u00e1r kit\u00e9rt arra is, hogy a t\u00e1mogat\u00e1s a legt\u00f6bb esetben 100 sz\u00e1zal\u00e9kos m\u00e9rt\u00e9k\u0171.<\/p>\n<p>A p\u00e1ly\u00e1zatokat 5-5,5 h\u00f3nap alatt b\u00edr\u00e1lj\u00e1k el. Emellett a nyertes p\u00e1ly\u00e1z\u00f3knak az els\u0151 sz\u00e1ml\u00e1t &#8211; amelynek legal\u00e1bb t\u00edz sz\u00e1zal\u00e9kos m\u00e9rt\u00e9k\u0171nek kell lennie &#8211; hat h\u00f3napon bel\u00fcl be kell ny\u00fajtania, illetve k\u00e9t \u00e9ven bel\u00fcl be kell fejeznie a beruh\u00e1z\u00e1st.<\/p>\n<div>\n<div>\n<div><i>kormany.hu\/MTI<\/i>Forr\u00e1s: <a href=\"http:\/\/umvp.eu\/?q=sajtoszemle\/13-milliardos-tamogatas\" target=\"_blank\">http:\/\/umvp.eu\/?q=sajtoszemle\/13-milliardos-tamogatas<\/a><\/p>\n<\/div>\n<\/div>\n<\/div>\n<hr \/>\n<p>\u00c9szak Hevesi 33 Vid\u00e9kfejleszt\u00e9si K\u00f6zhaszn\u00fa Egyes\u00fclet<br \/>\n3250 P\u00e9terv\u00e1s\u00e1ra Keglevich \u00fat 26. Postafi\u00f3k 23.<br \/>\nTel: 06 20 3603646<br \/>\nTel\/Fax: 06 36 368 414<br \/>\ne-mail c\u00edm: <a href=\"mailto:hevesi33@citromail.hu\">hevesi33@citromail.hu<\/a><\/p>\n<p>&nbsp;<\/p>\n","protected":false},"excerpt":{"rendered":"\u00d6sszesen mintegy 13 milli\u00e1rd forinttal t\u00e1mogatja a vid\u00e9kfejleszt\u00e9si t\u00e1rca a vid\u00e9ki \u00e9letmin\u0151s\u00e9g jav\u00edt\u00e1s\u00e1t. A Dar\u00e1nyi Ign\u00e1c Tervben falumeg\u00faj\u00edt\u00e1sra&hellip;\n","protected":false},"author":6,"featured_media":0,"comment_status":"open","ping_status":"open","sticky":false,"template":"","format":"standard","meta":{"footnotes":""},"categories":[41],"tags":[55],"views":2445,"_links":{"self":[{"href":"https:\/\/www.petervasara.hu\/2013\/index.php?rest_route=\/wp\/v2\/posts\/5700"}],"collection":[{"href":"https:\/\/www.petervasara.hu\/2013\/index.php?rest_route=\/wp\/v2\/posts"}],"about":[{"href":"https:\/\/www.petervasara.hu\/2013\/index.php?rest_route=\/wp\/v2\/types\/post"}],"author":[{"embeddable":true,"href":"https:\/\/www.petervasara.hu\/2013\/index.php?rest_route=\/wp\/v2\/users\/6"}],"replies":[{"embeddable":true,"href":"https:\/\/www.petervasara.hu\/2013\/index.php?rest_route=%2Fwp%2Fv2%2Fcomments&post=5700"}],"version-history":[{"count":5,"href":"https:\/\/www.petervasara.hu\/2013\/index.php?rest_route=\/wp\/v2\/posts\/5700\/revisions"}],"predecessor-version":[{"id":5733,"href":"https:\/\/www.petervasara.hu\/2013\/index.php?rest_route=\/wp\/v2\/posts\/5700\/revisions\/5733"}],"wp:attachment":[{"href":"https:\/\/www.petervasara.hu\/2013\/index.php?rest_route=%2Fwp%2Fv2%2Fmedia&parent=5700"}],"wp:term":[{"taxonomy":"category","embeddable":true,"href":"https:\/\/www.petervasara.hu\/2013\/index.php?rest_route=%2Fwp%2Fv2%2Fcategories&post=5700"},{"taxonomy":"post_tag","embeddable":true,"href":"https:\/\/www.petervasara.hu\/2013\/index.php?rest_route=%2Fwp%2Fv2%2Ftags&post=5700"}],"curies":[{"name":"wp","href":"https:\/\/api.w.org\/{rel}","templated":true}]}}