{"id":5693,"date":"2012-10-17T16:19:42","date_gmt":"2012-10-17T14:19:42","guid":{"rendered":"http:\/\/www.petervasara.hu\/2013\/?p=5693"},"modified":"2013-05-24T17:28:51","modified_gmt":"2013-05-24T15:28:51","slug":"az-iskolanak-gyujtottek-a-balozok","status":"publish","type":"post","link":"https:\/\/www.petervasara.hu\/2013\/?p=5693","title":{"rendered":"Az iskol\u00e1nak gy\u00fcjt\u00f6ttek a b\u00e1loz\u00f3k"},"content":{"rendered":"<p><a href=\"http:\/\/www.petervasara.hu\/2013\/wp-content\/uploads\/2013\/05\/bal2012.jpg\"><img loading=\"lazy\" decoding=\"async\" class=\"aligncenter size-full wp-image-5694\" alt=\"bal2012\" src=\"http:\/\/www.petervasara.hu\/2013\/wp-content\/uploads\/2013\/05\/bal2012.jpg\" width=\"380\" height=\"285\" srcset=\"https:\/\/www.petervasara.hu\/2013\/wp-content\/uploads\/2013\/05\/bal2012.jpg 380w, https:\/\/www.petervasara.hu\/2013\/wp-content\/uploads\/2013\/05\/bal2012-300x225.jpg 300w\" sizes=\"(max-width: 380px) 100vw, 380px\" \/><\/a><\/p>\n<h3 id=\"szombaton-este-a-petervasarai-arany-kakas-fogadoban-masodik-alkalommal-rendeztek-meg-a-helyi-tamasi-aron-altalanos-iskola-javara-a-jotekonysagi-balt\">Szombaton este a p\u00e9terv\u00e1s\u00e1rai Arany Kakas Fogad\u00f3ban m\u00e1sodik alkalommal rendezt\u00e9k meg a helyi Tam\u00e1si \u00c1ron \u00c1ltal\u00e1nos Iskola jav\u00e1ra a j\u00f3t\u00e9konys\u00e1gi b\u00e1lt.<\/h3>\n<p>Az est\u00e9t Eged Istv\u00e1n polg\u00e1rmester \u00far \u00e9s V\u00e9gh Istv\u00e1n igazgat\u00f3 \u00far besz\u00e9de nyitotta meg. A jelenl\u00e9v\u0151k finom vacsora ut\u00e1n, \u00e9l\u0151 zen\u00e9re t\u00e1ncolhattak hajnalig, amit csak az \u00e9rt\u00e9kes aj\u00e1nd\u00e9kokkal megt\u00f6lt\u00f6tt tombolasorsol\u00e1s szak\u00edtott f\u00e9lbe. Az est bev\u00e9tele 140 ezer forint lett, amit az iskola megviselt udvari j\u00e1t\u00e9kainak fel\u00faj\u00edt\u00e1s\u00e1ra aj\u00e1nlottak fel a szervez\u0151k. A b\u00e1lt nem csak a r\u00e9sztvev\u0151k t\u00e1mogatt\u00e1k, hanem a t\u00e1mogat\u00f3i jegyet v\u00e1s\u00e1rl\u00f3k \u00e9s a tombol\u00e1ba felaj\u00e1nl\u00f3 helyi v\u00e1llalkoz\u00f3k \u00e9s mag\u00e1nszem\u00e9lyek is. Ez\u00faton is szeretn\u00e9nk megk\u00f6sz\u00f6nni mindenkinek a t\u00e1mogat\u00e1s\u00e1t, az iskola tanul\u00f3i \u00e9s a szervez\u0151k nev\u00e9ben is.<\/p>\n","protected":false},"excerpt":{"rendered":"Szombaton este a p\u00e9terv\u00e1s\u00e1rai Arany Kakas Fogad\u00f3ban m\u00e1sodik alkalommal rendezt\u00e9k meg a helyi Tam\u00e1si \u00c1ron \u00c1ltal\u00e1nos Iskola jav\u00e1ra&hellip;\n","protected":false},"author":3,"featured_media":0,"comment_status":"open","ping_status":"open","sticky":false,"template":"","format":"standard","meta":{"footnotes":""},"categories":[41],"tags":[],"views":2524,"_links":{"self":[{"href":"https:\/\/www.petervasara.hu\/2013\/index.php?rest_route=\/wp\/v2\/posts\/5693"}],"collection":[{"href":"https:\/\/www.petervasara.hu\/2013\/index.php?rest_route=\/wp\/v2\/posts"}],"about":[{"href":"https:\/\/www.petervasara.hu\/2013\/index.php?rest_route=\/wp\/v2\/types\/post"}],"author":[{"embeddable":true,"href":"https:\/\/www.petervasara.hu\/2013\/index.php?rest_route=\/wp\/v2\/users\/3"}],"replies":[{"embeddable":true,"href":"https:\/\/www.petervasara.hu\/2013\/index.php?rest_route=%2Fwp%2Fv2%2Fcomments&post=5693"}],"version-history":[{"count":5,"href":"https:\/\/www.petervasara.hu\/2013\/index.php?rest_route=\/wp\/v2\/posts\/5693\/revisions"}],"predecessor-version":[{"id":5699,"href":"https:\/\/www.petervasara.hu\/2013\/index.php?rest_route=\/wp\/v2\/posts\/5693\/revisions\/5699"}],"wp:attachment":[{"href":"https:\/\/www.petervasara.hu\/2013\/index.php?rest_route=%2Fwp%2Fv2%2Fmedia&parent=5693"}],"wp:term":[{"taxonomy":"category","embeddable":true,"href":"https:\/\/www.petervasara.hu\/2013\/index.php?rest_route=%2Fwp%2Fv2%2Fcategories&post=5693"},{"taxonomy":"post_tag","embeddable":true,"href":"https:\/\/www.petervasara.hu\/2013\/index.php?rest_route=%2Fwp%2Fv2%2Ftags&post=5693"}],"curies":[{"name":"wp","href":"https:\/\/api.w.org\/{rel}","templated":true}]}}