{"id":5690,"date":"2012-11-07T16:15:04","date_gmt":"2012-11-07T15:15:04","guid":{"rendered":"http:\/\/www.petervasara.hu\/2013\/?p=5690"},"modified":"2013-05-24T16:18:54","modified_gmt":"2013-05-24T14:18:54","slug":"evtizedek-ota-szolgaljak-a-lakossagot","status":"publish","type":"post","link":"https:\/\/www.petervasara.hu\/2013\/?p=5690","title":{"rendered":"\u00c9vtizedek \u00f3ta szolg\u00e1lj\u00e1k a lakoss\u00e1got"},"content":{"rendered":"<h3 id=\"nemregiben-petervasaran-is-kituntettek-a-varosert-evtizedek-ota-onzetlenul-dolgozokat\">Nemr\u00e9giben P\u00e9terv\u00e1s\u00e1r\u00e1n is kit\u00fcntett\u00e9k a v\u00e1ros\u00e9rt \u00e9vtizedek \u00f3ta \u00f6nzetlen\u00fcl dolgoz\u00f3kat.<\/h3>\n<p>Az \u00f6nkorm\u00e1nyzat \u00e1ltal alap\u00edtott elismer\u00e9seket <b>Eged Istv\u00e1n<\/b> polg\u00e1rmester adta \u00e1t. <strong>P\u00e1l Istv\u00e1nn\u00e9<\/strong> lelkiismeretes munk\u00e1j\u00e1val \u00e9s seg\u00edt\u0151k\u00e9szs\u00e9g\u00e9vel 2005 \u00f3ta seg\u00edti a p\u00e9terkei hivatal m\u0171k\u00f6d\u00e9s\u00e9t, ahol el\u0151sz\u00f6r az okm\u00e1nyirod\u00e1n, majd munka- \u00e9s szem\u00e9ly\u00fcgyesk\u00e9nt szolg\u00e1lta a lak\u00f3kat. \u0150 a P\u00e9terv\u00e1s\u00e1ra Szolg\u00e1lat\u00e1\u00e9rt kit\u00fcntet\u0151 c\u00edmet vehette \u00e1t.<\/p>\n<p><strong>P\u00e1l Imr\u00e9t<\/strong> is P\u00e9terv\u00e1s\u00e1ra Szolg\u00e1lat\u00e1\u00e9rt d\u00edjjal t\u00fcntett\u00e9k ki. Nev\u00e9hez f\u0171z\u0151dik a p\u00e9terv\u00e1s\u00e1rai templom fel\u00faj\u00edt\u00e1sa sor\u00e1n a teljes k\u00f6r\u0171 villanyszerel\u00e9si munk\u00e1k elv\u00e9gz\u00e9se, de \u00e9vek \u00f3ta jelent\u0151s szerepet v\u00e1llal a k\u00f6zvil\u00e1g\u00edt\u00e1s szerel\u00e9s\u00e9ben, a v\u00e1rosban tartott rendezv\u00e9nyek \u00e1ramell\u00e1t\u00e1s\u00e1nak biztos\u00edt\u00e1s\u00e1ban, kar\u00e1csonyi dekor\u00e1ci\u00f3k kihelyez\u00e9s\u00e9ben is.<\/p>\n<p><strong>Eged J\u00e1nost<\/strong> P\u00e9terv\u00e1s\u00e1r\u00e1\u00e9rt kit\u00fcntet\u00e9sben r\u00e9szes\u00edtette a v\u00e1ros k\u00e9pvisel\u0151-test\u00fclete. \u0150 \u00e9vekig tan\u00edtott a helyi mez\u0151gazdas\u00e1gi \u00e9s szakk\u00f6z\u00e9piskol\u00e1ban, 1990-ben kinevezt\u00e9k a helyi szakiskola koll\u00e9giumi vezet\u0151j\u00e9v\u00e9. A mai napig is akt\u00edv nyugd\u00edjask\u00e9nt tev\u00e9kenykedik a v\u00e1rosban, szeretettel \u00e9s megalapozott tud\u00e1ssal n\u00e9pszer\u0171s\u00edti a v\u00e1ros m\u00faltj\u00e1t, s annak \u00e9rt\u00e9keit.<\/p>\n<p>forr\u00e1s : <a href=\"http:\/\/www.heol.hu\/heves\/kozelet\/evtizedek-ota-szolgaljak-a-lakossagot-468988\" target=\"_blank\">www.heol.hu<\/a><\/p>\n","protected":false},"excerpt":{"rendered":"Nemr\u00e9giben P\u00e9terv\u00e1s\u00e1r\u00e1n is kit\u00fcntett\u00e9k a v\u00e1ros\u00e9rt \u00e9vtizedek \u00f3ta \u00f6nzetlen\u00fcl dolgoz\u00f3kat. Az \u00f6nkorm\u00e1nyzat \u00e1ltal alap\u00edtott elismer\u00e9seket Eged Istv\u00e1n polg\u00e1rmester&hellip;\n","protected":false},"author":4,"featured_media":0,"comment_status":"open","ping_status":"open","sticky":false,"template":"","format":"standard","meta":{"footnotes":""},"categories":[41],"tags":[],"views":2519,"_links":{"self":[{"href":"https:\/\/www.petervasara.hu\/2013\/index.php?rest_route=\/wp\/v2\/posts\/5690"}],"collection":[{"href":"https:\/\/www.petervasara.hu\/2013\/index.php?rest_route=\/wp\/v2\/posts"}],"about":[{"href":"https:\/\/www.petervasara.hu\/2013\/index.php?rest_route=\/wp\/v2\/types\/post"}],"author":[{"embeddable":true,"href":"https:\/\/www.petervasara.hu\/2013\/index.php?rest_route=\/wp\/v2\/users\/4"}],"replies":[{"embeddable":true,"href":"https:\/\/www.petervasara.hu\/2013\/index.php?rest_route=%2Fwp%2Fv2%2Fcomments&post=5690"}],"version-history":[{"count":2,"href":"https:\/\/www.petervasara.hu\/2013\/index.php?rest_route=\/wp\/v2\/posts\/5690\/revisions"}],"predecessor-version":[{"id":5692,"href":"https:\/\/www.petervasara.hu\/2013\/index.php?rest_route=\/wp\/v2\/posts\/5690\/revisions\/5692"}],"wp:attachment":[{"href":"https:\/\/www.petervasara.hu\/2013\/index.php?rest_route=%2Fwp%2Fv2%2Fmedia&parent=5690"}],"wp:term":[{"taxonomy":"category","embeddable":true,"href":"https:\/\/www.petervasara.hu\/2013\/index.php?rest_route=%2Fwp%2Fv2%2Fcategories&post=5690"},{"taxonomy":"post_tag","embeddable":true,"href":"https:\/\/www.petervasara.hu\/2013\/index.php?rest_route=%2Fwp%2Fv2%2Ftags&post=5690"}],"curies":[{"name":"wp","href":"https:\/\/api.w.org\/{rel}","templated":true}]}}