{"id":5663,"date":"2011-08-24T11:01:08","date_gmt":"2011-08-24T09:01:08","guid":{"rendered":"http:\/\/www.petervasara.hu\/2013\/?p=5663"},"modified":"2013-05-24T11:04:01","modified_gmt":"2013-05-24T09:04:01","slug":"a-jovo-megalapozasa","status":"publish","type":"post","link":"https:\/\/www.petervasara.hu\/2013\/?p=5663","title":{"rendered":"&#8220;A j\u00f6v\u00f6 megalapoz\u00e1sa&#8221;"},"content":{"rendered":"<div>\n<ul>\n<li>\n<blockquote><p>Projekt neve : \u201dA J\u00d6V\u0150 MEGALAPOZ\u00c1SA\u201d Komplex program<\/p><\/blockquote>\n<\/li>\n<li>\n<blockquote><p>K\u00f6zrem\u0171k\u00f6d\u0151 szervezet :<b> <\/b>A \u201eJ\u00d6V\u0150\u00c9RT\u201d Szoci\u00e1lis, Gyermek-, \u00e9s Ifj\u00fas\u00e1gv\u00e9d\u0151 Alap\u00edtv\u00e1ny<\/p><\/blockquote>\n<\/li>\n<li>\n<blockquote><p>Azonos\u00edt\u00f3 : <b>T\u00c1MOP-5.3.1-C-09\/2-2010-0060<\/b><\/p><\/blockquote>\n<\/li>\n<li>\n<blockquote><p><b>T\u00e1mogat\u00e1s \u00f6sszege: 70.305.545.- forint.<\/b><\/p><\/blockquote>\n<\/li>\n<li>\n<blockquote><p>A projekt az Eur\u00f3pai Uni\u00f3 \u00e9s a Magyar \u00c1llam t\u00e1mogat\u00e1s\u00e1val, az Eur\u00f3pai Szoci\u00e1lis Alap t\u00e1rsfinansz\u00edroz\u00e1s\u00e1val val\u00f3sul meg.<\/p><\/blockquote>\n<\/li>\n<\/ul>\n<\/div>\n<p>A \u201eJ\u00d6V\u0150\u00c9RT\u201d Szoci\u00e1lis, Gyermek-, \u00e9s Ifj\u00fas\u00e1gv\u00e9d\u0151 Alap\u00edtv\u00e1ny az Egri, a B\u00e9lap\u00e1tfalvai, a P\u00e9terv\u00e1s\u00e1rai Kist\u00e9rs\u00e9gek T\u00f6bbc\u00e9l\u00fa T\u00e1rsul\u00e1sok ter\u00fclet\u00e9n, a T\u00e1rsul\u00e1sokkal egy\u00fcttm\u0171k\u00f6dve val\u00f3s\u00edtja meg a T\u00c1MOP-5.3.1-C-09\/2-2010-0060 azonos\u00edt\u00e1si sz\u00e1m\u00fa, \u201dA J\u00d6V\u0150 MEGALAPOZ\u00c1SA\u201d Komplex programot.<br \/>\nA projekt az Eur\u00f3pai Uni\u00f3 \u00e9s a Magyar \u00c1llam t\u00e1mogat\u00e1s\u00e1val,<br \/>\naz Eur\u00f3pai Szoci\u00e1lis Alap t\u00e1rsfinansz\u00edroz\u00e1s\u00e1val val\u00f3sul meg.<br \/>\nA t\u00e1mogat\u00e1s m\u00e9rt\u00e9ke: 70.305.545.- forint.<\/p>\n<p><b>A program c\u00e9lja:<\/b><br \/>\nA T\u00f6bbc\u00e9l\u00fa T\u00e1rsul\u00e1sokhoz tartoz\u00f3 telep\u00fcl\u00e9seken \u00e9l\u0151, foglalkoztat\u00e1s szempontj\u00e1b\u00f3l legh\u00e1tr\u00e1nyosabb csoportok k\u00f6z\u00e9 tartoz\u00f3, alacsony iskolai v\u00e9gzetts\u00e9g\u0171, 18-30 \u00e9let\u00e9v k\u00f6z\u00f6tti, munkatapasztalattal nem rendelkez\u0151, \u00f6t \u00e9ve nem (vagy csak k\u00f6zmunkaprogramokban) foglalkoztatott, inakt\u00edv, a Munka\u00fcgyi Kirendelts\u00e9gek \u00e1ltal nyilv\u00e1ntartott, els\u0151sorban roma sz\u00e1rmaz\u00e1s\u00fa csoportok t\u00e1rsadalmi \u00e9s munkaer\u0151-piaci integr\u00e1ci\u00f3j\u00e1nak seg\u00edt\u00e9se.<\/p>\n<p>A \u201eJ\u00d6V\u0150 MEGALAPOZ\u00c1SA\u201d program a legnehezebb \u00e9lethelyzetben l\u00e9v\u0151knek \u00faj t\u00e1vlatokat alapoz meg egy olyan komplex szolg\u00e1ltat\u00e1srendszerrel, amely az egy\u00e9nek megl\u00e9v\u0151 k\u00e9pess\u00e9geire \u00e9p\u00edt, \u00e9s t\u00f6bb a szoci\u00e1lis munk\u00e1ban a munkaer\u0151-piacon \u00e9rdekelt \u00f6nkorm\u00e1nyzat, kist\u00e9rs\u00e9gi t\u00e1rsul\u00e1s, int\u00e9zm\u00e9ny, szervezet, civil k\u00f6z\u00f6ss\u00e9g szoros egy\u00fcttm\u0171k\u00f6d\u00e9s\u00e9n alapul. A c\u00e9lcsoport tagok konkr\u00e9t seg\u00edts\u00e9get kapnak \u00f6n\u00e1ll\u00f3 \u00e9letvitel\u00fck, foglalkoztathat\u00f3s\u00e1guk \u00e9s t\u00e1rsadalmi integr\u00e1ci\u00f3juk jav\u00edt\u00e1s\u00e1hoz, \u00e9rdekl\u0151d\u00e9s\u00fcknek, felk\u00e9sz\u00fclts\u00e9g\u00fcknek megfelel\u0151, OKJ-s szakma megszerz\u00e9s\u00e9hez.<\/p>\n<p>A programhoz csatlakozni k\u00edv\u00e1n\u00f3kat az alap\u00edtv\u00e1ny munkat\u00e1rsai az al\u00e1bbi id\u0151pontokban fogadj\u00e1k:<br \/>\nEgerben: minden munkanapon 8.00 \u2013 16.00 \u00f3r\u00e1ig<br \/>\nEger, Hadnagy \u00fat 6. sz\u00e1m<br \/>\nP\u00e9terv\u00e1s\u00e1r\u00e1n: minden cs\u00fct\u00f6rt\u00f6k\u00f6n 9.00 \u2013 11.00 \u00f3r\u00e1ig<br \/>\na P\u00e9terv\u00e1s\u00e1rai Kist\u00e9rs\u00e9g Irod\u00e1j\u00e1ban<br \/>\nP\u00e9terv\u00e1s\u00e1ra, Kossuth Lajos \u00fat 1.<\/p>\n<p>Egy\u00e9b el\u00e9rhet\u0151s\u00e9g: Telefon\/fax: 00-36-36-311-633<br \/>\ne-mail: <a href=\"mailto:ajovoert@freemail.hu\">ajovoert@freemail.hu<\/a><br \/>\n<a href=\"http:\/\/www.ajovoert.5mp.eu\" target=\"_blank\"> www.ajovoert.5mp.eu<\/a><\/p>\n<p><img decoding=\"async\" class=\"aligncenter\" alt=\"\" src=\"http:\/\/www.petervasara.hu\/new\/images\/stories\/jovotabla.jpg\" \/><\/p>\n","protected":false},"excerpt":{"rendered":"Projekt neve : \u201dA J\u00d6V\u0150 MEGALAPOZ\u00c1SA\u201d Komplex program K\u00f6zrem\u0171k\u00f6d\u0151 szervezet : A \u201eJ\u00d6V\u0150\u00c9RT\u201d Szoci\u00e1lis, Gyermek-, \u00e9s Ifj\u00fas\u00e1gv\u00e9d\u0151 Alap\u00edtv\u00e1ny&hellip;\n","protected":false},"author":1,"featured_media":0,"comment_status":"open","ping_status":"open","sticky":false,"template":"","format":"standard","meta":{"footnotes":""},"categories":[61],"tags":[],"views":7627,"_links":{"self":[{"href":"https:\/\/www.petervasara.hu\/2013\/index.php?rest_route=\/wp\/v2\/posts\/5663"}],"collection":[{"href":"https:\/\/www.petervasara.hu\/2013\/index.php?rest_route=\/wp\/v2\/posts"}],"about":[{"href":"https:\/\/www.petervasara.hu\/2013\/index.php?rest_route=\/wp\/v2\/types\/post"}],"author":[{"embeddable":true,"href":"https:\/\/www.petervasara.hu\/2013\/index.php?rest_route=\/wp\/v2\/users\/1"}],"replies":[{"embeddable":true,"href":"https:\/\/www.petervasara.hu\/2013\/index.php?rest_route=%2Fwp%2Fv2%2Fcomments&post=5663"}],"version-history":[{"count":3,"href":"https:\/\/www.petervasara.hu\/2013\/index.php?rest_route=\/wp\/v2\/posts\/5663\/revisions"}],"predecessor-version":[{"id":5667,"href":"https:\/\/www.petervasara.hu\/2013\/index.php?rest_route=\/wp\/v2\/posts\/5663\/revisions\/5667"}],"wp:attachment":[{"href":"https:\/\/www.petervasara.hu\/2013\/index.php?rest_route=%2Fwp%2Fv2%2Fmedia&parent=5663"}],"wp:term":[{"taxonomy":"category","embeddable":true,"href":"https:\/\/www.petervasara.hu\/2013\/index.php?rest_route=%2Fwp%2Fv2%2Fcategories&post=5663"},{"taxonomy":"post_tag","embeddable":true,"href":"https:\/\/www.petervasara.hu\/2013\/index.php?rest_route=%2Fwp%2Fv2%2Ftags&post=5663"}],"curies":[{"name":"wp","href":"https:\/\/api.w.org\/{rel}","templated":true}]}}