{"id":5650,"date":"2010-10-10T10:45:12","date_gmt":"2010-10-10T08:45:12","guid":{"rendered":"http:\/\/www.petervasara.hu\/2013\/?p=5650"},"modified":"2013-05-24T10:48:00","modified_gmt":"2013-05-24T08:48:00","slug":"informatikai-fejlesztes-az-iskolaban","status":"publish","type":"post","link":"https:\/\/www.petervasara.hu\/2013\/?p=5650","title":{"rendered":"Informatikai fejleszt\u00e9s az iskol\u00e1ban"},"content":{"rendered":"<ul>\n<li>\n<blockquote><p>Projekt neve : Informatikai infrastrukt\u00fara fejleszt\u00e9se a Tam\u00e1si \u00c1ron \u00c1ltal\u00e1nos Iskol\u00e1ban<\/p><\/blockquote>\n<\/li>\n<li>\n<blockquote><p>Azonos\u00edt\u00f3 : <strong>TIOP-1.1.1\/09\/1-2010-0007<\/strong><\/p><\/blockquote>\n<\/li>\n<li>\n<blockquote><p><a href=\"http:\/\/www.petervasara.hu\/new\/dox\/euro_one.pdf\" target=\"_blank\">K\u00f6zbeszerz\u00e9si szerz\u0151d\u00e9s<\/a> (k\u00f6zz\u00e9t\u00e9tel d\u00e1tuma : 2010. augusztus 3.)<\/p><\/blockquote>\n<\/li>\n<li>\n<blockquote><p><strong>T\u00e1mogat\u00e1s \u00f6sszege : <strong>17.650.000.- Ft<\/strong><\/strong><\/p><\/blockquote>\n<\/li>\n<\/ul>\n<p>P\u00e9terv\u00e1s\u00e1ra v\u00e1ros, Erd\u0151k\u00f6vesd, V\u00e1rasz\u00f3, Iv\u00e1d, Kisf\u00fczes k\u00f6zs\u00e9gek T\u00e1rsult K\u00e9pvisel\u0151test\u00fclete \u201eInformatikai infrastrukt\u00fara fejleszt\u00e9se a p\u00e9terv\u00e1s\u00e1rai Tam\u00e1si \u00c1ron \u00c1ltal\u00e1nos Iskol\u00e1ban\u201d c. TIOP-1.1.1\/09\/1-2010-007 p\u00e1ly\u00e1zat\u00e1hoz kapcsol\u00f3d\u00f3 interj\u00fa.<\/p>\n<p><strong>Milyen lehet\u0151s\u00e9gekkel b\u0151v\u00fclt a p\u00e1ly\u00e1zatnak k\u00f6sz\u00f6nhet\u0151en az \u00e1ltal\u00e1nos iskola?<\/strong><\/p>\n<p>Iskol\u00e1nk 2009 szeptember\u00e9ben kezdte el a megnyert T\u00c1MOP-3.1.4 p\u00e1ly\u00e1zati projektet mellyel 25 milli\u00f3 forintot nyert\u00fcnk. Ez alapj\u00e1n ind\u00edtottuk el a kompetencia alap\u00fa oktat\u00e1st, amiben hat oszt\u00e1lyunk vett r\u00e9szt, \u00e9s hat pedag\u00f3gusunk tov\u00e1bbk\u00e9pz\u00e9seken k\u00e9sz\u00fclt fel a projekt eredm\u00e9nyes alkalmaz\u00e1s\u00e1ra, s ezen bel\u00fcl az eg\u00e9sz tantest\u00fclet\u00fcnk elv\u00e9gzett egy 30 \u00f3r\u00e1s tov\u00e1bbk\u00e9pz\u00e9st.<\/p>\n<p>K\u00e9t els\u0151 oszt\u00e1lyunkban teljes tan\u00f3rai lefedetts\u00e9ggel sz\u00f6veg\u00e9rt\u00e9s-sz\u00f6vegalkot\u00e1s fejleszt\u00e9s\u00e9t, a m\u00e1sodikban a szoci\u00e1lis \u00e9s k\u00f6rnyezeti szeml\u00e9letet a k\u00e9t hatodik oszt\u00e1lyban teljes tan\u00f3rai lefedetts\u00e9ggel a matematikai, logikai ismeretek elsaj\u00e1t\u00edt\u00e1s\u00e1t \u00e9s a harmadik hatodik oszt\u00e1lyban a t\u00f6rt\u00e9netem tan\u00f3r\u00e1n a sz\u00f6veg\u00e9rt\u00e9s \u00e9s sz\u00f6vegalkot\u00e1s fejleszt\u00e9s\u00e9re helyezt\u00fck a hangs\u00falyt.<\/p>\n<p>Matematika tant\u00e1rgyb\u00f3l a 6. \u00e9s 7. oszt\u00e1lyban tant\u00e1rgyt\u00f6mb\u00f6s\u00edtett oktat\u00e1st v\u00e9gezt\u00fcnk.<\/p>\n<p>Megval\u00f3s\u00edtottuk a \u201eP\u00e9terv\u00e1s\u00e1ra Fejl\u0151d\u00e9se\u201d c\u00edm\u0171 t\u00e9mahetet \u00e9s a \u201eP\u00e9terv\u00e1s\u00e1ra a B\u00fckk \u00e9s a M\u00e1tra k\u00f6z\u00f6tt\u201d c\u00edm\u0171 h\u00e1rom hetet meghalad\u00f3 projektet, valamint az eg\u00e9sz iskol\u00e1t \u00e9rint\u0151 eg\u00e9szs\u00e9ges \u00e9letm\u00f3d t\u00e9mak\u00f6rrel foglalkoz\u00f3 modult.<br \/>\n<img loading=\"lazy\" decoding=\"async\" class=\"aligncenter\" title=\"Megnyit\u00f3 \u00fcnneps\u00e9g\" alt=\"\" src=\"http:\/\/www.petervasara.hu\/new3\/pic\/tiopzar.jpg\" width=\"500\" height=\"335\" border=\"0\" \/><\/p>\n<p><strong>A p\u00e1ly\u00e1zat miben k\u00f6nny\u00edti meg a tan\u00e1rok \u00e9s di\u00e1kok munk\u00e1j\u00e1t?<\/strong><\/p>\n<p>Meg\u00e1llap\u00edthat\u00f3, hogy ez a fejleszt\u00e9s jelent\u0151s sz\u00ednvonal javul\u00e1st jelentett az iskol\u00e1nkban, ez\u00e9rt a k\u00f6vetkez\u0151 \u00e9vekben szeretn\u00e9nk kiterjeszteni valamennyi oszt\u00e1lyra. Ezek az \u00faj m\u00f3dszerek jelent\u0151sen megk\u00f6nny\u00edtett\u00e9k az \u00f3voda \u00e9s az iskola k\u00f6z\u00f6tti \u00e1tmenetet (hiszen a kicsik j\u00e1t\u00e9kos form\u00e1ban ismerkedhetnek meg az alapokkal). Minden ter\u00fcleten az alkalmazott csoportmunka nagyon hat\u00e9konynak bizonyult.<\/p>\n<p><strong>Milyen eszk\u00f6z\u00f6k ker\u00fcltek beszerz\u00e9sre a TIOP p\u00e1ly\u00e1zat kapcs\u00e1n?<\/strong><\/p>\n<p>M\u00e1r ez \u00e9v szeptember\u00e9t\u0151l a TIOP p\u00e1ly\u00e1zatnak k\u00f6sz\u00f6nhet\u0151en 130 db tanul\u00f3 laptop \u00e9s 6 tan\u00e1ri g\u00e9p ker\u00fclt az int\u00e9zm\u00e9ny\u00fcnkbe, s ezek seg\u00edts\u00e9g\u00e9vel m\u00e9g eredm\u00e9nyesebben tudjuk folytatni a kompetencia alap\u00fa oktat\u00e1st<\/p>\n<p><strong>Milyen fejleszt\u00e9seket terveznek m\u00e9g a j\u00f6v\u0151ben?<\/strong><\/p>\n<p>\u00d6r\u00f6mmel mondhatom, hogy a k\u00f6vetkez\u0151 TIOP p\u00e1ly\u00e1zat r\u00e9v\u00e9n interakt\u00edv t\u00e1bl\u00e1khoz, \u00e9s \u00faj sz\u00e1m\u00edt\u00f3g\u00e9pekhez jutunk, ezzel iskol\u00e1nk felszerelts\u00e9ge teljes m\u00e9rt\u00e9kben lehet\u0151v\u00e9 teszi a XXI. sz\u00e1zadi oktat\u00e1si sz\u00ednvonalat.<\/p>\n<p>V\u00e9gh Istv\u00e1n &#8211; igazgat\u00f3<\/p>\n<p><img loading=\"lazy\" decoding=\"async\" class=\"aligncenter\" title=\"Az egyik felszerelt tanterem a lapotopokkal\" alt=\"\" src=\"http:\/\/www.petervasara.hu\/new3\/pic\/tiopzar2.jpg\" width=\"500\" height=\"335\" border=\"0\" \/><\/p>\n<p>&nbsp;<\/p>\n<p><img loading=\"lazy\" decoding=\"async\" class=\"aligncenter\" alt=\"\" src=\"http:\/\/www.petervasara.hu\/new\/pic\/keklogo.jpg\" width=\"500\" height=\"122\" border=\"0\" \/><\/p>\n","protected":false},"excerpt":{"rendered":"Projekt neve : Informatikai infrastrukt\u00fara fejleszt\u00e9se a Tam\u00e1si \u00c1ron \u00c1ltal\u00e1nos Iskol\u00e1ban Azonos\u00edt\u00f3 : TIOP-1.1.1\/09\/1-2010-0007 K\u00f6zbeszerz\u00e9si szerz\u0151d\u00e9s (k\u00f6zz\u00e9t\u00e9tel d\u00e1tuma&hellip;\n","protected":false},"author":1,"featured_media":0,"comment_status":"open","ping_status":"open","sticky":false,"template":"","format":"standard","meta":{"footnotes":""},"categories":[61],"tags":[],"views":8340,"_links":{"self":[{"href":"https:\/\/www.petervasara.hu\/2013\/index.php?rest_route=\/wp\/v2\/posts\/5650"}],"collection":[{"href":"https:\/\/www.petervasara.hu\/2013\/index.php?rest_route=\/wp\/v2\/posts"}],"about":[{"href":"https:\/\/www.petervasara.hu\/2013\/index.php?rest_route=\/wp\/v2\/types\/post"}],"author":[{"embeddable":true,"href":"https:\/\/www.petervasara.hu\/2013\/index.php?rest_route=\/wp\/v2\/users\/1"}],"replies":[{"embeddable":true,"href":"https:\/\/www.petervasara.hu\/2013\/index.php?rest_route=%2Fwp%2Fv2%2Fcomments&post=5650"}],"version-history":[{"count":3,"href":"https:\/\/www.petervasara.hu\/2013\/index.php?rest_route=\/wp\/v2\/posts\/5650\/revisions"}],"predecessor-version":[{"id":5656,"href":"https:\/\/www.petervasara.hu\/2013\/index.php?rest_route=\/wp\/v2\/posts\/5650\/revisions\/5656"}],"wp:attachment":[{"href":"https:\/\/www.petervasara.hu\/2013\/index.php?rest_route=%2Fwp%2Fv2%2Fmedia&parent=5650"}],"wp:term":[{"taxonomy":"category","embeddable":true,"href":"https:\/\/www.petervasara.hu\/2013\/index.php?rest_route=%2Fwp%2Fv2%2Fcategories&post=5650"},{"taxonomy":"post_tag","embeddable":true,"href":"https:\/\/www.petervasara.hu\/2013\/index.php?rest_route=%2Fwp%2Fv2%2Ftags&post=5650"}],"curies":[{"name":"wp","href":"https:\/\/api.w.org\/{rel}","templated":true}]}}