{"id":5520,"date":"2012-12-21T09:48:41","date_gmt":"2012-12-21T08:48:41","guid":{"rendered":"http:\/\/www.petervasara.hu\/2013\/?p=5520"},"modified":"2013-05-22T09:52:09","modified_gmt":"2013-05-22T07:52:09","slug":"sikeres-evet-zartak-a-fiatalok","status":"publish","type":"post","link":"https:\/\/www.petervasara.hu\/2013\/?p=5520","title":{"rendered":"Sikeres \u00e9vet z\u00e1rtak a fiatalok"},"content":{"rendered":"<p>M\u00e1r VI. alkalommal rendezt\u00e9k meg a hagyom\u00e1nyos \u00e9vadz\u00e1r\u00f3 vacsor\u00e1t P\u00e9terv\u00e1s\u00e1r\u00e1n a helyi ut\u00e1np\u00f3tl\u00e1s kor\u00fa sportol\u00f3knak. A P\u00e9terv\u00e1s\u00e1rai Ifj\u00fas\u00e1gi Egyes\u00fclet \u00e9s a sportegyes\u00fclet szervez\u00e9s\u00e9ben, december 14-\u00e9n este gy\u0171ltek \u00f6ssze a helyi Arany Kakas Fogad\u00f3ban, a n\u00e9gy szakoszt\u00e1ly (labdar\u00fag\u00e1s, r\u00f6plabda, karate, sakk) sportol\u00f3i, edz\u0151i, technikai vezet\u0151i, egyes\u00fcleti tagjai. A r\u00e9sztvev\u0151k sz\u00e1ma el\u00e9rte a 110 f\u0151s l\u00e9tsz\u00e1mot.<\/p>\n<p>Az est\u00e9t Boros Csaba alpolg\u00e1rmester \u00e9s V\u00e9gh Istv\u00e1n a sportegyes\u00fclet eln\u00f6ke nyitott\u00e1k meg, akik kiemelt\u00e9k, hogy a v\u00e1ros mennyire fontosnak tartja az ut\u00e1np\u00f3tl\u00e1s kor\u00fa sportol\u00f3k t\u00e1mogat\u00e1s\u00e1t \u00e9s a rendszeres testmozg\u00e1s fontoss\u00e1g\u00e1t. A v\u00e1ros tov\u00e1bbiakban is igyekszik a t\u0151le telhet\u0151 legt\u00f6bbet megtenni az\u00e9rt, hogy az itt sportol\u00f3 gyerekek egyre jobb k\u00f6r\u00fclm\u00e9nyek k\u00f6z\u00f6tt, szakk\u00e9pzet edz\u0151kkel tudjanak edzeni, versenyezni.<\/p>\n<p>Azt est tov\u00e1bbi r\u00e9sz\u00e9ben minden edz\u0151 besz\u00e1molt az egyes csapatok, versenyz\u0151k ebben az \u00e9vben szerzett eredm\u00e9nyeir\u0151l. \u00c9rt\u00e9kelt\u00e9k az \u00e9vben tapasztalt pozit\u00edv \u00e9s negat\u00edv tapasztalatokat. Szerencs\u00e9re az\u00e9rt sok j\u00f3 eredm\u00e9ny \u00e9s sikeres megm\u00e9rettet\u00e9sek voltak t\u00f6bbs\u00e9g\u00e9ben a besz\u00e1mol\u00f3kban.<\/p>\n<p>Az edz\u0151i, vezet\u0151i \u00e9rt\u00e9kel\u00e9sek ut\u00e1n k\u00f6vetkezet a hagyom\u00e1nyos, \u00fcnnep\u00e9lyes d\u00edj\u00e1tad\u00e1s, ahol az \u00e9v legjobb ut\u00e1np\u00f3tl\u00e1s sportol\u00f3it emelt\u00e9k ki a szervez\u0151k<\/p>\n<ul>\n<li>\n<h5 id=\"legjobb-gyermek-labdarugomartusz-balint-edzo-padar-bela\">Legjobb gyermek labdar\u00fag\u00f3:Martusz B\u00e1lint (edz\u0151: P\u00e1d\u00e1r B\u00e9la)<\/h5>\n<\/li>\n<li>\n<h5 id=\"legjobb-serdulo-labdarugorostas-richard-edzo-boros-csaba\">Legjobb serd\u00fcl\u0151 labdar\u00fag\u00f3:Rost\u00e1s Rich\u00e1rd (edz\u0151: Boros Csaba)<\/h5>\n<\/li>\n<li>\n<h5 id=\"legjobb-ifjusagi-labdarugokeszte-balint-edzo-kovacs-krisztian\">Legjobb ifj\u00fas\u00e1gi labdar\u00fag\u00f3:Keszte B\u00e1lint (edz\u0151: Kov\u00e1cs Kriszti\u00e1n)<\/h5>\n<\/li>\n<li>\n<h5 id=\"legjobb-lany-karatekajabiro-ivett-edzo-eged-laszlo\">Legjobb l\u00e1ny karat\u00e9k\u00e1ja:B\u00edr\u00f3 Ivett (edz\u0151: Eged L\u00e1szl\u00f3)<\/h5>\n<\/li>\n<li>\n<h5 id=\"legjobb-fiu-karatekajaban-viktor-edzo-eged-laszlo\">Legjobb fi\u00fa karat\u00e9k\u00e1ja:B\u00e1n Viktor (edz\u0151: Eged L\u00e1szl\u00f3)<\/h5>\n<\/li>\n<li>\n<h5 id=\"legjobb-gyermek-roplabdazoja-halmosi-dorisz-edzo-szabo-jozsef\">Legjobb gyermek r\u00f6plabd\u00e1z\u00f3ja: Halmosi Dorisz (edz\u0151: Szab\u00f3 J\u00f3zsef)<\/h5>\n<\/li>\n<li>\n<h5 id=\"legjobb-gyermek-sakkozo-kovacs-gyula-edzo-toth-janos\">Legjobb gyermek sakkoz\u00f3: Kov\u00e1cs Gyula (edz\u0151: T\u00f3th J\u00e1nos)<\/h5>\n<\/li>\n<\/ul>\n<p>A szervez\u0151k gondoskodtak arr\u00f3l, hogy minden gyermeket egy jelk\u00e9pes aj\u00e1nd\u00e9kkal lephessenek meg. A sportol\u00f3k egy egyes\u00fcleti felirattal ell\u00e1tott p\u00f3l\u00f3 kaptak, melynek nagyon \u00f6r\u00fcltek. Az este tov\u00e1bbi r\u00e9sz\u00e9ben finom vacsor\u00e1t \u00e9s f\u00e1nkot fogyasztottak el a megh\u00edvottak, majd a rendezv\u00e9ny k\u00f6tetlen besz\u00e9lget\u00e9ssel z\u00e1rult.<\/p>\n<p>A r\u00e9sztvev\u0151 gyerekek \u00e9s szervez\u0151k megk\u00f6sz\u00f6nt\u00e9k a t\u00e1mogat\u00f3knak, akik biztos\u00edtott\u00e1k az esthez sz\u00fcks\u00e9ges anyagi felt\u00e9teleket.<\/p>\n<p>T\u00e1mogat\u00f3ink voltak: PETIFE, P\u00e9terv\u00e1s\u00e1ra V\u00e1ros \u00d6nkorm\u00e1nyzata, Szersz\u00e1m Kft., Arany Kakas Fogad\u00f3, Tam\u00e1si \u00c1ron \u00c1lt. Isk., \u00a0Szilas Drink Kft., K\u00e1zsm\u00e9r \u00e9s T\u00e1rsa Bt., Sz\u00e1nt\u00f3 L\u00e1szl\u00f3, Eged Apoll\u00f3, Sz\u00e1nt\u00f3 Veronika, Varr\u00f3 Magdolna, Bojtos R\u00f3bert, N\u00e9meth G\u00e1bor, Gyetvai Zolt\u00e1n.<\/p>\n<p style=\"text-align: center;\"><img decoding=\"async\" alt=\"\" src=\"http:\/\/www.petervasara.hu\/new\/images\/stories\/utanpotlas\/Sportvacsora1.JPG\" \/><\/p>\n<p style=\"text-align: center;\"><img decoding=\"async\" alt=\"\" src=\"http:\/\/www.petervasara.hu\/new\/images\/stories\/utanpotlas\/Sportvacsora4.JPG\" \/><\/p>\n<p style=\"text-align: center;\"><img decoding=\"async\" alt=\"\" src=\"http:\/\/www.petervasara.hu\/new\/images\/stories\/utanpotlas\/Sportvcsarora2.JPG\" \/><\/p>\n<p><img decoding=\"async\" class=\"aligncenter\" alt=\"\" src=\"http:\/\/www.petervasara.hu\/new\/images\/stories\/utanpotlas\/sportvacsora3.JPG\" \/><\/p>\n","protected":false},"excerpt":{"rendered":"M\u00e1r VI. alkalommal rendezt\u00e9k meg a hagyom\u00e1nyos \u00e9vadz\u00e1r\u00f3 vacsor\u00e1t P\u00e9terv\u00e1s\u00e1r\u00e1n a helyi ut\u00e1np\u00f3tl\u00e1s kor\u00fa sportol\u00f3knak. A P\u00e9terv\u00e1s\u00e1rai Ifj\u00fas\u00e1gi&hellip;\n","protected":false},"author":3,"featured_media":0,"comment_status":"open","ping_status":"open","sticky":false,"template":"","format":"standard","meta":{"footnotes":""},"categories":[46,2],"tags":[58,45],"views":3310,"_links":{"self":[{"href":"https:\/\/www.petervasara.hu\/2013\/index.php?rest_route=\/wp\/v2\/posts\/5520"}],"collection":[{"href":"https:\/\/www.petervasara.hu\/2013\/index.php?rest_route=\/wp\/v2\/posts"}],"about":[{"href":"https:\/\/www.petervasara.hu\/2013\/index.php?rest_route=\/wp\/v2\/types\/post"}],"author":[{"embeddable":true,"href":"https:\/\/www.petervasara.hu\/2013\/index.php?rest_route=\/wp\/v2\/users\/3"}],"replies":[{"embeddable":true,"href":"https:\/\/www.petervasara.hu\/2013\/index.php?rest_route=%2Fwp%2Fv2%2Fcomments&post=5520"}],"version-history":[{"count":2,"href":"https:\/\/www.petervasara.hu\/2013\/index.php?rest_route=\/wp\/v2\/posts\/5520\/revisions"}],"predecessor-version":[{"id":5522,"href":"https:\/\/www.petervasara.hu\/2013\/index.php?rest_route=\/wp\/v2\/posts\/5520\/revisions\/5522"}],"wp:attachment":[{"href":"https:\/\/www.petervasara.hu\/2013\/index.php?rest_route=%2Fwp%2Fv2%2Fmedia&parent=5520"}],"wp:term":[{"taxonomy":"category","embeddable":true,"href":"https:\/\/www.petervasara.hu\/2013\/index.php?rest_route=%2Fwp%2Fv2%2Fcategories&post=5520"},{"taxonomy":"post_tag","embeddable":true,"href":"https:\/\/www.petervasara.hu\/2013\/index.php?rest_route=%2Fwp%2Fv2%2Ftags&post=5520"}],"curies":[{"name":"wp","href":"https:\/\/api.w.org\/{rel}","templated":true}]}}