{"id":5292,"date":"2013-05-17T21:30:45","date_gmt":"2013-05-17T19:30:45","guid":{"rendered":"http:\/\/www.petervasara.hu\/2013\/?p=5292"},"modified":"2013-05-20T22:32:42","modified_gmt":"2013-05-20T20:32:42","slug":"vallalkozasi-ugynitezes","status":"publish","type":"post","link":"https:\/\/www.petervasara.hu\/2013\/?p=5292","title":{"rendered":"V\u00e1llalkoz\u00e1si \u00fcgyint\u00e9z\u00e9s"},"content":{"rendered":"<div>\n<p><b>2013<b><\/b>. janu\u00e1r 1-t\u0151l\u00a0 ism\u00e9t megv\u00e1ltoznak az egy\u00e9ni v\u00e1llalkoz\u00e1ssal kapcsolatos nyomtatv\u00e1nyok<\/b><\/p>\n<p>T\u00e1j\u00e9koztatjuk tisztelt \u00fcgyfeleinket, hogy 2013. janu\u00e1rt\u00f3l megv\u00e1ltoznak az egy\u00e9ni v\u00e1llalkoz\u00e1ssal kapcsolatos let\u00f6lthet\u0151 nyomtatv\u00e1nyok. K\u00e9rj\u00fck, hogy ett\u0151l az id\u0151pontt\u00f3l kezdve az \u00faj nyomtatv\u00e1nyokat haszn\u00e1lj\u00e1k az egy\u00e9ni v\u00e1llalkoz\u00e1ssal kapcsolatos \u00fcgyint\u00e9z\u00e9shez.<\/p>\n<ul>\n<li><b><a href=\"http:\/\/nyilvantarto.hu\/hu\/evig\" target=\"_blank\">Nyomtatv\u00e1ny egy\u00e9ni v\u00e1llalkoz\u00f3i tev\u00e9kenys\u00e9g megkezd\u00e9s\u00e9nek bejelent\u00e9s\u00e9hez &#8211; P\u00e9terv\u00e1s\u00e1ra<\/a><br \/>\n<\/b><\/li>\n<li><b><a href=\"http:\/\/nyilvantarto.hu\/hu\/evig\" target=\"_blank\">V\u00e1ltoz\u00e1s bejelent\u00e9si nyomtatv\u00e1ny egy\u00e9ni v\u00e1llalkoz\u00f3i nyilv\u00e1ntart\u00e1shoz &#8211; P\u00e9terv\u00e1s\u00e1ra<\/a><\/b><\/li>\n<\/ul>\n<\/div>\n<p align=\"justify\"><b><i>Az egy\u00e9ni v\u00e1llalkoz\u00f3r\u00f3l \u00e9s az egy\u00e9ni c\u00e9gr\u0151l sz\u00f3l\u00f3 2009. \u00e9vi CXV. t\u00f6rv\u00e9ny<\/i><\/b> (Evectv.), valamint a kapcsol\u00f3d\u00f3 v\u00e9grehajt\u00e1si rendeletek &#8211; 2010. janu\u00e1r 1-jei hat\u00e1lyba l\u00e9p\u00e9s\u00fcket k\u00f6vet\u0151en &#8211; \u00a0a tev\u00e9kenys\u00e9g megkezd\u00e9s\u00e9nek bejelent\u00e9se kiv\u00e9tel\u00e9vel megsz\u00fcntetik az okm\u00e1nyirod\u00e1kban t\u00f6rt\u00e9n\u0151 szem\u00e9lyes \u00fcgyint\u00e9z\u00e9s lehet\u0151s\u00e9g\u00e9t. Az egy\u00e9ni v\u00e1llalkoz\u00f3i tev\u00e9kenys\u00e9g megkezd\u00e9s\u00e9nek bejelent\u00e9se marad az az egyed\u00fcli \u00fcgyt\u00edpus, amely mind szem\u00e9lyesen az okm\u00e1nyirod\u00e1ban, mind pedig elektronikus \u00faton int\u00e9zhet\u0151 lesz.<\/p>\n<p align=\"justify\">2010. janu\u00e1r 1-j\u00e9t k\u00f6vet\u0151en a v\u00e1ltoz\u00e1s-bejelent\u00e9si, a sz\u00fcnetel\u00e9s, illetve megsz\u00fcntet\u00e9s bejelent\u00e9si \u00fcgyek kiz\u00e1r\u00f3lag elektronikus \u00faton \u2013 erre szolg\u00e1l\u00f3 elektronikus nyomtatv\u00e1nyok ig\u00e9nybev\u00e9tel\u00e9vel \u2013 az \u00dcgyf\u00e9lkapun kereszt\u00fcl kezdem\u00e9nyezhet\u0151ek.<\/p>\n<p align=\"justify\">Ezen id\u0151pontot k\u00f6vet\u0151en a v\u00e1llalkoz\u00f3i igazolv\u00e1ny kiv\u00e1lt\u00e1sa a tev\u00e9kenys\u00e9g megkezd\u00e9s\u00e9nek \u00e9s folytat\u00e1s\u00e1nak nem felt\u00e9tele, az csak az \u00fcgyf\u00e9l (egy\u00e9ni v\u00e1llalkoz\u00f3) k\u00e9r\u00e9s\u00e9re ker\u00fcl ki\u00e1ll\u00edt\u00e1sra. A 2010. janu\u00e1r 1-j\u00e9t megel\u0151z\u0151en kiadott v\u00e1llalkoz\u00f3i igazolv\u00e1nyok a benn\u00fck foglalt adatok megv\u00e1ltoz\u00e1s\u00e1ig, illetve visszavon\u00e1sukig tov\u00e1bbra is \u00e9rv\u00e9nyesek maradnak.<\/p>\n<p align=\"justify\">A nyomtatv\u00e1ny let\u00f6lt\u00e9s\u00e9nek \u00e9s kit\u00f6lt\u00e9s\u00e9nek folyamata a k\u00f6vetkez\u0151:<\/p>\n<p align=\"justify\">K\u00e9rj\u00fck els\u0151 l\u00e9p\u00e9sk\u00e9nt t\u00f6ltse le \u00c1NYK \u2013 t (\u00c1ltal\u00e1nos Nyomtatv\u00e1nykit\u00f6lt\u0151t Alkalmaz\u00e1s) az al\u00e1bbi helyr\u0151l:<\/p>\n<p align=\"justify\"><a href=\"http:\/\/www.apeh.hu\/bevallasok\/nyomtatvany\/keretprogramok\/abevjava_install.html\" target=\"_blank\">\u00c1ltal\u00e1nos nyomtatv\u00e1nykit\u00f6lt\u0151 alkalmaz\u00e1s<\/a><\/p>\n<p align=\"justify\">Ezt k\u00f6vet\u0151en v\u00e1lassza ki mely t\u00edpus\u00fa nyomtatv\u00e1nyt (tev\u00e9kenys\u00e9g megkezd\u00e9se\u00a0illetve v\u00e1ltoz\u00e1s\u00a0bejelent\u00e9s) szeretne haszn\u00e1lni, majd t\u00f6ltse le azt.<\/p>\n<p align=\"justify\">A kiv\u00e1lasztott nyomtatv\u00e1nyt le kell mentenie a sz\u00e1m\u00edt\u00f3g\u00e9pre, majd az \u00c1NYK program seg\u00edts\u00e9g\u00e9vel megnyitva kit\u00f6lteni ( a kit\u00f6lt\u00e9si \u00fatmutat\u00f3 seg\u00edts\u00e9g\u00e9vel).<\/p>\n<p align=\"justify\">A kit\u00f6lt\u00f6tt \u0171rlapokat az \u00dcgyf\u00e9lkapuba (<a href=\"http:\/\/www.magyarorszag.hu\/ugyfelkapu\" target=\"_blank\">http:\/\/www.magyarorszag.hu\/ugyfelkapu<\/a>) t\u00f6rt\u00e9n\u0151 bejelentkez\u00e9st k\u00f6vet\u0151en az \u00c1ltal\u00e1nos dokumentumfelt\u00f6lt\u0151 alkalmaz\u00e1s oldal\u00e1n t\u00f6ltheti fel<\/p>\n<p align=\"justify\">A folyamathoz kapcsol\u00f3d\u00f3 k\u00e9rd\u00e9seivel, \u00e9szrev\u00e9teleivel k\u00e9rj\u00fck, forduljon a Korm\u00e1nyzati \u00dcgyf\u00e9lt\u00e1j\u00e9koztat\u00f3 K\u00f6zponthoz a 189-es (helyi tarif\u00e1val h\u00edvhat\u00f3) k\u00e9k sz\u00e1mon, vagy a <a href=\"mailto:189@ugyfelvonal.hu\">189@ugyfelvonal.hu<\/a> e-mail c\u00edmen.<\/p>\n<p><a href=\"http:\/\/nyilvantarto.hu\/kekkh\/kozos\/index.php?k=letoltheto_hu_hatosagi\">Hat\u00f3s\u00e1gi bizony\u00edtv\u00e1ny ir\u00e1nti k\u00e9relem \u00e9s kit\u00f6lt\u00e9si \u00fatmutat\u00f3 egy\u00e9ni v\u00e1llalkoz\u00f3k r\u00e9sz\u00e9re<\/a><\/p>\n","protected":false},"excerpt":{"rendered":"2013. janu\u00e1r 1-t\u0151l\u00a0 ism\u00e9t megv\u00e1ltoznak az egy\u00e9ni v\u00e1llalkoz\u00e1ssal kapcsolatos nyomtatv\u00e1nyok T\u00e1j\u00e9koztatjuk tisztelt \u00fcgyfeleinket, hogy 2013. janu\u00e1rt\u00f3l megv\u00e1ltoznak az&hellip;\n","protected":false},"author":1,"featured_media":5296,"comment_status":"open","ping_status":"open","sticky":false,"template":"","format":"standard","meta":{"footnotes":""},"categories":[40],"tags":[],"views":9180,"_links":{"self":[{"href":"https:\/\/www.petervasara.hu\/2013\/index.php?rest_route=\/wp\/v2\/posts\/5292"}],"collection":[{"href":"https:\/\/www.petervasara.hu\/2013\/index.php?rest_route=\/wp\/v2\/posts"}],"about":[{"href":"https:\/\/www.petervasara.hu\/2013\/index.php?rest_route=\/wp\/v2\/types\/post"}],"author":[{"embeddable":true,"href":"https:\/\/www.petervasara.hu\/2013\/index.php?rest_route=\/wp\/v2\/users\/1"}],"replies":[{"embeddable":true,"href":"https:\/\/www.petervasara.hu\/2013\/index.php?rest_route=%2Fwp%2Fv2%2Fcomments&post=5292"}],"version-history":[{"count":4,"href":"https:\/\/www.petervasara.hu\/2013\/index.php?rest_route=\/wp\/v2\/posts\/5292\/revisions"}],"predecessor-version":[{"id":5351,"href":"https:\/\/www.petervasara.hu\/2013\/index.php?rest_route=\/wp\/v2\/posts\/5292\/revisions\/5351"}],"wp:featuredmedia":[{"embeddable":true,"href":"https:\/\/www.petervasara.hu\/2013\/index.php?rest_route=\/wp\/v2\/media\/5296"}],"wp:attachment":[{"href":"https:\/\/www.petervasara.hu\/2013\/index.php?rest_route=%2Fwp%2Fv2%2Fmedia&parent=5292"}],"wp:term":[{"taxonomy":"category","embeddable":true,"href":"https:\/\/www.petervasara.hu\/2013\/index.php?rest_route=%2Fwp%2Fv2%2Fcategories&post=5292"},{"taxonomy":"post_tag","embeddable":true,"href":"https:\/\/www.petervasara.hu\/2013\/index.php?rest_route=%2Fwp%2Fv2%2Ftags&post=5292"}],"curies":[{"name":"wp","href":"https:\/\/api.w.org\/{rel}","templated":true}]}}