{"id":12390,"date":"2025-03-12T09:55:19","date_gmt":"2025-03-12T08:55:19","guid":{"rendered":"https:\/\/www.petervasara.hu\/2013\/?p=12390"},"modified":"2025-03-12T09:55:21","modified_gmt":"2025-03-12T08:55:21","slug":"bolcsodek-napja-es-nemzetkozi-ovoda-nap-bolcsodenk-zarva-tart","status":"publish","type":"post","link":"https:\/\/www.petervasara.hu\/2013\/?p=12390","title":{"rendered":"B\u00f6lcs\u0151d\u00e9k napja \u00e9s nemzetk\u00f6zi \u00f3voda nap, b\u00f6lcs\u0151d\u00e9nk z\u00e1rva tart"},"content":{"rendered":"\n<p>\u00c1prilis 21.a B\u00f6lcs\u0151d\u00e9k napja \u00e9s nemzetk\u00f6zi \u00f3voda napj\u00e1n,valamint \u00e1prilis 22.-\u00e9n kedden   b\u00f6lcs\u0151d\u00e9nk z\u00e1rva tart.<\/p>\n\n\n\n<p><\/p>\n","protected":false},"excerpt":{"rendered":"\u00c1prilis 21.a B\u00f6lcs\u0151d\u00e9k napja \u00e9s nemzetk\u00f6zi \u00f3voda napj\u00e1n,valamint \u00e1prilis 22.-\u00e9n kedden b\u00f6lcs\u0151d\u00e9nk z\u00e1rva tart.\n","protected":false},"author":13,"featured_media":8374,"comment_status":"closed","ping_status":"open","sticky":false,"template":"","format":"standard","meta":{"footnotes":""},"categories":[100,2],"tags":[],"views":265,"_links":{"self":[{"href":"https:\/\/www.petervasara.hu\/2013\/index.php?rest_route=\/wp\/v2\/posts\/12390"}],"collection":[{"href":"https:\/\/www.petervasara.hu\/2013\/index.php?rest_route=\/wp\/v2\/posts"}],"about":[{"href":"https:\/\/www.petervasara.hu\/2013\/index.php?rest_route=\/wp\/v2\/types\/post"}],"author":[{"embeddable":true,"href":"https:\/\/www.petervasara.hu\/2013\/index.php?rest_route=\/wp\/v2\/users\/13"}],"replies":[{"embeddable":true,"href":"https:\/\/www.petervasara.hu\/2013\/index.php?rest_route=%2Fwp%2Fv2%2Fcomments&post=12390"}],"version-history":[{"count":1,"href":"https:\/\/www.petervasara.hu\/2013\/index.php?rest_route=\/wp\/v2\/posts\/12390\/revisions"}],"predecessor-version":[{"id":12391,"href":"https:\/\/www.petervasara.hu\/2013\/index.php?rest_route=\/wp\/v2\/posts\/12390\/revisions\/12391"}],"wp:featuredmedia":[{"embeddable":true,"href":"https:\/\/www.petervasara.hu\/2013\/index.php?rest_route=\/wp\/v2\/media\/8374"}],"wp:attachment":[{"href":"https:\/\/www.petervasara.hu\/2013\/index.php?rest_route=%2Fwp%2Fv2%2Fmedia&parent=12390"}],"wp:term":[{"taxonomy":"category","embeddable":true,"href":"https:\/\/www.petervasara.hu\/2013\/index.php?rest_route=%2Fwp%2Fv2%2Fcategories&post=12390"},{"taxonomy":"post_tag","embeddable":true,"href":"https:\/\/www.petervasara.hu\/2013\/index.php?rest_route=%2Fwp%2Fv2%2Ftags&post=12390"}],"curies":[{"name":"wp","href":"https:\/\/api.w.org\/{rel}","templated":true}]}}