{"id":12308,"date":"2024-12-02T09:57:54","date_gmt":"2024-12-02T08:57:54","guid":{"rendered":"https:\/\/www.petervasara.hu\/2013\/?p=12308"},"modified":"2025-07-23T09:31:44","modified_gmt":"2025-07-23T07:31:44","slug":"gyermekorvosi-rendelesi-idok-2024-december","status":"publish","type":"post","link":"https:\/\/www.petervasara.hu\/2013\/?p=12308","title":{"rendered":"K\u00f6zleked\u00e9s fejleszt\u00e9s"},"content":{"rendered":"\n<p><a href=\"https:\/\/web.archive.org\/web\/20240209224904\/https:\/\/www.petervasara.hu\/2013\/?p=5624\"><\/a><\/p>\n\n\n\n<p>P\u00e9terv\u00e1s\u00e1ra v\u00e1ros \u00d6nkorm\u00e1nyzata 2008, \u00e9v augusztus h\u00f3napban p\u00e1ly\u00e1zatot ny\u00fajtott be az \u00c9szak-magyarorsz\u00e1gi Region\u00e1lis Operat\u00edv Program t\u00e1mogat\u00e1si rendszer\u00e9nek keret\u00e9ben&nbsp;<strong>\u00c9MOP-2008-3.1.2\/B \u201eKist\u00e9rs\u00e9gek k\u00f6zponti telep\u00fcl\u00e9seinek k\u00f6zleked\u00e9sfejleszt\u00e9se\u201d&nbsp;<\/strong>c\u00edmmel meghirdetett p\u00e1ly\u00e1zati felh\u00edv\u00e1sra.<\/p>\n\n\n\n<p>A sikeres elb\u00edr\u00e1l\u00e1s eredm\u00e9nyek\u00e9nt, 2009. \u00e1prilis 14-\u00e9n al\u00e1\u00edr\u00e1sra ker\u00fclt a t\u00e1mogat\u00e1st szerz\u0151d\u00e9s, melynek \u00e9rteim\u00e9ben a projekt forr\u00e1s\u00f6sszet\u00e9tele az al\u00e1bbiak szerint alakult:<\/p>\n\n\n\n<h2 class=\"wp-block-heading\" id=\"beruhazasi-osszkoltseg-58-387-450-ft-100\"><strong>Beruh\u00e1z\u00e1si \u00f6sszk\u00f6lts\u00e9g: 58 387 450 Ft 100%<\/strong><\/h2>\n\n\n\n<h2 class=\"wp-block-heading\" id=\"megitelt-tamogatas-52-548-705-ft-90\"><strong>Meg\u00edt\u00e9lt t\u00e1mogat\u00e1s: 52 548 705 Ft 90%<\/strong><\/h2>\n\n\n\n<h2 class=\"wp-block-heading\" id=\"sajat-forras-5-838-745-ft-10\"><strong>Saj\u00e1t forr\u00e1s: 5 838 745 Ft 10%<\/strong><\/h2>\n\n\n\n<p>A k\u00f6zbeszerz\u00e9si elj\u00e1r\u00e1s keret\u00e9ben kiv\u00e1lasztott p\u00e1losv\u00f6r\u00f6smarti sz\u00e9khely\u0171 HE-DO Kft. 2009. j\u00fanius h\u00f3napban megkezdte a kivitelez\u00e9si munk\u00e1latokat, \u00e9s azt hat\u00e1rid\u0151re be is fejezte. A beruh\u00e1z\u00e1s keret\u00e9ben a P\u00e9terv\u00e1s\u00e1ra v\u00e1rosban l\u00e9v\u0151 belter\u00fcleti gy\u0171jt\u0151-\u00e9s \u00f6sszek\u00f6t\u0151 \u00fat funkci\u00f3kat bet\u00f6lt\u0151 Pet\u0151fi S\u00e1ndor \u00e9s (Iv\u00e1di utak fel\u00faj\u00edt\u00e1sa val\u00f3sult meg, 1532 m hosszban, mintegy 9203 m2 \u00fatfel\u00fclettel valamint meg\u00fajult 820 m j\u00e1rda<\/p>\n\n\n\n<p>Az \u00f6nkorm\u00e1nyzat rem\u00e9nyei szerint a fejleszt\u00e9s hozz\u00e1j\u00e1rul P\u00e9terv\u00e1s\u00e1ra telep\u00fcl\u00e9sr\u00e9szei k\u00f6z\u00f6tti k\u00f6zleked\u00e9si kapcsolat fejleszt\u00e9s\u00e9hez, a k\u00f6zszolg\u00e1ltat\u00e1sok gyorsabb, komfortosabb el\u00e9r\u00e9s\u00e9hez, a vonz\u00f3 telep\u00fcl\u00e9si k\u00f6rnyezet kialak\u00edt\u00e1s\u00e1hoz. Jav\u00edtja a v\u00e1llalkoz\u00e1sok infrastruktur\u00e1lis felt\u00e9teleit, ez\u00e1ltal hozz\u00e1j\u00e1rul P\u00e9terv\u00e1s\u00e1ra gazdas\u00e1gi versenyk\u00e9pess\u00e9g\u00e9nek n\u00f6veked\u00e9s\u00e9hez, er\u0151s\u00edti P\u00e9terv\u00e1s\u00e1ra k\u00f6rzetk\u00f6zponti szerep\u00e9t<\/p>\n\n\n\n<p><strong>BALESETMENTES K\u00d6ZLEKED\u00c9ST K\u00cdV\u00c1N A MEG\u00daJULT UTAKON P\u00c9TERV\u00c1S\u00c1RA V\u00c1ROS \u00d6NKORM\u00c1NYZATA !<\/strong><\/p>\n\n\n\n<ul>\n<li>Projekt neve : Kist\u00e9rs\u00e9gek k\u00f6zponti telep\u00fcl\u00e9seinek k\u00f6zleked\u00e9sfejleszt\u00e9se<\/li>\n\n\n\n<li>Azonos\u00edt\u00f3 :\u00a0<strong>\u00c9MOP-2008-3.1.2\/B<\/strong><\/li>\n\n\n\n<li><a href=\"https:\/\/web.archive.org\/web\/20240209224904\/http:\/\/www.petervasara.hu\/new\/dox\/hedo.pdf\" target=\"_blank\" rel=\"noreferrer noopener\">K\u00f6zbeszerz\u00e9si szerz\u0151d\u00e9s<\/a>\u00a0(k\u00f6zz\u00e9t\u00e9tel d\u00e1tuma : 2009. m\u00e1jus 25.)<\/li>\n\n\n\n<li><strong>T\u00e1mogat\u00e1s \u00f6sszege :\u00a0 52 548 705 Ft<\/strong><\/li>\n<\/ul>\n","protected":false},"excerpt":{"rendered":"P\u00e9terv\u00e1s\u00e1ra v\u00e1ros \u00d6nkorm\u00e1nyzata 2008, \u00e9v augusztus h\u00f3napban p\u00e1ly\u00e1zatot ny\u00fajtott be az \u00c9szak-magyarorsz\u00e1gi Region\u00e1lis Operat\u00edv Program t\u00e1mogat\u00e1si rendszer\u00e9nek keret\u00e9ben&nbsp;\u00c9MOP-2008-3.1.2\/B&hellip;\n","protected":false},"author":13,"featured_media":0,"comment_status":"closed","ping_status":"open","sticky":false,"template":"","format":"standard","meta":{"footnotes":""},"categories":[1],"tags":[],"views":543,"_links":{"self":[{"href":"https:\/\/www.petervasara.hu\/2013\/index.php?rest_route=\/wp\/v2\/posts\/12308"}],"collection":[{"href":"https:\/\/www.petervasara.hu\/2013\/index.php?rest_route=\/wp\/v2\/posts"}],"about":[{"href":"https:\/\/www.petervasara.hu\/2013\/index.php?rest_route=\/wp\/v2\/types\/post"}],"author":[{"embeddable":true,"href":"https:\/\/www.petervasara.hu\/2013\/index.php?rest_route=\/wp\/v2\/users\/13"}],"replies":[{"embeddable":true,"href":"https:\/\/www.petervasara.hu\/2013\/index.php?rest_route=%2Fwp%2Fv2%2Fcomments&post=12308"}],"version-history":[{"count":3,"href":"https:\/\/www.petervasara.hu\/2013\/index.php?rest_route=\/wp\/v2\/posts\/12308\/revisions"}],"predecessor-version":[{"id":12603,"href":"https:\/\/www.petervasara.hu\/2013\/index.php?rest_route=\/wp\/v2\/posts\/12308\/revisions\/12603"}],"wp:attachment":[{"href":"https:\/\/www.petervasara.hu\/2013\/index.php?rest_route=%2Fwp%2Fv2%2Fmedia&parent=12308"}],"wp:term":[{"taxonomy":"category","embeddable":true,"href":"https:\/\/www.petervasara.hu\/2013\/index.php?rest_route=%2Fwp%2Fv2%2Fcategories&post=12308"},{"taxonomy":"post_tag","embeddable":true,"href":"https:\/\/www.petervasara.hu\/2013\/index.php?rest_route=%2Fwp%2Fv2%2Ftags&post=12308"}],"curies":[{"name":"wp","href":"https:\/\/api.w.org\/{rel}","templated":true}]}}