{"id":12184,"date":"2024-07-31T14:09:30","date_gmt":"2024-07-31T12:09:30","guid":{"rendered":"https:\/\/www.petervasara.hu\/2013\/?p=12184"},"modified":"2025-07-23T09:21:54","modified_gmt":"2025-07-23T07:21:54","slug":"ugyfelfogadas-szunetel","status":"publish","type":"post","link":"https:\/\/www.petervasara.hu\/2013\/?p=12184","title":{"rendered":"Csapad\u00e9kv\u00edz elvezet\u00e9s"},"content":{"rendered":"\n<ul>\n<li>Projekt neve :\u00a0<strong>P\u00e9terv\u00e1s\u00e1ra V\u00e1ros belter\u00fcleti v\u00edzrendez\u00e9se<\/strong><\/li>\n\n\n\n<li>Azonos\u00edt\u00f3 :\u00a0<strong>\u00c9MOP-3.2.1\/C-09-2009-0006<\/strong><\/li>\n\n\n\n<li><a href=\"https:\/\/web.archive.org\/web\/20240210161746\/http:\/\/www.petervasara.hu\/new\/dox\/szegedbeton.pdf\" target=\"_blank\" rel=\"noreferrer noopener\">K\u00f6zbeszerz\u00e9si szerz\u0151d\u00e9s<\/a>\u00a0(k\u00f6zz\u00e9t\u00e9tel d\u00e1tuma : 2010. augusztus 7.)<\/li>\n\n\n\n<li><strong>T\u00e1mogat\u00e1s \u00f6sszege:\u00a0 448.592.512.- Ft.<\/strong><\/li>\n<\/ul>\n\n\n\n<figure class=\"wp-block-image\"><img decoding=\"async\" src=\"https:\/\/web.archive.org\/web\/20240210161746im_\/https:\/\/www.petervasara.hu\/new\/pic\/logo\/logo1.jpg\" alt=\"\"\/><\/figure>\n\n\n\n<p>P\u00e9terv\u00e1s\u00e1ra V\u00e1ros az \u00daj Magyarorsz\u00e1g Fejleszt\u00e9si Terv (UMFT) \u00c9szak-Magyarorsz\u00e1gi Operat\u00edv Program (\u00c9MOP) keret\u00e9ben&nbsp;<strong>448.592.512 Ft vissza nem t\u00e9r\u00edtend\u0151 t\u00e1mogat\u00e1st nyert az Eur\u00f3pai Uni\u00f3 \u00e9s a Magyar \u00c1llam k\u00f6z\u00f6s finansz\u00edroz\u00e1s\u00e1ban belter\u00fcleti vizeinek rendez\u00e9s\u00e9re<\/strong>, melyhez az \u00d6nkorm\u00e1nyzat 49.843.613,- Ft \u00f6ner\u0151t biztos\u00edt, \u00edgy a beruh\u00e1z\u00e1s teljes k\u00f6lts\u00e9gvet\u00e9se k\u00f6zel f\u00e9lmilli\u00e1rd forint. A beruh\u00e1z\u00e1s 2010 szeptember\u00e9ben kezd\u0151dik \u00e9s annak v\u00e1rhat\u00f3 befejez\u00e9se 2011 decembere.<\/p>\n\n\n\n<p>A projekt c\u00e9lja a telep\u00fcl\u00e9s k\u00f6rnyezeti \u00e1llapot\u00e1nak jav\u00edt\u00e1sa, a helyi v\u00edzk\u00e1r, dombvid\u00e9ki \u00e1rv\u00edz vesz\u00e9lyeztetetts\u00e9g\u00e9nek cs\u00f6kkent\u00e9se. A fejleszt\u00e9s r\u00f6vid, k\u00f6z\u00e9p \u00e9s hossz\u00fat\u00e1von is garant\u00e1lja a rendk\u00edv\u00fcli csapad\u00e9k\/belv\u00edz biztons\u00e1gos elvezet\u00e9s\u00e9t a belter\u00fcletr\u0151l a k\u00fclter\u00fcletek vesz\u00e9lyeztet\u00e9se n\u00e9lk\u00fcl, \u00edgy a dombokr\u00f3l lefoly\u00f3 v\u00edz rendezett, egyenletes m\u00f3don tud a Tarna patakig \u00e1ramolni, ez\u00e1ltal cs\u00f6kkentve a telep\u00fcl\u00e9s helyi v\u00edzk\u00e1r (dombvid\u00e9ki \u00e1rv\u00edz) vesz\u00e9lyeztetetts\u00e9g\u00e9t.<\/p>\n\n\n\n<figure class=\"wp-block-image\"><img decoding=\"async\" src=\"https:\/\/web.archive.org\/web\/20240210161746im_\/https:\/\/www.petervasara.hu\/new\/pic\/pvemop.jpg\" alt=\"\" title=\"Megnyit\u00f3\"\/><\/figure>\n\n\n\n<p>A csapad\u00e9kv\u00edz h\u00e1l\u00f3zat karbantart\u00e1sa 4 f\u0151nek biztos\u00edt majd munk\u00e1t, \u00edgy a beruh\u00e1z\u00e1s hozz\u00e1j\u00e1rul a foglalkoztat\u00e1s jav\u00edt\u00e1s\u00e1hoz is. A megsz\u00e9p\u00fcl\u0151 k\u00f6rnyezet, a vir\u00e1gz\u00f3 csal\u00e1di h\u00e1zas telep\u00fcl\u00e9s azonban lehet\u0151v\u00e9 teszi a vid\u00e9ki turizmus fejl\u0151d\u00e9s\u00e9t, mely tov\u00e1bbi munkahelyeket teremthet a t\u00e9rs\u00e9gben.<br>A v\u00e1ros \u00f6nkorm\u00e1nyzata a projekt megval\u00f3sul\u00e1s\u00e1t k\u00f6vet\u0151en azt v\u00e1rja, hogy belv\u00edzk\u00e1rok megakad\u00e1lyoz\u00e1sa k\u00f6vetkezt\u00e9ben fejl\u0151d\u00e9snek indul a telep\u00fcl\u00e9s, mivel nem a k\u00e1relh\u00e1r\u00edt\u00e1sra ford\u00edt\u00f3dik majd a lak\u00f3k munk\u00e1ja, hanem a kiskerti termel\u00e9sre, a port\u00e1k csinos\u00edt\u00e1s\u00e1ra, a vid\u00e9ki turizmus \u00fczemeltet\u00e9s\u00e9re. A f\u00e9lmilli\u00e1rdos beruh\u00e1z\u00e1s nyom\u00e1n javul a lakoss\u00e1g \u00e9letmin\u0151s\u00e9ge \u00e9s \u00e9letk\u00f6r\u00fclm\u00e9nye, tov\u00e1bb\u00e1 a v\u00e1llalkoz\u00e1sok sz\u00e1m\u00e1ra is vonz\u00f3bb felt\u00e9teleket teremt a betelep\u00fcl\u00e9shez.<\/p>\n\n\n\n<p>A majdani \u00fczemeltet\u00e9shez sz\u00fcks\u00e9ge p\u00e9nz\u00fcgyi forr\u00e1st az \u00f6nkorm\u00e1nyzat biztos\u00edtja az \u00e9ves k\u00f6lts\u00e9gvet\u00e9s\u00e9ben.<\/p>\n\n\n\n<h2 class=\"wp-block-heading\" id=\"a-beruhazas-osszkoltsege-498-436-125-ft\"><strong>A beruh\u00e1z\u00e1s \u00f6sszk\u00f6lts\u00e9ge: 498.436.125.- Ft.<\/strong><\/h2>\n\n\n\n<h2 class=\"wp-block-heading\" id=\"tamogatas-osszege-448-592-512-ft\"><strong>T\u00e1mogat\u00e1s \u00f6sszege: 448.592.512.- Ft.<\/strong><\/h2>\n\n\n\n<p>A projekt az Eur\u00f3pai Uni\u00f3 t\u00e1mogat\u00e1s\u00e1val, az Eur\u00f3pai Region\u00e1lis Fejleszt\u00e9si Alap t\u00e1rsfinansz\u00edroz\u00e1s\u00e1val val\u00f3sult meg.<\/p>\n\n\n\n<p><a href=\"https:\/\/web.archive.org\/web\/20240210161746\/http:\/\/www.petervasara.hu\/new\/dox\/sajto_csapadek.pdf\" target=\"_blank\" rel=\"noreferrer noopener\">A sajt\u00f3h\u00edr let\u00f6lt\u00e9se<\/a><\/p>\n\n\n\n<figure class=\"wp-block-image\"><img decoding=\"async\" src=\"https:\/\/web.archive.org\/web\/20240210161746im_\/https:\/\/www.petervasara.hu\/new\/images\/stories\/terv.jpg\" alt=\"\"\/><\/figure>\n\n\n\n<figure class=\"wp-block-table\"><table><tbody><tr><td><img loading=\"lazy\" decoding=\"async\" alt=\"\" src=\"https:\/\/web.archive.org\/web\/20240210161746im_\/https:\/\/www.petervasara.hu\/new\/pic\/logo\/ujmagyarorszag_n.jpg\" width=\"285\" height=\"78\"><\/td><td><img loading=\"lazy\" decoding=\"async\" alt=\"\" src=\"https:\/\/web.archive.org\/web\/20240210161746im_\/https:\/\/www.petervasara.hu\/new\/pic\/logo\/norda_logo.jpg\" width=\"191\" height=\"55\"><\/td><\/tr><\/tbody><\/table><\/figure>\n\n\n\n<p><a href=\"https:\/\/web.archive.org\/web\/20240210161746\/https:\/\/www.petervasara.hu\/2013\/?p=5657\"><\/a><\/p>\n\n\n\n<p><\/p>\n","protected":false},"excerpt":{"rendered":"P\u00e9terv\u00e1s\u00e1ra V\u00e1ros az \u00daj Magyarorsz\u00e1g Fejleszt\u00e9si Terv (UMFT) \u00c9szak-Magyarorsz\u00e1gi Operat\u00edv Program (\u00c9MOP) keret\u00e9ben&nbsp;448.592.512 Ft vissza nem t\u00e9r\u00edtend\u0151 t\u00e1mogat\u00e1st&hellip;\n","protected":false},"author":13,"featured_media":0,"comment_status":"closed","ping_status":"open","sticky":false,"template":"","format":"standard","meta":{"footnotes":""},"categories":[1],"tags":[],"views":494,"_links":{"self":[{"href":"https:\/\/www.petervasara.hu\/2013\/index.php?rest_route=\/wp\/v2\/posts\/12184"}],"collection":[{"href":"https:\/\/www.petervasara.hu\/2013\/index.php?rest_route=\/wp\/v2\/posts"}],"about":[{"href":"https:\/\/www.petervasara.hu\/2013\/index.php?rest_route=\/wp\/v2\/types\/post"}],"author":[{"embeddable":true,"href":"https:\/\/www.petervasara.hu\/2013\/index.php?rest_route=\/wp\/v2\/users\/13"}],"replies":[{"embeddable":true,"href":"https:\/\/www.petervasara.hu\/2013\/index.php?rest_route=%2Fwp%2Fv2%2Fcomments&post=12184"}],"version-history":[{"count":4,"href":"https:\/\/www.petervasara.hu\/2013\/index.php?rest_route=\/wp\/v2\/posts\/12184\/revisions"}],"predecessor-version":[{"id":12599,"href":"https:\/\/www.petervasara.hu\/2013\/index.php?rest_route=\/wp\/v2\/posts\/12184\/revisions\/12599"}],"wp:attachment":[{"href":"https:\/\/www.petervasara.hu\/2013\/index.php?rest_route=%2Fwp%2Fv2%2Fmedia&parent=12184"}],"wp:term":[{"taxonomy":"category","embeddable":true,"href":"https:\/\/www.petervasara.hu\/2013\/index.php?rest_route=%2Fwp%2Fv2%2Fcategories&post=12184"},{"taxonomy":"post_tag","embeddable":true,"href":"https:\/\/www.petervasara.hu\/2013\/index.php?rest_route=%2Fwp%2Fv2%2Ftags&post=12184"}],"curies":[{"name":"wp","href":"https:\/\/api.w.org\/{rel}","templated":true}]}}