{"id":12175,"date":"2024-07-31T13:14:12","date_gmt":"2024-07-31T11:14:12","guid":{"rendered":"https:\/\/www.petervasara.hu\/2013\/?p=12175"},"modified":"2025-07-23T09:11:33","modified_gmt":"2025-07-23T07:11:33","slug":"gyermekorvosi-rendelesi-idok-2024-augusztus","status":"publish","type":"post","link":"https:\/\/www.petervasara.hu\/2013\/?p=12175","title":{"rendered":"Szennyv\u00edzelvezet\u00e9s \u00e9s tiszt\u00edt\u00e1s"},"content":{"rendered":"\n<figure class=\"wp-block-image\"><img loading=\"lazy\" decoding=\"async\" width=\"228\" height=\"300\" src=\"https:\/\/web.archive.org\/web\/20240208200343im_\/https:\/\/www.petervasara.hu\/2013\/wp-content\/uploads\/2015\/03\/szt-228x300.jpg\" alt=\"szt\" class=\"wp-image-7214\" srcset=\"https:\/\/www.petervasara.hu\/2013\/wp-content\/uploads\/2015\/03\/szt-228x300.jpg 228w, https:\/\/www.petervasara.hu\/2013\/wp-content\/uploads\/2015\/03\/szt-600x788.jpg 600w, https:\/\/www.petervasara.hu\/2013\/wp-content\/uploads\/2015\/03\/szt-779x1024.jpg 779w, https:\/\/www.petervasara.hu\/2013\/wp-content\/uploads\/2015\/03\/szt.jpg 1393w\" sizes=\"(max-width: 228px) 100vw, 228px\" \/><\/figure>\n\n\n\n<p>Projekt neve:&nbsp;<strong>A p\u00e9terv\u00e1s\u00e1rai szennyv\u00edztiszt\u00edt\u00f3-telep fejleszt\u00e9se<\/strong><br>Azonos\u00edt\u00f3:&nbsp;<strong>KEOP-7.1.0\/11-2012-0041<\/strong><br>Projekt \u00f6sszege:&nbsp;<strong>25&nbsp;045&nbsp;967 Ft<\/strong><br>T\u00e1mogat\u00e1s \u00f6sszege:&nbsp;<strong>21&nbsp;289&nbsp;072 Ft<\/strong><br>Saj\u00e1t er\u0151:&nbsp;<strong>3&nbsp;756&nbsp;895 Ft<\/strong><\/p>\n\n\n\n<p>P\u00e9terv\u00e1s\u00e1ra, Erd\u0151k\u00f6vesd, V\u00e1rasz\u00f3, Istenmezeje, B\u00fckkszenterzs\u00e9bet, Tarnalelesz, Szentdomonkos Szennyv\u00edzcsatorna-h\u00e1l\u00f3zat \u00e9s Szennyv\u00edztiszt\u00edt\u00f3 Beruh\u00e1z\u00f3 \u00d6nkorm\u00e1nyzati T\u00e1rsul\u00e1s 2012. augusztus\u00e1ban p\u00e1ly\u00e1zatot adott be a KEOP-7.1.0\/11 k\u00f3djel\u0171 ki\u00edr\u00e1sra az \u00e9rintett h\u00e9t telep\u00fcl\u00e9s szennyv\u00edzelvezet\u00e9si \u00e9s szennyv\u00edztiszt\u00edt\u00e1si probl\u00e9m\u00e1inak a megold\u00e1s\u00e1ra. A T\u00e1mogat\u00f3i Okirat 2012. november 10-\u00e9n l\u00e9pett hat\u00e1lyba.<\/p>\n\n\n\n<p>A k\u00e9rd\u00e9ses p\u00e1ly\u00e1zat m\u00e9g csak egy \u201eel\u0151k\u00e9sz\u00edt\u00e9si\u201d p\u00e1ly\u00e1zat, aminek a v\u00e9geredm\u00e9nyek\u00e9ppen el\u0151\u00e1llnak a hat\u00f3s\u00e1gok \u00e1ltal elfogadott m\u0171szaki tervek, \u00e9s az eur\u00f3pai uni\u00f3s forr\u00e1sokat kezel\u0151 szervek \u00e1ltal l\u00e9nyegi pontjaiban elfogadott Megval\u00f3s\u00edthat\u00f3s\u00e1gi Tanulm\u00e1ny, amik egy\u00fcttesen pontosan k\u00f6r\u00fclhat\u00e1rolj\u00e1k, hogy majd a k\u00f6vetkez\u0151, megval\u00f3s\u00edthat\u00f3s\u00e1gi projektben mit is kell meg\u00e9p\u00edteni. Ez az el\u0151k\u00e9sz\u00edt\u00e9si p\u00e1ly\u00e1zat 2015 elej\u00e9n val\u00f3sz\u00edn\u0171leg v\u00e9get \u00e9r, \u00e9s v\u00e1rhat\u00f3an 2015-ben folytat\u00f3dik is a m\u00e1sik projekttel, ami m\u00e1r mag\u00e1t a beruh\u00e1z\u00e1st jelenti. A beruh\u00e1z\u00e1s \u00f6ssz\u00e9rt\u00e9ke v\u00e1rhat\u00f3an 618 milli\u00f3 Ft lesz.<\/p>\n\n\n\n<p>A szennyvizes p\u00e1ly\u00e1zat a telep\u00fcl\u00e9sek szempontj\u00e1b\u00f3l egyr\u00e9szt k\u00e9nyszer\u0171s\u00e9g, mert a szennyv\u00edztiszt\u00edt\u00f3b\u00f3l a Tarna-patakba \u00f6ml\u0151 tiszt\u00edtott szennyv\u00edz nem el\u00e9gg\u00e9 tiszta, t\u00f6bb vizsg\u00e1lt \u00e9rt\u00e9k rendszerint a megengedett hat\u00e1r\u00e9rt\u00e9k f\u00f6l\u00f6tt van, \u00e9s emiatt rendszeresen b\u00edrs\u00e1golj\u00e1k a szennyv\u00edztiszt\u00edt\u00f3t. Ezt csak a szennyv\u00edztiszt\u00edt\u00f3 rendszer korszer\u0171s\u00edt\u00e9s\u00e9vel lehet orvosolni.<\/p>\n\n\n\n<p>M\u00e1sr\u00e9szt viszont a szennyvizes p\u00e1ly\u00e1zat egy nagy lehet\u0151s\u00e9g is a telep\u00fcl\u00e9sek sz\u00e1m\u00e1ra, mert a korszer\u0171s\u00edt\u00e9snek lesz t\u00f6bb, a lakoss\u00e1got is pozit\u00edvan \u00e9rint\u0151 eredm\u00e9nye. N\u00e9h\u00e1ny \u00faj bek\u00f6t\u00e9s is megval\u00f3sul, azaz a csatorn\u00e1zotts\u00e1g tov\u00e1bb n\u0151. A lakoss\u00e1got messze legink\u00e1bb \u00e9rint\u0151 k\u00e9rd\u00e9s azonban a csatornarendszer ment\u00e9n sok helyen \u00e9rz\u00e9kelhet\u0151 b\u0171zhat\u00e1s. Ez r\u00e9szben az eredeti csatornarendszer tervez\u00e9sekor elk\u00f6vetett tervez\u00e9si hib\u00e1nak (t\u00fals\u00e1gosan hossz\u00fa vezet\u00e9kszakaszok), r\u00e9szben pedig a csatornarendszer egyre cs\u00f6kken\u0151 terhel\u00e9s\u00e9nek (azaz a v\u00edzfogyaszt\u00e1s cs\u00f6kken\u00e9s\u00e9nek) k\u00f6sz\u00f6nhet\u0151. Jelen beruh\u00e1z\u00e1s (a p\u00e1ly\u00e1zati ki\u00edr\u00e1snak megfelel\u0151en) els\u0151sorban a szennyv\u00edztiszt\u00edt\u00f3 telep fel\u00faj\u00edt\u00e1s\u00e1r\u00f3l sz\u00f3l, de mellesleg a csatornarendszer kritikus pontjai is fel\u00faj\u00edt\u00e1sra ker\u00fclnek, \u00edgy a b\u0171zhat\u00e1s is vagy teljesen megsz\u0171nik, vagy pedig jelent\u0151sen cs\u00f6kken.<\/p>\n\n\n\n<p>A projekt indul\u00e1sakor mindenk\u00e9ppen sz\u00fcks\u00e9ges volt saj\u00e1t er\u0151t is hozz\u00e1tenni mind az el\u0151k\u00e9sz\u00edt\u00e9si, mind a megval\u00f3s\u00edt\u00e1si projekt \u00f6sszeg\u00e9hez. Orsz\u00e1gos szinten a szennyv\u00edztiszt\u00edt\u00e1si probl\u00e9m\u00e1t annyira kiemelt fontoss\u00e1g\u00fanak tartj\u00e1k, hogy 2013 nyar\u00e1n \u00fagy d\u00f6nt\u00f6ttek, hogy azok a telep\u00fcl\u00e9sek, amelyek jogosultak a Bel\u00fcgyminiszt\u00e9rium EU \u00d6ner\u0151 Alapj\u00e1ra (az \u00e9rintett telep\u00fcl\u00e9sek is mind ilyenek!), azok a teljes befektetett \u00f6nerej\u00fcket visszaig\u00e9nyelhetik.&nbsp;<strong>Azaz a k\u00e9t szennyvizes projekt<\/strong>&nbsp;(az el\u0151k\u00e9sz\u00edt\u00e9si \u00e9s az azt k\u00f6vet\u0151 megval\u00f3s\u00edt\u00e1si)&nbsp;<strong>0 Ft-j\u00e1ba ker\u00fcl a telep\u00fcl\u00e9seknek<\/strong>!<\/p>\n\n\n\n<figure class=\"wp-block-image\"><img loading=\"lazy\" decoding=\"async\" width=\"709\" height=\"295\" src=\"https:\/\/web.archive.org\/web\/20240208200343im_\/https:\/\/www.petervasara.hu\/2013\/wp-content\/uploads\/2015\/03\/Infoblokk2_KA_tobbes.jpg\" alt=\"Infoblokk2_KA_tobbes\" class=\"wp-image-7218\" srcset=\"https:\/\/www.petervasara.hu\/2013\/wp-content\/uploads\/2015\/03\/Infoblokk2_KA_tobbes.jpg 709w, https:\/\/www.petervasara.hu\/2013\/wp-content\/uploads\/2015\/03\/Infoblokk2_KA_tobbes-600x250.jpg 600w, https:\/\/www.petervasara.hu\/2013\/wp-content\/uploads\/2015\/03\/Infoblokk2_KA_tobbes-300x125.jpg 300w\" sizes=\"(max-width: 709px) 100vw, 709px\" \/><\/figure>\n\n\n\n<p><a href=\"https:\/\/web.archive.org\/web\/20240208200343\/https:\/\/www.petervasara.hu\/2013\/?p=7211\"><\/a><\/p>\n\n\n\n<p><\/p>\n","protected":false},"excerpt":{"rendered":"Projekt neve:&nbsp;A p\u00e9terv\u00e1s\u00e1rai szennyv\u00edztiszt\u00edt\u00f3-telep fejleszt\u00e9seAzonos\u00edt\u00f3:&nbsp;KEOP-7.1.0\/11-2012-0041Projekt \u00f6sszege:&nbsp;25&nbsp;045&nbsp;967 FtT\u00e1mogat\u00e1s \u00f6sszege:&nbsp;21&nbsp;289&nbsp;072 FtSaj\u00e1t er\u0151:&nbsp;3&nbsp;756&nbsp;895 Ft P\u00e9terv\u00e1s\u00e1ra, Erd\u0151k\u00f6vesd, V\u00e1rasz\u00f3, Istenmezeje, B\u00fckkszenterzs\u00e9bet, Tarnalelesz, Szentdomonkos&hellip;\n","protected":false},"author":13,"featured_media":0,"comment_status":"closed","ping_status":"open","sticky":false,"template":"","format":"standard","meta":{"footnotes":""},"categories":[1],"tags":[],"views":611,"_links":{"self":[{"href":"https:\/\/www.petervasara.hu\/2013\/index.php?rest_route=\/wp\/v2\/posts\/12175"}],"collection":[{"href":"https:\/\/www.petervasara.hu\/2013\/index.php?rest_route=\/wp\/v2\/posts"}],"about":[{"href":"https:\/\/www.petervasara.hu\/2013\/index.php?rest_route=\/wp\/v2\/types\/post"}],"author":[{"embeddable":true,"href":"https:\/\/www.petervasara.hu\/2013\/index.php?rest_route=\/wp\/v2\/users\/13"}],"replies":[{"embeddable":true,"href":"https:\/\/www.petervasara.hu\/2013\/index.php?rest_route=%2Fwp%2Fv2%2Fcomments&post=12175"}],"version-history":[{"count":3,"href":"https:\/\/www.petervasara.hu\/2013\/index.php?rest_route=\/wp\/v2\/posts\/12175\/revisions"}],"predecessor-version":[{"id":12595,"href":"https:\/\/www.petervasara.hu\/2013\/index.php?rest_route=\/wp\/v2\/posts\/12175\/revisions\/12595"}],"wp:attachment":[{"href":"https:\/\/www.petervasara.hu\/2013\/index.php?rest_route=%2Fwp%2Fv2%2Fmedia&parent=12175"}],"wp:term":[{"taxonomy":"category","embeddable":true,"href":"https:\/\/www.petervasara.hu\/2013\/index.php?rest_route=%2Fwp%2Fv2%2Fcategories&post=12175"},{"taxonomy":"post_tag","embeddable":true,"href":"https:\/\/www.petervasara.hu\/2013\/index.php?rest_route=%2Fwp%2Fv2%2Ftags&post=12175"}],"curies":[{"name":"wp","href":"https:\/\/api.w.org\/{rel}","templated":true}]}}