{"id":12164,"date":"2024-07-17T07:09:23","date_gmt":"2024-07-17T05:09:23","guid":{"rendered":"https:\/\/www.petervasara.hu\/2013\/?p=12164"},"modified":"2025-07-23T09:08:27","modified_gmt":"2025-07-23T07:08:27","slug":"gyermekorvosi-rendelesi-idok-valtozas","status":"publish","type":"post","link":"https:\/\/www.petervasara.hu\/2013\/?p=12164","title":{"rendered":"P\u00e9terv\u00e1s\u00e1ra V\u00e1ros \u00d6nkorm\u00e1nyzata ASP k\u00f6zponthoz val\u00f3 csatlakoz\u00e1sa"},"content":{"rendered":"\n<figure class=\"wp-block-image\"><a href=\"https:\/\/web.archive.org\/web\/20240210042036\/https:\/\/www.petervasara.hu\/2013\/wp-content\/uploads\/2022\/03\/infoblokk_kedv_final_felso_cmyk_ESBA.jpg\"><img loading=\"lazy\" decoding=\"async\" width=\"500\" height=\"345\" src=\"https:\/\/web.archive.org\/web\/20240210042036im_\/https:\/\/www.petervasara.hu\/2013\/wp-content\/uploads\/2022\/03\/infoblokk_kedv_final_felso_cmyk_ESBA.jpg\" alt=\"\" class=\"wp-image-11147\" srcset=\"https:\/\/www.petervasara.hu\/2013\/wp-content\/uploads\/2022\/03\/infoblokk_kedv_final_felso_cmyk_ESBA.jpg 500w, https:\/\/www.petervasara.hu\/2013\/wp-content\/uploads\/2022\/03\/infoblokk_kedv_final_felso_cmyk_ESBA-300x207.jpg 300w, https:\/\/www.petervasara.hu\/2013\/wp-content\/uploads\/2022\/03\/infoblokk_kedv_final_felso_cmyk_ESBA-380x262.jpg 380w\" sizes=\"(max-width: 500px) 100vw, 500px\" \/><\/a><\/figure>\n\n\n\n<p><strong>Kedvezm\u00e9nyezett neve:<\/strong>&nbsp;P\u00e9terv\u00e1s\u00e1ra V\u00e1ros \u00d6nkorm\u00e1nyzata<\/p>\n\n\n\n<p><strong>A projekt c\u00edme:<\/strong>&nbsp;\u201eP\u00e9terv\u00e1s\u00e1ra V\u00e1rosi \u00d6nkorm\u00e1nyzat ASP k\u00f6zponthoz val\u00f3 csatlakoz\u00e1sa\u201d<\/p>\n\n\n\n<p><strong>A szerz\u0151d\u00f6tt t\u00e1mogat\u00e1s \u00f6sszege:<\/strong>&nbsp;6.98 milli\u00f3 Forint<\/p>\n\n\n\n<p><strong>A t\u00e1mogat\u00e1s m\u00e9rt\u00e9ke:<\/strong>&nbsp;100 %<\/p>\n\n\n\n<p><strong>A projekt tartalm\u00e1nak bemutat\u00e1sa:<\/strong>&nbsp;adminisztrat\u00edv terhek cs\u00f6kkent\u00e9se, mely a szolg\u00e1ltat\u00f3 k\u00f6zigazgat\u00e1s szervez\u00e9si felt\u00e9teleinek fejleszt\u00e9s\u00e9n \u00e9s az elektronikus folyamatok fejleszt\u00e9s\u00e9n, szakrendszerek egys\u00e9ges\u00edt\u00e9s\u00e9n, fejleszt\u00e9s\u00e9n, szolg\u00e1ltat\u00f3 k\u00e9pess\u00e9g\u00e9nek n\u00f6vel\u00e9s\u00e9n kereszt\u00fcl val\u00f3s\u00edthat\u00f3 meg<\/p>\n\n\n\n<p><strong>A projekt tervezett befejez\u00e9si d\u00e1tuma:<\/strong>&nbsp;2018. 06. 30.<\/p>\n\n\n\n<p><strong>A projekt azonos\u00edt\u00f3 sz\u00e1ma:<\/strong>&nbsp;K\u00d6FOP-1.2.1-VEKOP-16-2016-00076<\/p>\n\n\n\n<p><strong>A projekt megval\u00f3s\u00edt\u00e1s\u00e1nak f\u00e1zisai:<\/strong><\/p>\n\n\n\n<p>1.Sz\u00e1m\u00edt\u00f3g\u00e9pek beszerz\u00e9se:<\/p>\n\n\n\n<p>2. Elkezd\u0151d\u00f6tt az \u00f6nkorm\u00e1nyzati gazd\u00e1lkod\u00e1si modul megismer\u00e9se \u00e9s haszn\u00e1lata 2017-ben<\/p>\n\n\n\n<p>3. Elk\u00e9sz\u00fclt az iratkezel\u00e9si \u00e9s az inform\u00e1ci\u00f3 biztons\u00e1gi szab\u00e1lyzat<\/p>\n\n\n\n<p>4. Elkezd\u0151dik az iktat\u00f3, kereskedelmi \u00e9s hagyat\u00e9ki modul haszn\u00e1lata is 2018-ban<\/p>\n\n\n\n<p>5. Elkezd\u0151dik a vagyonkataszter haszn\u00e1lata is 2018-ban<\/p>\n","protected":false},"excerpt":{"rendered":"Kedvezm\u00e9nyezett neve:&nbsp;P\u00e9terv\u00e1s\u00e1ra V\u00e1ros \u00d6nkorm\u00e1nyzata A projekt c\u00edme:&nbsp;\u201eP\u00e9terv\u00e1s\u00e1ra V\u00e1rosi \u00d6nkorm\u00e1nyzat ASP k\u00f6zponthoz val\u00f3 csatlakoz\u00e1sa\u201d A szerz\u0151d\u00f6tt t\u00e1mogat\u00e1s \u00f6sszege:&nbsp;6.98 milli\u00f3&hellip;\n","protected":false},"author":13,"featured_media":0,"comment_status":"closed","ping_status":"open","sticky":false,"template":"","format":"standard","meta":{"footnotes":""},"categories":[1],"tags":[],"views":498,"_links":{"self":[{"href":"https:\/\/www.petervasara.hu\/2013\/index.php?rest_route=\/wp\/v2\/posts\/12164"}],"collection":[{"href":"https:\/\/www.petervasara.hu\/2013\/index.php?rest_route=\/wp\/v2\/posts"}],"about":[{"href":"https:\/\/www.petervasara.hu\/2013\/index.php?rest_route=\/wp\/v2\/types\/post"}],"author":[{"embeddable":true,"href":"https:\/\/www.petervasara.hu\/2013\/index.php?rest_route=\/wp\/v2\/users\/13"}],"replies":[{"embeddable":true,"href":"https:\/\/www.petervasara.hu\/2013\/index.php?rest_route=%2Fwp%2Fv2%2Fcomments&post=12164"}],"version-history":[{"count":3,"href":"https:\/\/www.petervasara.hu\/2013\/index.php?rest_route=\/wp\/v2\/posts\/12164\/revisions"}],"predecessor-version":[{"id":12593,"href":"https:\/\/www.petervasara.hu\/2013\/index.php?rest_route=\/wp\/v2\/posts\/12164\/revisions\/12593"}],"wp:attachment":[{"href":"https:\/\/www.petervasara.hu\/2013\/index.php?rest_route=%2Fwp%2Fv2%2Fmedia&parent=12164"}],"wp:term":[{"taxonomy":"category","embeddable":true,"href":"https:\/\/www.petervasara.hu\/2013\/index.php?rest_route=%2Fwp%2Fv2%2Fcategories&post=12164"},{"taxonomy":"post_tag","embeddable":true,"href":"https:\/\/www.petervasara.hu\/2013\/index.php?rest_route=%2Fwp%2Fv2%2Ftags&post=12164"}],"curies":[{"name":"wp","href":"https:\/\/api.w.org\/{rel}","templated":true}]}}