{"id":12155,"date":"2024-07-01T15:40:49","date_gmt":"2024-07-01T13:40:49","guid":{"rendered":"https:\/\/www.petervasara.hu\/2013\/?p=12155"},"modified":"2025-07-23T09:06:26","modified_gmt":"2025-07-23T07:06:26","slug":"gyermekorvosi-rendelesi-idok-2024-julius","status":"publish","type":"post","link":"https:\/\/www.petervasara.hu\/2013\/?p=12155","title":{"rendered":"A P\u00e9terv\u00e1s\u00e1rai Napk\u00f6ziotthonos \u00d3voda B\u00f6lcs\u0151dei szolg\u00e1ltat\u00e1si egys\u00e9g l\u00e9trehoz\u00e1s\u00e1val egybek\u00f6t\u00f6tt infrastruktur\u00e1lis fejleszt\u00e9se"},"content":{"rendered":"\n<p>A fejleszt\u00e9s c\u00e9lja a minimum 12 f\u0151 befogad\u00e1s\u00e1ra alkalmas b\u00f6lcs\u0151de , tornaszoba kialak\u00edt\u00e1sa, valamint a 75 f\u0151&nbsp;befogad\u00e1s\u00e1ra alkalmas \u00f3voda min\u0151s\u00e9gi fejleszt\u00e9se. A projekt keret\u00e9n bel\u00fcl b\u00f6lcs\u0151dei udvarr\u00e9sz&nbsp;kialak\u00edt\u00e1sa, udvari j\u00e1tsz\u00f3eszk\u00f6z\u00f6k beszerz\u00e9se, a megl\u00e9v\u0151 \u00f3voda \u00e1talak\u00edt\u00e1sa valamint k\u00fcls\u0151&nbsp;munk\u00e1k is tervezettek.<\/p>\n\n\n\n<p>A tervezett t\u00f6bbc\u00e9l\u00fa int\u00e9zm\u00e9nyt a megl\u00e9v\u0151 utcafronti \u00e9p\u00fclet b\u0151v\u00edt\u00e9s\u00e9vel k\u00edv\u00e1nja a telep\u00fcl\u00e9s&nbsp;kialak\u00edtani.<\/p>\n\n\n\n<p>A b\u00f6lcs\u0151de az \u00faj \u00e9p\u00fcletsz\u00e1rnyban ( fog helyet kapni, valamint ott ker\u00fcl&nbsp;kialak\u00edt\u00e1sra a tornaterem is illetve a kiszolg\u00e1l\u00f3 helyis\u00e9gek.<\/p>\n\n\n\n<p>Az \u00e1talak\u00edt\u00e1s, b\u0151v\u00edt\u00e9s k\u00f6vetkezt\u00e9ben egy gazdas\u00e1gosan \u00fczemeltethet\u0151, m\u0171szakilag \u00e9s energetikai&nbsp;szempontb\u00f3l korszer\u0171, t\u00f6bbfunkci\u00f3s \u00e9p\u00fclet-egy\u00fcttes j\u00f6n l\u00e9tre.<\/p>\n\n\n\n<h3 id=\"letoltheto-anyagok\" class=\"wp-block-heading\">Let\u00f6lthet\u0151 anyagok<\/h3>\n\n\n\n<ul>\n<li><a href=\"https:\/\/web.archive.org\/web\/20220701113141\/http:\/\/www.petervasara.hu\/bolcsode\/wp-content\/uploads\/2018\/01\/Bont%C3%A1si-jkv.-%C3%A9s-jelenl%C3%A9ti-%C3%ADv_P%C3%A9terv%C3%A1s%C3%A1ra-TOP-1.4.1-15.pdf\">Bont\u00e1si jkv. \u00e9s jelenl\u00e9ti \u00edv P\u00e9terv\u00e1s\u00e1ra TOP-1.4.1-15 (pdf)<\/a><\/li>\n\n\n\n<li><a href=\"https:\/\/web.archive.org\/web\/20220701113141\/http:\/\/www.petervasara.hu\/bolcsode\/wp-content\/uploads\/2018\/01\/Aj%C3%A1nlatt%C3%A9telre-felk%C3%A9rt-gazdas%C3%A1gi-szerepl%C5%91k.pdf\">Aj\u00e1nlatt\u00e9telre felk\u00e9rt gazdas\u00e1gi szerepl\u0151k (pdf)<\/a><\/li>\n<\/ul>\n\n\n\n<p><strong>K\u00f6lts\u00e9gvet\u00e9s ki\u00edr\u00e1s<\/strong><\/p>\n\n\n\n<ul>\n<li><a href=\"https:\/\/web.archive.org\/web\/20220701113141\/http:\/\/www.petervasara.hu\/bolcsode\/wp-content\/uploads\/2017\/12\/F%C5%90%C3%96SSZES%C3%8DT%C5%90-P%C3%89TERV%C3%81S%C3%81RA-%C3%93VODA-B%C3%96LCS%C5%90DE.xlsx\">F\u0150\u00d6SSZES\u00cdT\u0150 P\u00c9TERV\u00c1S\u00c1RA \u00d3VODA B\u00d6LCS\u0150DE (xlsx)<\/a><\/li>\n\n\n\n<li><a href=\"https:\/\/web.archive.org\/web\/20220701113141\/http:\/\/www.petervasara.hu\/bolcsode\/wp-content\/uploads\/2017\/12\/01_%C3%A9p%C3%ADt%C3%A9szet.xlsx\">01 \u00e9p\u00edt\u00e9szet\u00a0(xlsx)<\/a><\/li>\n\n\n\n<li><a href=\"https:\/\/web.archive.org\/web\/20220701113141\/http:\/\/www.petervasara.hu\/bolcsode\/wp-content\/uploads\/2017\/12\/02_statika.xls\">02 statika\u00a0(xls)<\/a><\/li>\n\n\n\n<li><a href=\"https:\/\/web.archive.org\/web\/20220701113141\/http:\/\/www.petervasara.hu\/bolcsode\/wp-content\/uploads\/2017\/12\/03_gepeszet.xlsx\">03 g\u00e9p\u00e9szet\u00a0(xls)<\/a><\/li>\n\n\n\n<li><a href=\"https:\/\/web.archive.org\/web\/20220701113141\/http:\/\/www.petervasara.hu\/bolcsode\/wp-content\/uploads\/2017\/12\/04_villamos.xlsx\">04 villamos\u00a0(xls)<\/a><\/li>\n\n\n\n<li><a href=\"https:\/\/web.archive.org\/web\/20220701113141\/http:\/\/www.petervasara.hu\/bolcsode\/wp-content\/uploads\/2017\/12\/05_m%C3%A9ly%C3%A9p%C3%ADt%C3%A9s.xls\">05 m\u00e9ly\u00e9p\u00edt\u00e9s\u00a0(xls)<\/a><\/li>\n\n\n\n<li><a href=\"https:\/\/web.archive.org\/web\/20220701113141\/http:\/\/www.petervasara.hu\/bolcsode\/wp-content\/uploads\/2017\/12\/06_kert.xlsx\">06 kert\u00a0(xlsx)<\/a><\/li>\n<\/ul>\n\n\n\n<ol>\n<li><strong>\u00c9p\u00edt\u00e9szet<\/strong>\n<ul>\n<li><a href=\"https:\/\/web.archive.org\/web\/20220701113141\/http:\/\/www.petervasara.hu\/bolcsode\/wp-content\/uploads\/2017\/12\/%C3%89p%C3%ADt%C3%A9sz-m%C5%B1le%C3%ADr%C3%A1s_P.v%C3%A1s%C3%A1ra-%C3%B3voda_2017-09.pdf\">\u00c9p\u00edt\u00e9sz m\u0171le\u00edr\u00e1s (pdf)<\/a><\/li>\n\n\n\n<li><em>Tervlapok<\/em>\n<ol>\n<li><em>\u00c1llapotr\u00f6gz\u00edt\u00e9s<\/em>\n<ul>\n<li><a href=\"https:\/\/web.archive.org\/web\/20220701113141\/http:\/\/www.petervasara.hu\/bolcsode\/wp-content\/uploads\/2017\/12\/F-0-Felm%C3%A9r%C3%A9si-helysz%C3%ADnrajz.pdf\">F.0 Felm\u00e9r\u00e9si helysz\u00ednrajz\u00a0(pdf)<\/a><\/li>\n\n\n\n<li><a href=\"https:\/\/web.archive.org\/web\/20220701113141\/http:\/\/www.petervasara.hu\/bolcsode\/wp-content\/uploads\/2017\/12\/F-1-Felm%C3%A9r%C3%A9si-alaprajz.pdf\">F.1 Felm\u00e9r\u00e9si alaprajz\u00a0(pdf)<\/a><\/li>\n\n\n\n<li><a href=\"https:\/\/web.archive.org\/web\/20220701113141\/http:\/\/www.petervasara.hu\/bolcsode\/wp-content\/uploads\/2017\/12\/F-2-Felm%C3%A9r%C3%A9si-metszetv%C3%A9ghomik.pdf\">F.2 Felm\u00e9r\u00e9si metszet, v\u00e9ghomik\u00a0(pdf)<\/a><\/li>\n\n\n\n<li><a href=\"https:\/\/web.archive.org\/web\/20220701113141\/http:\/\/www.petervasara.hu\/bolcsode\/wp-content\/uploads\/2017\/12\/F-3-Felm%C3%A9r%C3%A9si-homlokzatok.pdf\">F.3 Felm\u00e9r\u00e9si homlokzatok\u00a0(pdf)<\/a><\/li>\n\n\n\n<li><a href=\"https:\/\/web.archive.org\/web\/20220701113141\/http:\/\/www.petervasara.hu\/bolcsode\/wp-content\/uploads\/2017\/12\/GE-1-Geod%C3%A9ziai-felm%C3%A9r%C3%A9s.pdf\">GE.1 Geod\u00e9ziai felm\u00e9r\u00e9s\u00a0(pdf)<\/a><\/li>\n<\/ul>\n<\/li>\n\n\n\n<li><em>\u00c1talak\u00edt\u00e1s-b\u0151v\u00edt\u00e9s<\/em>\n<ul>\n<li><a href=\"https:\/\/web.archive.org\/web\/20220701113141\/http:\/\/www.petervasara.hu\/bolcsode\/wp-content\/uploads\/2017\/12\/E-00-B%C5%91v%C3%ADt%C3%A9si-helysz%C3%ADnrajz.pdf\">E.00 B\u0151v\u00edt\u00e9si helysz\u00ednrajz\u00a0(pdf)<\/a><\/li>\n\n\n\n<li><a href=\"https:\/\/web.archive.org\/web\/20220701113141\/http:\/\/www.petervasara.hu\/bolcsode\/wp-content\/uploads\/2017\/12\/E-01-B%C5%91v%C3%ADt%C3%A9si-helysz%C3%ADnrajz.pdf\">E.01 B\u0151v\u00edt\u00e9si helysz\u00ednrajz\u00a0(pdf)<\/a><\/li>\n\n\n\n<li><a href=\"https:\/\/web.archive.org\/web\/20220701113141\/http:\/\/www.petervasara.hu\/bolcsode\/wp-content\/uploads\/2017\/12\/E-1-Tervezett-%C3%A1tn%C3%A9zeti-alaprajz.pdf\">E.1 Tervezett \u00e1tn\u00e9zeti alaprajz\u00a0(pdf)<\/a><\/li>\n\n\n\n<li><a href=\"https:\/\/web.archive.org\/web\/20220701113141\/http:\/\/www.petervasara.hu\/bolcsode\/wp-content\/uploads\/2017\/12\/E-1_A-%C3%93voda-%C3%A1talak%C3%ADt%C3%A1si-alaprajz.pdf\">E.1.A \u00d3voda \u00e1talak\u00edt\u00e1si alaprajz\u00a0(pdf)<\/a><\/li>\n\n\n\n<li><a href=\"https:\/\/web.archive.org\/web\/20220701113141\/http:\/\/www.petervasara.hu\/bolcsode\/wp-content\/uploads\/2017\/12\/E-1_B-B%C5%91v%C3%ADt%C3%A9si-alaprajz.pdf\">E.1.B B\u0151v\u00edt\u00e9si alaprajz\u00a0(pdf)<\/a><\/li>\n\n\n\n<li><a href=\"https:\/\/web.archive.org\/web\/20220701113141\/http:\/\/www.petervasara.hu\/bolcsode\/wp-content\/uploads\/2017\/12\/E-2_A-%C3%81talak%C3%ADt%C3%A1si-fed%C3%A9lsz%C3%A9k-alaprajz-D-D-metszet.pdf\">E.2.A \u00c1talak\u00edt\u00e1si fed\u00e9lsz\u00e9k alaprajz; D-D metszet\u00a0(pdf)<\/a><\/li>\n\n\n\n<li><a href=\"https:\/\/web.archive.org\/web\/20220701113141\/http:\/\/www.petervasara.hu\/bolcsode\/wp-content\/uploads\/2017\/12\/E-2_B-B%C5%91v%C3%ADt%C3%A9si-tet%C5%91-%C3%A9s-fed%C3%A9lsz%C3%A9k-alaprajz.pdf\">E.2.B B\u0151v\u00edt\u00e9si tet\u0151 \u00e9s fed\u00e9lsz\u00e9k alaprajz\u00a0(pdf)<\/a><\/li>\n\n\n\n<li><a href=\"https:\/\/web.archive.org\/web\/20220701113141\/http:\/\/www.petervasara.hu\/bolcsode\/wp-content\/uploads\/2017\/12\/E-3-A-A-B-B-metszet.pdf\">E.3 A-A; B-B metszet\u00a0(pdf)<\/a><\/li>\n\n\n\n<li><a href=\"https:\/\/web.archive.org\/web\/20220701113141\/http:\/\/www.petervasara.hu\/bolcsode\/wp-content\/uploads\/2017\/12\/E-4-C-C-metszet-%C3%89-i-homlokzat-D%C3%A9li-homlokzat.pdf\">E.4 C-C metszet, \u00c9-i homlokzat; D\u00e9li homlokzat\u00a0(pdf)<\/a><\/li>\n\n\n\n<li><a href=\"https:\/\/web.archive.org\/web\/20220701113141\/http:\/\/www.petervasara.hu\/bolcsode\/wp-content\/uploads\/2017\/12\/E-5-R%C3%A9tegrendek.pdf\">E.5 R\u00e9tegrendek\u00a0(pdf)<\/a><\/li>\n\n\n\n<li><a href=\"https:\/\/web.archive.org\/web\/20220701113141\/http:\/\/www.petervasara.hu\/bolcsode\/wp-content\/uploads\/2017\/12\/E-6-Homlokzatok.pdf\">E.6 Homlokzatok\u00a0(pdf)<\/a><\/li>\n\n\n\n<li><a href=\"https:\/\/web.archive.org\/web\/20220701113141\/http:\/\/www.petervasara.hu\/bolcsode\/wp-content\/uploads\/2017\/12\/E-7-Konszign%C3%A1ci%C3%B3.pdf\">E.7 Konszign\u00e1ci\u00f3\u00a0(pdf)<\/a><\/li>\n<\/ul>\n<\/li>\n<\/ol>\n<\/li>\n<\/ul>\n<\/li>\n\n\n\n<li><strong>Statika<\/strong>\n<ul>\n<li><a href=\"https:\/\/web.archive.org\/web\/20220701113141\/http:\/\/www.petervasara.hu\/bolcsode\/wp-content\/uploads\/2017\/12\/P%C3%A9terv%C3%A1s%C3%A1ra-%C3%93voda_kiviteli_statika-m%C5%B1le%C3%ADr%C3%A1s.pdf\">P\u00e9terv\u00e1s\u00e1ra \u00d3voda kiviteli statika m\u0171le\u00edr\u00e1s\u00a0(pdf)<\/a><\/li>\n\n\n\n<li><em>Tervlapok<\/em>\n<ul>\n<li><a href=\"https:\/\/web.archive.org\/web\/20220701113141\/http:\/\/www.petervasara.hu\/bolcsode\/wp-content\/uploads\/2017\/12\/S-1-Alapoz%C3%A1si-terv.pdf\">S.1 Alapoz\u00e1si terv\u00a0(pdf)<\/a><\/li>\n\n\n\n<li><a href=\"https:\/\/web.archive.org\/web\/20220701113141\/http:\/\/www.petervasara.hu\/bolcsode\/wp-content\/uploads\/2017\/12\/S-2-Alapoz%C3%A1si-r%C3%A9szletek.pdf\">S.2 Alapoz\u00e1si r\u00e9szletek\u00a0(pdf)<\/a><\/li>\n\n\n\n<li><a href=\"https:\/\/web.archive.org\/web\/20220701113141\/http:\/\/www.petervasara.hu\/bolcsode\/wp-content\/uploads\/2017\/12\/S-3-F%C3%B6d%C3%A9mterv.pdf\">S.3 F\u00f6d\u00e9mterv\u00a0(pdf)<\/a><\/li>\n\n\n\n<li><a href=\"https:\/\/web.archive.org\/web\/20220701113141\/http:\/\/www.petervasara.hu\/bolcsode\/wp-content\/uploads\/2017\/12\/S-4-F%C3%B6d%C3%A9m-r%C3%A9szletek.pdf\">S.4 F\u00f6d\u00e9m r\u00e9szletek\u00a0(pdf)<\/a><\/li>\n\n\n\n<li><a href=\"https:\/\/web.archive.org\/web\/20220701113141\/http:\/\/www.petervasara.hu\/bolcsode\/wp-content\/uploads\/2017\/12\/S-6-Betonac%C3%A9l-kimutat%C3%A1s.pdf\">S.6 Betonac\u00e9l kimutat\u00e1s\u00a0(pdf)<\/a><\/li>\n<\/ul>\n<\/li>\n<\/ul>\n<\/li>\n\n\n\n<li><strong>\u00c9p\u00fcletg\u00e9p\u00e9szet<\/strong>\n<ul>\n<li><a href=\"https:\/\/web.archive.org\/web\/20220701113141\/http:\/\/www.petervasara.hu\/bolcsode\/wp-content\/uploads\/2017\/12\/%C3%89p%C3%BCletg%C3%A9p%C3%A9szet_%C3%93voda_M%C5%B1le%C3%ADr%C3%A1s.pdf\">\u00c9p\u00fcletg\u00e9p\u00e9szet M\u0171le\u00edr\u00e1s\u00a0(pdf)<\/a><\/li>\n\n\n\n<li><em>Tervlapok<\/em>\n<ul>\n<li><a href=\"https:\/\/web.archive.org\/web\/20220701113141\/http:\/\/www.petervasara.hu\/bolcsode\/wp-content\/uploads\/2017\/12\/GF-01_K%C3%B6zponti-f%C5%B1t%C3%A9s.pdf\">GF.01 K\u00f6zponti f\u0171t\u00e9s\u00a0(pdf)<\/a><\/li>\n\n\n\n<li><a href=\"https:\/\/web.archive.org\/web\/20220701113141\/http:\/\/www.petervasara.hu\/bolcsode\/wp-content\/uploads\/2017\/12\/GGS-01_G%C3%A1zell%C3%A1t%C3%A1s-szell%C5%91z%C3%A9s.pdf\">GGS.01 G\u00e1zell\u00e1t\u00e1s, szell\u0151z\u00e9s\u00a0(pdf)<\/a><\/li>\n\n\n\n<li><a href=\"https:\/\/web.archive.org\/web\/20220701113141\/http:\/\/www.petervasara.hu\/bolcsode\/wp-content\/uploads\/2017\/12\/GV-01_V%C3%ADzell%C3%A1t%C3%A1s-csatorn%C3%A1z%C3%A1s.pdf\">GV.01 V\u00edzell\u00e1t\u00e1s, csatorn\u00e1z\u00e1s\u00a0(pdf)<\/a><\/li>\n<\/ul>\n<\/li>\n<\/ul>\n<\/li>\n\n\n\n<li><strong>\u00c9p\u00fcletvillamos vill\u00e1mv\u00e9delem<\/strong>\n<ul>\n<li><a href=\"https:\/\/web.archive.org\/web\/20220701113141\/http:\/\/www.petervasara.hu\/bolcsode\/wp-content\/uploads\/2017\/12\/GE-M%C5%B1le%C3%ADr%C3%A1s.pdf\">GE \u2013 M\u0171le\u00edr\u00e1s\u00a0(pdf)<\/a><\/li>\n\n\n\n<li><em>Tervlapok<\/em>\n<ul>\n<li><a href=\"https:\/\/web.archive.org\/web\/20220701113141\/http:\/\/www.petervasara.hu\/bolcsode\/wp-content\/uploads\/2017\/12\/GE-01_Szerel%C3%A9si-alaprajz.pdf\">GE.01 Szerel\u00e9si alaprajz\u00a0(pdf)<\/a><\/li>\n\n\n\n<li><a href=\"https:\/\/web.archive.org\/web\/20220701113141\/http:\/\/www.petervasara.hu\/bolcsode\/wp-content\/uploads\/2017\/12\/GE-02_Riaszt%C3%B3h%C3%A1l%C3%B3zat-v%C3%A9d%C5%91cs%C3%B6vez%C3%A9s.pdf\">GE.02 Riaszt\u00f3h\u00e1l\u00f3zat v\u00e9d\u0151cs\u00f6vez\u00e9s\u00a0(pdf)<\/a><\/li>\n\n\n\n<li><a href=\"https:\/\/web.archive.org\/web\/20220701113141\/http:\/\/www.petervasara.hu\/bolcsode\/wp-content\/uploads\/2017\/12\/GE-03_Er%C5%91s%C3%A1ram-f%C5%91vezet%C3%A9k.pdf\">GE.03 Er\u0151s\u00e1ram f\u0151vezet\u00e9k\u00a0(pdf)<\/a><\/li>\n\n\n\n<li><a href=\"https:\/\/web.archive.org\/web\/20220701113141\/http:\/\/www.petervasara.hu\/bolcsode\/wp-content\/uploads\/2017\/12\/GE-04_Struktur%C3%A1lt-h%C3%A1l%C3%B3zat-f%C5%91vezet%C3%A9k.pdf\">GE.04 Struktur\u00e1lt h\u00e1l\u00f3zat f\u0151vezet\u00e9k\u00a0(pdf)<\/a><\/li>\n\n\n\n<li><a href=\"https:\/\/web.archive.org\/web\/20220701113141\/http:\/\/www.petervasara.hu\/bolcsode\/wp-content\/uploads\/2017\/12\/GE-05_Vill%C3%A1mv%C3%A9delmi-f%C3%B6ldel%C5%91h%C3%A1l%C3%B3zat.pdf\">GE.05 Vill\u00e1mv\u00e9delmi f\u00f6ldel\u0151h\u00e1l\u00f3zat\u00a0(pdf)<\/a><\/li>\n\n\n\n<li><a href=\"https:\/\/web.archive.org\/web\/20220701113141\/http:\/\/www.petervasara.hu\/bolcsode\/wp-content\/uploads\/2017\/12\/GE-06_Vill%C3%A1mv%C3%A9delmi-felfog%C3%B3-levezet%C5%91.pdf\">GE.06 Vill\u00e1mv\u00e9delmi felfog\u00f3-levezet\u0151\u00a0(pdf)<\/a><\/li>\n\n\n\n<li><a href=\"https:\/\/web.archive.org\/web\/20220701113141\/http:\/\/www.petervasara.hu\/bolcsode\/wp-content\/uploads\/2017\/12\/GE-Eloszt%C3%B3k.pdf\">GE.Eloszt\u00f3k\u00a0(pdf)<\/a><\/li>\n<\/ul>\n<\/li>\n\n\n\n<li><a href=\"https:\/\/web.archive.org\/web\/20220701113141\/http:\/\/www.petervasara.hu\/bolcsode\/wp-content\/uploads\/2017\/12\/Villv%C3%A9d-karbantart%C3%A1s_checklist.pdf\">Vill\u00e1mv\u00e9delem karbantart\u00e1s checklist\u00a0(pdf)<\/a><\/li>\n\n\n\n<li><a href=\"https:\/\/web.archive.org\/web\/20220701113141\/http:\/\/www.petervasara.hu\/bolcsode\/wp-content\/uploads\/2017\/12\/Villv%C3%A9d-kock%C3%A1zatelemz%C3%A9s-MSZ-EN-62305.pdf\">Vill\u00e1mv\u00e9delmi kock\u00e1zatelemz\u00e9s MSZ EN 62305\u00a0(pdf)<\/a><\/li>\n<\/ul>\n<\/li>\n\n\n\n<li><strong>T\u0171zv\u00e9delem<\/strong>\n<ul>\n<li><a href=\"https:\/\/web.archive.org\/web\/20220701113141\/http:\/\/www.petervasara.hu\/bolcsode\/wp-content\/uploads\/2017\/12\/T%C5%B1zv%C3%A9delmi-m%C5%B1le%C3%ADr%C3%A1s_Kiviteli_P%C3%A9terv%C3%A1s%C3%A1ra-%C3%B3voda-b%C3%B6lcs%C5%91de.pdf\">T\u0171zv\u00e9delmi m\u0171le\u00edr\u00e1s (pdf)<\/a><\/li>\n<\/ul>\n<\/li>\n\n\n\n<li><strong>Akad\u00e1lymentes\u00edt\u00e9s<\/strong>\n<ul>\n<li><a href=\"https:\/\/web.archive.org\/web\/20220701113141\/http:\/\/www.petervasara.hu\/bolcsode\/wp-content\/uploads\/2017\/12\/P%C3%A9terv%C3%A1s%C3%A1ra-%C3%93voda-b%C3%B6lcs%C5%91de-KIVITELI-akad%C3%A1lymentes-le%C3%ADr%C3%A1s-1-sz%C3%A1m%C3%BA-mell%C3%A9klet.pdf\">P\u00e9terv\u00e1s\u00e1ra \u00d3voda-b\u00f6lcs\u0151de KIVITELI akad\u00e1lymentes le\u00edr\u00e1s + 1 sz\u00e1m\u00fa mell\u00e9klet\u00a0(pdf)<\/a><\/li>\n\n\n\n<li><a href=\"https:\/\/web.archive.org\/web\/20220701113141\/http:\/\/www.petervasara.hu\/bolcsode\/wp-content\/uploads\/2017\/12\/P%C3%A9terv%C3%A1s%C3%A1ra-%C3%93voda-b%C3%B6lcs%C5%91de-KIVITELI-akad%C3%A1lymentes-mosd%C3%B3-kialak%C3%ADt%C3%A1sa_2.-sz%C3%A1m%C3%BA-mell%C3%A9klet.pdf\">P\u00e9terv\u00e1s\u00e1ra \u00d3voda-b\u00f6lcs\u0151de KIVITELI akad\u00e1lymentes mosd\u00f3 kialak\u00edt\u00e1sa_2. sz\u00e1m\u00fa mell\u00e9klet\u00a0(pdf)<\/a><\/li>\n<\/ul>\n<\/li>\n\n\n\n<li><strong>M\u00e9ly\u00e9p\u00edt\u00e9s<\/strong>\n<ol>\n<li><em>\u00cdr\u00e1sos<\/em>\n<ul>\n<li><em>K\u00f6lts\u00e9gvet\u00e9s ki\u00edr\u00e1s II. \u00fctem<\/em>\n<ul>\n<li><a href=\"https:\/\/web.archive.org\/web\/20220701113141\/http:\/\/www.petervasara.hu\/bolcsode\/wp-content\/uploads\/2017\/12\/II.-%C3%93voda-szennyviz-arazatlan.pdf\">II. \u00d3voda szennyv\u00edz\u00a0(pdf)<\/a><\/li>\n\n\n\n<li><a href=\"https:\/\/web.archive.org\/web\/20220701113141\/http:\/\/www.petervasara.hu\/bolcsode\/wp-content\/uploads\/2017\/12\/II.-%C3%93voda-ut-arazatlan.pdf\">II. \u00d3voda \u00fat\u00a0(pdf)<\/a><\/li>\n\n\n\n<li><a href=\"https:\/\/web.archive.org\/web\/20220701113141\/http:\/\/www.petervasara.hu\/bolcsode\/wp-content\/uploads\/2017\/12\/II.-%C3%93voda-vizvezetek-arazatlan.pdf\">II. \u00d3voda v\u00edzvezet\u00e9k\u00a0(pdf)<\/a><\/li>\n<\/ul>\n<\/li>\n\n\n\n<li><a href=\"https:\/\/web.archive.org\/web\/20220701113141\/http:\/\/www.petervasara.hu\/bolcsode\/wp-content\/uploads\/2017\/12\/%C3%93voda_ut-kozmu-MULEIRAS.pdf\">\u00d3voda \u00fat-k\u00f6zm\u0171 M\u0170LEIRAS\u00a0(pdf)<\/a><\/li>\n<\/ul>\n<\/li>\n\n\n\n<li><em>Rajzok<\/em>\n<ul>\n<li><a href=\"https:\/\/web.archive.org\/web\/20220701113141\/http:\/\/www.petervasara.hu\/bolcsode\/wp-content\/uploads\/2017\/12\/Anyagkimutatas.pdf\">Anyagkimutat\u00e1s\u00a0(pdf)<\/a><\/li>\n\n\n\n<li><a href=\"https:\/\/web.archive.org\/web\/20220701113141\/http:\/\/www.petervasara.hu\/bolcsode\/wp-content\/uploads\/2017\/12\/K-0_Atnezeti-helyszinrajz.pdf\">K.0 \u00c1tn\u00e9zeti helysz\u00ednrajz\u00a0(pdf)<\/a><\/li>\n\n\n\n<li><a href=\"https:\/\/web.archive.org\/web\/20220701113141\/http:\/\/www.petervasara.hu\/bolcsode\/wp-content\/uploads\/2017\/12\/K-1_Felmeresi-helyszinrajz.pdf\">K.1 Felmer\u00e9si helysz\u00ednrajz\u00a0(pdf)<\/a><\/li>\n\n\n\n<li><a href=\"https:\/\/web.archive.org\/web\/20220701113141\/http:\/\/www.petervasara.hu\/bolcsode\/wp-content\/uploads\/2017\/12\/K-2_Utepitesi-helyszinrajz.pdf\">K.2 \u00dat\u00e9p\u00edt\u00e9si helysz\u00ednrajz\u00a0(pdf)<\/a><\/li>\n\n\n\n<li><a href=\"https:\/\/web.archive.org\/web\/20220701113141\/http:\/\/www.petervasara.hu\/bolcsode\/wp-content\/uploads\/2017\/12\/K-3_Kozmugenplan-helyszinrajz.pdf\">K.3 K\u00f6zm\u0171g\u00e9npl\u00e1n helysz\u00ednrajz\u00a0(pdf)<\/a><\/li>\n\n\n\n<li><a href=\"https:\/\/web.archive.org\/web\/20220701113141\/http:\/\/www.petervasara.hu\/bolcsode\/wp-content\/uploads\/2017\/12\/K-4_Vizvezetek-epites-helyszinrajza.pdf\">K.4 V\u00edzvezet\u00e9k \u00e9p\u00edt\u00e9s helysz\u00ednrajza\u00a0(pdf)<\/a><\/li>\n\n\n\n<li><a href=\"https:\/\/web.archive.org\/web\/20220701113141\/http:\/\/www.petervasara.hu\/bolcsode\/wp-content\/uploads\/2017\/12\/K-5_Csapadekviz-elvezetes-helyszinrajza.pdf\">K.5 Csapad\u00e9kv\u00edz elvezet\u00e9s helysz\u00ednrajza\u00a0(pdf)<\/a><\/li>\n\n\n\n<li><a href=\"https:\/\/web.archive.org\/web\/20220701113141\/http:\/\/www.petervasara.hu\/bolcsode\/wp-content\/uploads\/2017\/12\/K-6_Szennyvizcsatorna-epites-helyszinrajza.pdf\">K.6 Szennyv\u00edzcsatorna \u00e9p\u00edt\u00e9s helysz\u00ednrajza\u00a0(pdf)<\/a><\/li>\n\n\n\n<li><a href=\"https:\/\/web.archive.org\/web\/20220701113141\/http:\/\/www.petervasara.hu\/bolcsode\/wp-content\/uploads\/2017\/12\/K-7-1_Vizvezetek-hossz-szelveny_V-1-0-0.pdf\">K.7.1 V\u00edzvezet\u00e9k hossz szelv\u00e9ny V.1.0.0\u00a0(pdf)<\/a><\/li>\n\n\n\n<li><a href=\"https:\/\/web.archive.org\/web\/20220701113141\/http:\/\/www.petervasara.hu\/bolcsode\/wp-content\/uploads\/2017\/12\/K-7-2_Vizvezetek-hossz-szelveny_V-1-0-1.pdf\">K.7.2 V\u00edzvezet\u00e9k hossz szelv\u00e9ny V.1.0.1\u00a0(pdf)<\/a><\/li>\n\n\n\n<li><a href=\"https:\/\/web.archive.org\/web\/20220701113141\/http:\/\/www.petervasara.hu\/bolcsode\/wp-content\/uploads\/2017\/12\/K-8_Vizvezetek-csomoponti-idomterv.pdf\">K.8 V\u00edzvezet\u00e9k csom\u00f3ponti idomterv\u00a0(pdf)<\/a><\/li>\n\n\n\n<li><a href=\"https:\/\/web.archive.org\/web\/20220701113141\/http:\/\/www.petervasara.hu\/bolcsode\/wp-content\/uploads\/2017\/12\/K-9-1_Szennyvizcsatorna-hossz-szelveny_S-1-0-0.pdf\">K.9.1 Szennyv\u00edzcsatorna hossz szelv\u00e9ny S.1.0.0\u00a0(pdf)<\/a><\/li>\n\n\n\n<li><a href=\"https:\/\/web.archive.org\/web\/20220701113141\/http:\/\/www.petervasara.hu\/bolcsode\/wp-content\/uploads\/2017\/12\/K-9-2_Szennyvizcsatorna-hossz-szelveny_S-1-0-1.pdf\">K.9.2 Szennyv\u00edzcsatorna hossz szelv\u00e9ny S.1.0.1\u00a0(pdf)<\/a><\/li>\n\n\n\n<li><a href=\"https:\/\/web.archive.org\/web\/20220701113141\/http:\/\/www.petervasara.hu\/bolcsode\/wp-content\/uploads\/2017\/12\/K-9-3_Szennyvizcsatorna-hossz-szelveny_S-1-0-2.pdf\">K.9.3 Szennyv\u00edzcsatorna hossz szelv\u00e9ny S.1.0.2\u00a0(pdf)<\/a><\/li>\n\n\n\n<li><a href=\"https:\/\/web.archive.org\/web\/20220701113141\/http:\/\/www.petervasara.hu\/bolcsode\/wp-content\/uploads\/2017\/12\/K-10_Tuziviz-tartaly-epitesi-terve.pdf\">K.10 T\u0171z\u00edv\u00edz tart\u00e1ly \u00e9p\u00edt\u00e9si terve\u00a0(pdf)<\/a><\/li>\n\n\n\n<li><a href=\"https:\/\/web.archive.org\/web\/20220701113141\/http:\/\/www.petervasara.hu\/bolcsode\/wp-content\/uploads\/2017\/12\/K-11_Kismutargyak.pdf\">K.11 Kism\u0171t\u00e1rgyak\u00a0(pdf)<\/a><\/li>\n<\/ul>\n<\/li>\n<\/ol>\n<\/li>\n\n\n\n<li><strong>Kertterv<\/strong>\n<ul>\n<li><a href=\"https:\/\/web.archive.org\/web\/20220701113141\/http:\/\/www.petervasara.hu\/bolcsode\/wp-content\/uploads\/2017\/12\/P%C3%A9terv%C3%A1s%C3%A1ra-b%C3%B6lcs%C5%91de-kertterv-helysz%C3%ADnrajz.pdf\">P\u00e9terv\u00e1s\u00e1ra b\u00f6lcs\u0151de kertterv helysz\u00ednrajz\u00a0(pdf)<\/a><\/li>\n\n\n\n<li><a href=\"https:\/\/web.archive.org\/web\/20220701113141\/http:\/\/www.petervasara.hu\/bolcsode\/wp-content\/uploads\/2017\/12\/P%C3%A9terv%C3%A1s%C3%A1ra-b%C3%B6lcs%C5%91de-kertterv-metszet-homokoz%C3%B3.pdf\">P\u00e9terv\u00e1s\u00e1ra b\u00f6lcs\u0151de kertterv metszet homokoz\u00f3\u00a0(pdf)<\/a><\/li>\n\n\n\n<li><a href=\"https:\/\/web.archive.org\/web\/20220701113141\/http:\/\/www.petervasara.hu\/bolcsode\/wp-content\/uploads\/2017\/12\/P%C3%A9terv%C3%A1s%C3%A1ra-b%C3%B6lcs%C5%91de-kertterv-metszet-v%C3%ADzpermetez%C5%91.pdf\">P\u00e9terv\u00e1s\u00e1ra b\u00f6lcs\u0151de kertterv metszet v\u00edzpermetez\u0151\u00a0(pdf)<\/a><\/li>\n\n\n\n<li><a href=\"https:\/\/web.archive.org\/web\/20220701113141\/http:\/\/www.petervasara.hu\/bolcsode\/wp-content\/uploads\/2017\/12\/P%C3%A9terv%C3%A1s%C3%A1ra-b%C3%B6lcs%C3%B6de-kertterv-m%C5%B1szaki-le%C3%ADr%C3%A1s.pdf\">P\u00e9terv\u00e1s\u00e1ra b\u00f6lcs\u00f6de kertterv m\u0171szaki le\u00edr\u00e1s\u00a0(pdf)<\/a><\/li>\n\n\n\n<li><a href=\"https:\/\/web.archive.org\/web\/20220701113141\/http:\/\/www.petervasara.hu\/bolcsode\/wp-content\/uploads\/2017\/12\/P%C3%A9terv%C3%A1s%C3%A1ra-b%C3%B6lcs%C5%91de-kertterv-r%C3%A9szletrajzok.pdf\">P\u00e9terv\u00e1s\u00e1ra b\u00f6lcs\u0151de kertterv r\u00e9szletrajzok\u00a0(pdf)<\/a><\/li>\n<\/ul>\n<\/li>\n<\/ol>\n\n\n\n<ul>\n<li><a href=\"https:\/\/web.archive.org\/web\/20220701113141\/http:\/\/www.petervasara.hu\/bolcsode\/wp-content\/uploads\/2017\/12\/170815_Hatarozat_Epitesi_Engedely_.pdf\">170815\u00a0Hat\u00e1rozat \u00c9p\u00edt\u00e9si Enged\u00e9ly\u00a0(pdf)<\/a><\/li>\n\n\n\n<li><a href=\"https:\/\/web.archive.org\/web\/20220701113141\/http:\/\/www.petervasara.hu\/bolcsode\/wp-content\/uploads\/2017\/12\/KD_I._kotet_Ajanlatteteli_felhivas_TOP-1.4.1-15_Petervasara.pdf\">KD I. k\u00f6tet Aj\u00e1nlatt\u00e9teli felh\u00edv\u00e1s TOP-1.4.1-15 P\u00e9terv\u00e1s\u00e1ra\u00a0(pdf)<\/a><\/li>\n\n\n\n<li><a href=\"https:\/\/web.archive.org\/web\/20220701113141\/http:\/\/www.petervasara.hu\/bolcsode\/wp-content\/uploads\/2017\/12\/KD-II-III.-k%C3%B6tet_TOP-1.4.1-15_P%C3%A9terv%C3%A1s%C3%A1ra.pdf\">KD II-III. k\u00f6tet TOP-1.4.1-15 P\u00e9terv\u00e1s\u00e1ra\u00a0(pdf)<\/a><\/li>\n\n\n\n<li><a href=\"https:\/\/web.archive.org\/web\/20220701113141\/http:\/\/www.petervasara.hu\/bolcsode\/wp-content\/uploads\/2017\/12\/KD-IV.-k%C3%B6tet_V%C3%A1llalkoz%C3%A1si-szerz%C5%91d%C3%A9s-tervezet-TOP-1.4.1-15_P%C3%A9terv%C3%A1s%C3%A1ra.pdf\">KD IV. k\u00f6tet V\u00e1llalkoz\u00e1si szerz\u0151d\u00e9s tervezet \u00a0TOP-1.4.1-15 P\u00e9terv\u00e1s\u00e1ra\u00a0(pdf)<\/a><\/li>\n<\/ul>\n\n\n\n<p><a href=\"https:\/\/web.archive.org\/web\/20220701113141\/http:\/\/www.petervasara.hu\/bolcsode\/\">A P\u00e9terv\u00e1s\u00e1rai Napk\u00f6ziotthonos \u00d3voda B\u00f6lcs\u0151dei szolg\u00e1ltat\u00e1si egys\u00e9g l\u00e9trehoz\u00e1s\u00e1val egybek\u00f6t\u00f6tt infrastruktur\u00e1lis fejleszt\u00e9se<\/a><\/p>\n\n\n\n<p>TOP-1.4.1-15-HE1-2016-00019<\/p>\n\n\n\n<h2 id=\"elerhetoseg\" class=\"wp-block-heading\">El\u00e9rhet\u0151s\u00e9g<\/h2>\n\n\n\n<p><strong>C\u00edm<\/strong><br>P\u00e9terv\u00e1s\u00e1ra V\u00e1ros \u00d6nkorm\u00e1nyzata<br>P\u00e9terv\u00e1s\u00e1ra Szabads\u00e1g t\u00e9r 1.<br>3250<\/p>\n\n\n\n<p><strong>Tel.:<br><\/strong>36\/568-036<strong><\/strong><\/p>\n\n\n\n<p><strong>A t\u00e1mogat\u00e1s \u00f6sszege&nbsp;167.756.182 Ft<\/strong><\/p>\n\n\n\n<p>A t\u00e1mogat\u00e1s m\u00e9rt\u00e9ke 100 %,<\/p>\n\n\n\n<p>A projekt fizikai befejez\u00e9s\u00e9nek tervezett id\u0151pontja:&nbsp;<strong>2019.05.15.<\/strong><\/p>\n","protected":false},"excerpt":{"rendered":"A fejleszt\u00e9s c\u00e9lja a minimum 12 f\u0151 befogad\u00e1s\u00e1ra alkalmas b\u00f6lcs\u0151de , tornaszoba kialak\u00edt\u00e1sa, valamint a 75 f\u0151&nbsp;befogad\u00e1s\u00e1ra alkalmas&hellip;\n","protected":false},"author":13,"featured_media":0,"comment_status":"closed","ping_status":"open","sticky":false,"template":"","format":"standard","meta":{"footnotes":""},"categories":[1],"tags":[],"views":742,"_links":{"self":[{"href":"https:\/\/www.petervasara.hu\/2013\/index.php?rest_route=\/wp\/v2\/posts\/12155"}],"collection":[{"href":"https:\/\/www.petervasara.hu\/2013\/index.php?rest_route=\/wp\/v2\/posts"}],"about":[{"href":"https:\/\/www.petervasara.hu\/2013\/index.php?rest_route=\/wp\/v2\/types\/post"}],"author":[{"embeddable":true,"href":"https:\/\/www.petervasara.hu\/2013\/index.php?rest_route=\/wp\/v2\/users\/13"}],"replies":[{"embeddable":true,"href":"https:\/\/www.petervasara.hu\/2013\/index.php?rest_route=%2Fwp%2Fv2%2Fcomments&post=12155"}],"version-history":[{"count":4,"href":"https:\/\/www.petervasara.hu\/2013\/index.php?rest_route=\/wp\/v2\/posts\/12155\/revisions"}],"predecessor-version":[{"id":12592,"href":"https:\/\/www.petervasara.hu\/2013\/index.php?rest_route=\/wp\/v2\/posts\/12155\/revisions\/12592"}],"wp:attachment":[{"href":"https:\/\/www.petervasara.hu\/2013\/index.php?rest_route=%2Fwp%2Fv2%2Fmedia&parent=12155"}],"wp:term":[{"taxonomy":"category","embeddable":true,"href":"https:\/\/www.petervasara.hu\/2013\/index.php?rest_route=%2Fwp%2Fv2%2Fcategories&post=12155"},{"taxonomy":"post_tag","embeddable":true,"href":"https:\/\/www.petervasara.hu\/2013\/index.php?rest_route=%2Fwp%2Fv2%2Ftags&post=12155"}],"curies":[{"name":"wp","href":"https:\/\/api.w.org\/{rel}","templated":true}]}}