{"id":12041,"date":"2024-04-04T11:20:25","date_gmt":"2024-04-04T09:20:25","guid":{"rendered":"https:\/\/www.petervasara.hu\/2013\/?p=12041"},"modified":"2024-04-04T11:21:25","modified_gmt":"2024-04-04T09:21:25","slug":"valasztasi-informaciok-valasztopolgaroknak","status":"publish","type":"post","link":"https:\/\/www.petervasara.hu\/2013\/?p=12041","title":{"rendered":"V\u00e1laszt\u00e1si inform\u00e1ci\u00f3k &#8211; v\u00e1laszt\u00f3polg\u00e1roknak"},"content":{"rendered":"\n<p>2024. \u00e1prilis 4-\u00e9t\u0151l ny\u00fajthat\u00f3ak be az \u00e1tjelentkez\u00e9ssel \u00e9s a mozg\u00f3urna ig\u00e9nyl\u00e9ssel kapcsolatos k\u00e9relmek az eur\u00f3pai parlamenti, a helyi \u00f6nkorm\u00e1nyzati, illetve a nemzetis\u00e9gi \u00f6nkorm\u00e1nyzati v\u00e1laszt\u00e1sra vonatkoz\u00f3an. A v\u00e1laszt\u00f3polg\u00e1rok szint\u00e9n \u00e1prilis 4-\u00e9t\u0151l k\u00e9rhetik felv\u00e9tel\u00fcket a k\u00fclk\u00e9pviseleti n\u00e9vjegyz\u00e9kbe, amely kiz\u00e1r\u00f3lag az Eur\u00f3pai Parlament k\u00e9pvisel\u0151inek v\u00e1laszt\u00e1s\u00e1ra terjed ki.<\/p>\n\n\n\n<ul>\n<li>\u00c1tjelentkezni\u00a0<strong>2024. m\u00e1jus 31-\u00e9n (p\u00e9ntek) 16 \u00f3r\u00e1ig<\/strong>\u00a0van lehet\u0151s\u00e9g, az \u00e1tjelentkez\u00e9si k\u00e9relem visszavon\u00e1s\u00e1t pedig\u00a0<strong>2024. j\u00fanius 7-\u00e9n (p\u00e9ntek) 10 \u00f3r\u00e1ig<\/strong>\u00a0k\u00e9rhetik a v\u00e1laszt\u00f3polg\u00e1rok.\u00a0<em>Felh\u00edvjuk a figyelmet, hogy az egyes v\u00e1laszt\u00e1st\u00edpusok tekintet\u00e9ben elt\u00e9r\u0151ek az \u00e1tjelentkez\u00e9sre vonatkoz\u00f3 szab\u00e1lyok. M\u00edg a helyi \u00f6nkorm\u00e1nyzati k\u00e9pvisel\u0151k \u00e9s polg\u00e1rmesterek, valamint a nemzetis\u00e9gi \u00f6nkorm\u00e1nyzati k\u00e9pvisel\u0151k \u00e1ltal\u00e1nos v\u00e1laszt\u00e1s\u00e1n a v\u00e1laszt\u00f3polg\u00e1rok kiz\u00e1r\u00f3lag tart\u00f3zkod\u00e1si hely\u00fck szerinti telep\u00fcl\u00e9sre jelentkezhetnek \u00e1t, addig az Eur\u00f3pai Parlament tagjainak v\u00e1laszt\u00e1s\u00e1n b\u00e1rmely telep\u00fcl\u00e9sre lehets\u00e9ges az \u00e1tjelentkez\u00e9s.<\/em><\/li>\n\n\n\n<li>Aki eg\u00e9szs\u00e9gi \u00e1llapota vagy fogyat\u00e9koss\u00e1ga, illetve fogva tart\u00e1sa miatt nem tud elmenni szavazni, mozg\u00f3urn\u00e1t k\u00e9rhet. Mozg\u00f3urna ir\u00e1nti k\u00e9relem a szavaz\u00e1s napj\u00e1n, vagyis\u00a0<strong>2024. j\u00fanius 9-\u00e9n (vas\u00e1rnap) 12 \u00f3r\u00e1ig\u00a0<\/strong>ny\u00fajthat\u00f3 be.<\/li>\n\n\n\n<li>K\u00fclk\u00e9pviseleti n\u00e9vjegyz\u00e9kbe v\u00e9tel ir\u00e1nti k\u00e9relmet kiz\u00e1r\u00f3lag az EP v\u00e1laszt\u00e1s vonatkoz\u00e1s\u00e1ban lehet beny\u00fajtani\u00a0<strong>2024. m\u00e1jus 31-\u00e9n (p\u00e9ntek) 16 \u00f3r\u00e1ig<\/strong>, a k\u00fclk\u00e9pviseleti n\u00e9vjegyz\u00e9kb\u0151l val\u00f3 t\u00f6rl\u00e9s\u00e9t\u00a0<strong>j\u00fanius 5-\u00e9n (szerda) 16 \u00f3r\u00e1ig<\/strong>\u00a0k\u00e9rheti a v\u00e1laszt\u00f3polg\u00e1r.<\/li>\n<\/ul>\n\n\n\n<p>A fentiek mellett a v\u00e1laszt\u00f3polg\u00e1roknak tov\u00e1bbra is lehet\u0151s\u00e9g\u00fck van a m\u00e1r eddig is el\u00e9rhet\u0151 v\u00e1laszt\u00e1si k\u00e9relmek beny\u00fajt\u00e1s\u00e1ra:<\/p>\n\n\n\n<ul>\n<li>Azok a magyar \u00e1llampolg\u00e1rok, akik sem Magyarorsz\u00e1gon, sem az Eur\u00f3pai Uni\u00f3 m\u00e1s tag\u00e1llam\u00e1ban nem rendelkeznek lakc\u00edmmel,\u00a0<strong>legk\u00e9s\u0151bb 2024. m\u00e1jus 15-\u00e9n (szerda) 16 \u00f3r\u00e1ig<\/strong>\u00a0k\u00e9rhetik n\u00e9vjegyz\u00e9kbe v\u00e9tel\u00fcket vagy adataik m\u00f3dos\u00edt\u00e1s\u00e1t a 2024. \u00e9v \u00e1ltal\u00e1nos v\u00e1laszt\u00e1sokra kihat\u00e1ssal, \u00e9s sikeres regisztr\u00e1ci\u00f3jukat k\u00f6vet\u0151en lev\u00e9lben szavazhatnak.<\/li>\n\n\n\n<li>Magyarorsz\u00e1gi lakc\u00edmmel rendelkez\u0151, m\u00e1s eur\u00f3pai uni\u00f3s tag\u00e1llam \u00e1llampolg\u00e1rai\u00a0<strong>2024. m\u00e1jus 24-\u00e9n (p\u00e9ntek) 16<\/strong>\u00a0<strong>\u00f3r\u00e1ig\u00a0<\/strong>adhatj\u00e1k be n\u00e9vjegyz\u00e9kbe v\u00e9teli k\u00e9relm\u00fcket, amennyiben az Eur\u00f3pai Parlament magyar k\u00e9pvisel\u0151ire szeretn\u00e9nek szavazni.<\/li>\n\n\n\n<li>A magukat valamely 13 magyarorsz\u00e1gi nemzetis\u00e9ghez tartoz\u00f3nak vall\u00f3 v\u00e1laszt\u00f3polg\u00e1rok tov\u00e1bbra is k\u00e9rhetik felv\u00e9tel\u00fcket a nemzetis\u00e9gi n\u00e9vjegyz\u00e9kbe. A nemzetis\u00e9gi n\u00e9vjegyz\u00e9kbe v\u00e9tel ir\u00e1nti k\u00e9relem\u00a0<strong>2024. m\u00e1jus 31-\u00e9n (p\u00e9ntek) 16 \u00f3r\u00e1ig\u00a0<\/strong>ny\u00fajthat\u00f3 be. Szint\u00e9n eddig a napig k\u00e9rhet\u0151 a n\u00e9vjegyz\u00e9kb\u0151l val\u00f3 t\u00f6rl\u00e9s ir\u00e1nti k\u00e9relem.<\/li>\n\n\n\n<li>A fogyat\u00e9kkal \u00e9l\u0151 v\u00e1laszt\u00f3polg\u00e1roknak\u00a0<strong>2024. m\u00e1jus 31-\u00e9n (p\u00e9ntek) 16 \u00f3r\u00e1ig<\/strong>\u00a0van lehet\u0151s\u00e9g\u00fck Brailles-\u00edr\u00e1ssal ell\u00e1tott szavaz\u00f3sablont ig\u00e9nyelni, emellett\u00a0<strong>2024. j\u00fanius 5-\u00e9n (szerda) 16 \u00f3r\u00e1ig<\/strong>\u00a0k\u00e9rhetik akad\u00e1lymentes szavaz\u00f3helyis\u00e9g biztos\u00edt\u00e1s\u00e1t.<\/li>\n<\/ul>\n\n\n\n<p>A k\u00e9relmek beny\u00fajthat\u00f3ak elektronikus \u00faton, online azonos\u00edt\u00e1ssal a\u00a0<a href=\"http:\/\/www.valasztas.hu\/\">www.valasztas.hu<\/a>\u00a0oldalon, valamint szem\u00e9lyesen vagy k\u00e9zbes\u00edt\u00e9si meghatalmazott \u00fatj\u00e1n a helyi v\u00e1laszt\u00e1si irod\u00e1ban. A mozg\u00f3urna ig\u00e9nyl\u00e9st \u00e9s a magyarorsz\u00e1gi lakc\u00edmmel nem rendelkez\u0151k regisztr\u00e1ci\u00f3s k\u00e9relm\u00e9t elektronikus \u00faton, online azonos\u00edt\u00e1s n\u00e9lk\u00fcl \u00e9s postai \u00faton is be lehet ny\u00fajtani a helyi v\u00e1laszt\u00e1si irod\u00e1hoz. (P\u00e9terv\u00e1s\u00e1ra, Szabads\u00e1g t\u00e9r 1.)<\/p>\n\n\n\n<p>A n\u00e9vjegyz\u00e9ki k\u00e9relmeket 2023. december 1-j\u00e9t\u0151l a Nemzeti V\u00e1laszt\u00e1si Iroda automatikus d\u00f6nt\u00e9shozatali elj\u00e1r\u00e1sban b\u00edr\u00e1lja el, \u00edgy az esetek nagy r\u00e9sz\u00e9ben n\u00e9h\u00e1ny percen bel\u00fcl megsz\u00fcletik a d\u00f6nt\u00e9s.<\/p>\n\n\n\n<p>A k\u00e9relmek beny\u00fajt\u00e1s\u00e1val kapcsolatos tov\u00e1bbi inform\u00e1ci\u00f3k&nbsp;<a href=\"https:\/\/www.valasztas.hu\/ugyintezes\">itt<\/a>&nbsp;\u00e9rhet\u0151ek el.<\/p>\n","protected":false},"excerpt":{"rendered":"2024. \u00e1prilis 4-\u00e9t\u0151l ny\u00fajthat\u00f3ak be az \u00e1tjelentkez\u00e9ssel \u00e9s a mozg\u00f3urna ig\u00e9nyl\u00e9ssel kapcsolatos k\u00e9relmek az eur\u00f3pai parlamenti, a helyi&hellip;\n","protected":false},"author":1,"featured_media":12042,"comment_status":"closed","ping_status":"open","sticky":false,"template":"","format":"standard","meta":{"footnotes":""},"categories":[2],"tags":[274,280,267],"views":974,"_links":{"self":[{"href":"https:\/\/www.petervasara.hu\/2013\/index.php?rest_route=\/wp\/v2\/posts\/12041"}],"collection":[{"href":"https:\/\/www.petervasara.hu\/2013\/index.php?rest_route=\/wp\/v2\/posts"}],"about":[{"href":"https:\/\/www.petervasara.hu\/2013\/index.php?rest_route=\/wp\/v2\/types\/post"}],"author":[{"embeddable":true,"href":"https:\/\/www.petervasara.hu\/2013\/index.php?rest_route=\/wp\/v2\/users\/1"}],"replies":[{"embeddable":true,"href":"https:\/\/www.petervasara.hu\/2013\/index.php?rest_route=%2Fwp%2Fv2%2Fcomments&post=12041"}],"version-history":[{"count":2,"href":"https:\/\/www.petervasara.hu\/2013\/index.php?rest_route=\/wp\/v2\/posts\/12041\/revisions"}],"predecessor-version":[{"id":12045,"href":"https:\/\/www.petervasara.hu\/2013\/index.php?rest_route=\/wp\/v2\/posts\/12041\/revisions\/12045"}],"wp:featuredmedia":[{"embeddable":true,"href":"https:\/\/www.petervasara.hu\/2013\/index.php?rest_route=\/wp\/v2\/media\/12042"}],"wp:attachment":[{"href":"https:\/\/www.petervasara.hu\/2013\/index.php?rest_route=%2Fwp%2Fv2%2Fmedia&parent=12041"}],"wp:term":[{"taxonomy":"category","embeddable":true,"href":"https:\/\/www.petervasara.hu\/2013\/index.php?rest_route=%2Fwp%2Fv2%2Fcategories&post=12041"},{"taxonomy":"post_tag","embeddable":true,"href":"https:\/\/www.petervasara.hu\/2013\/index.php?rest_route=%2Fwp%2Fv2%2Ftags&post=12041"}],"curies":[{"name":"wp","href":"https:\/\/api.w.org\/{rel}","templated":true}]}}