{"id":11930,"date":"2024-01-12T10:36:37","date_gmt":"2024-01-12T09:36:37","guid":{"rendered":"https:\/\/www.petervasara.hu\/2013\/?p=11930"},"modified":"2026-03-05T11:00:10","modified_gmt":"2026-03-05T10:00:10","slug":"palyazat-egeszsegugyi-kozpont-fejlesztese","status":"publish","type":"post","link":"https:\/\/www.petervasara.hu\/2013\/?p=11930","title":{"rendered":"P\u00e1ly\u00e1zat &#8211; Eg\u00e9szs\u00e9g\u00fcgyi k\u00f6zpont fejleszt\u00e9se"},"content":{"rendered":"\n<p>P\u00e9terv\u00e1s\u00e1ra V\u00e1ros \u00d6nkorm\u00e1nyzata sikeresen p\u00e1ly\u00e1zott TOP_PLUSZ-3.3.2-21-HE1-2022-00012 k\u00f3dsz\u00e1mon \u201eP\u00e9terv\u00e1s\u00e1rai eg\u00e9szs\u00e9gh\u00e1z infrastruktur\u00e1lis fejleszt\u00e9se\u201d c. projektben. Az int\u00e9zm\u00e9ny P\u00e9terv\u00e1s\u00e1ra, Szabads\u00e1g t\u00e9r 28. sz\u00e1m alatt tal\u00e1lhat\u00f3, ahol k\u00f6zponti szerep\u00e9b\u0151l ered\u0151en az al\u00e1bbi szolg\u00e1ltat\u00e1sokat veheti ig\u00e9nybe a lakoss\u00e1g: k\u00e9t feln\u0151tt h\u00e1ziorvosi k\u00f6rzet, gyermekorvosi k\u00f6rzet, fogorvos, v\u00e9d\u0151n\u0151i szolg\u00e1lat, labor.<\/p>\n\n\n\n<p>Jelen fel\u00faj\u00edt\u00e1s a 2024. janu\u00e1r 11-\u00e9n megt\u00f6rt\u00e9nt munkater\u00fclet \u00e1tad\u00e1ssal kezd\u0151d\u00f6tt el, majd szakaszos lez\u00e1r\u00e1sokkal, de folyamatos betegell\u00e1t\u00e1ssal elk\u00e9sz\u00fcltek a fel\u00faj\u00edt\u00e1si \u00e9s \u00e1talak\u00edt\u00e1si munk\u00e1k. 2024. j\u00fanius 5-\u00e9n d\u00e9lel\u0151tt 11\u00f3rakor, pedig lezajlott az \u00fcnnep\u00e9lyes m\u0171szaki \u00e1tad\u00e1s.<\/p>\n\n\n\n<p>Az al\u00e1bbi munk\u00e1latok val\u00f3sultak meg:<\/p>\n\n\n\n<ul>\n<li>\u00faj vizesblokk kialak\u00edt\u00e1sa \u00e9s \u00fcgyf\u00e9lv\u00e1r\u00f3 ter\u00fclet\u00e9nek n\u00f6vel\u00e9se<\/li>\n\n\n\n<li>kamera- \u00e9s betegir\u00e1ny\u00edt\u00e1si rendszer ki\u00e9p\u00edt\u00e9se<\/li>\n\n\n\n<li>bels\u0151 ny\u00edl\u00e1sz\u00e1r\u00f3k \u00e9s bej\u00e1rati ajt\u00f3 cser\u00e9je<\/li>\n\n\n\n<li>v\u00e1r\u00f3 \u00e9s rendel\u0151k komplett fest\u00e9se<\/li>\n\n\n\n<li>egyes rendel\u0151kben kisebb \u00e1talak\u00edt\u00e1sok<\/li>\n\n\n\n<li>\u00faj fog\u00e1szati PANOR\u00c1MAR\u00d6NTGEN beszerz\u00e9se<\/li>\n\n\n\n<li>\u00fcgyf\u00e9lv\u00e1r\u00f3 ter\u00fclet\u00e9nek burkolatcser\u00e9je<\/li>\n\n\n\n<li>mennyezeti l\u00e1mp\u00e1k korszer\u0171s\u00edt\u00e9se<\/li>\n\n\n\n<li>az \u00e9p\u00fclet bej\u00e1ratain\u00e1l el\u0151tet\u0151k kialak\u00edt\u00e1sa<\/li>\n\n\n\n<li>bej\u00e1ratok k\u00fcls\u0151 l\u00e9pcs\u0151inek burkol\u00e1sa<\/li>\n<\/ul>\n\n\n\n<p>Ezzel egy igazi modern, 21. sz\u00e1zadi akad\u00e1lymentes\u00edtett bej\u00e1rattal \u00e9s mozg\u00e1skorl\u00e1tozott parkol\u00f3val ell\u00e1tott betegell\u00e1t\u00f3 eg\u00e9szs\u00e9gh\u00e1zz\u00e1 v\u00e1lt a l\u00e9tes\u00edtm\u00e9ny, mely \u00f6t telep\u00fcl\u00e9s lakoss\u00e1g\u00e1t szolg\u00e1lja ki. P\u00e9terv\u00e1s\u00e1ra V\u00e1ros \u00d6nkorm\u00e1nyzata mind a betegek, mind az eg\u00e9szs\u00e9g\u00fcgyi szakszem\u00e9lyzet megel\u00e9ged\u00e9s\u00e9re biztos\u00edtotta a sz\u00fcks\u00e9ges t\u00e1rgyi \u00e9s szem\u00e9lyi felt\u00e9teleket.<\/p>\n\n\n\n<figure class=\"wp-block-image size-large\"><a href=\"https:\/\/www.petervasara.hu\/2013\/wp-content\/uploads\/2024\/01\/aHR0cHM6Ly9jbXNjZG4uYXBwLmNvbnRlbnQucHJpdmF0ZS9jb250ZW50LzhjNzdlYzk4Zjg5YTQ0ZGI4MjlmOGM0OTQ4MjRjYmJh.jpg\"><img loading=\"lazy\" decoding=\"async\" width=\"1024\" height=\"576\" src=\"https:\/\/www.petervasara.hu\/2013\/wp-content\/uploads\/2024\/01\/aHR0cHM6Ly9jbXNjZG4uYXBwLmNvbnRlbnQucHJpdmF0ZS9jb250ZW50LzhjNzdlYzk4Zjg5YTQ0ZGI4MjlmOGM0OTQ4MjRjYmJh-1024x576.jpg\" alt=\"\" class=\"wp-image-11932\" srcset=\"https:\/\/www.petervasara.hu\/2013\/wp-content\/uploads\/2024\/01\/aHR0cHM6Ly9jbXNjZG4uYXBwLmNvbnRlbnQucHJpdmF0ZS9jb250ZW50LzhjNzdlYzk4Zjg5YTQ0ZGI4MjlmOGM0OTQ4MjRjYmJh-1024x576.jpg 1024w, https:\/\/www.petervasara.hu\/2013\/wp-content\/uploads\/2024\/01\/aHR0cHM6Ly9jbXNjZG4uYXBwLmNvbnRlbnQucHJpdmF0ZS9jb250ZW50LzhjNzdlYzk4Zjg5YTQ0ZGI4MjlmOGM0OTQ4MjRjYmJh-300x169.jpg 300w, https:\/\/www.petervasara.hu\/2013\/wp-content\/uploads\/2024\/01\/aHR0cHM6Ly9jbXNjZG4uYXBwLmNvbnRlbnQucHJpdmF0ZS9jb250ZW50LzhjNzdlYzk4Zjg5YTQ0ZGI4MjlmOGM0OTQ4MjRjYmJh-768x432.jpg 768w, https:\/\/www.petervasara.hu\/2013\/wp-content\/uploads\/2024\/01\/aHR0cHM6Ly9jbXNjZG4uYXBwLmNvbnRlbnQucHJpdmF0ZS9jb250ZW50LzhjNzdlYzk4Zjg5YTQ0ZGI4MjlmOGM0OTQ4MjRjYmJh-380x214.jpg 380w, https:\/\/www.petervasara.hu\/2013\/wp-content\/uploads\/2024\/01\/aHR0cHM6Ly9jbXNjZG4uYXBwLmNvbnRlbnQucHJpdmF0ZS9jb250ZW50LzhjNzdlYzk4Zjg5YTQ0ZGI4MjlmOGM0OTQ4MjRjYmJh-800x450.jpg 800w, https:\/\/www.petervasara.hu\/2013\/wp-content\/uploads\/2024\/01\/aHR0cHM6Ly9jbXNjZG4uYXBwLmNvbnRlbnQucHJpdmF0ZS9jb250ZW50LzhjNzdlYzk4Zjg5YTQ0ZGI4MjlmOGM0OTQ4MjRjYmJh-1160x653.jpg 1160w, https:\/\/www.petervasara.hu\/2013\/wp-content\/uploads\/2024\/01\/aHR0cHM6Ly9jbXNjZG4uYXBwLmNvbnRlbnQucHJpdmF0ZS9jb250ZW50LzhjNzdlYzk4Zjg5YTQ0ZGI4MjlmOGM0OTQ4MjRjYmJh.jpg 1347w\" sizes=\"(max-width: 1024px) 100vw, 1024px\" \/><\/a><\/figure>\n\n\n\n<p>Kedvezm\u00e9nyezett: P\u00e9terv\u00e1s\u00e1ra V\u00e1ros \u00d6nkorm\u00e1nyzata<\/p>\n\n\n\n<p>A projekt azonos\u00edt\u00f3 sz\u00e1ma: TOP_PLUSZ-3.3.2-21-HE1-2022-00012<\/p>\n\n\n\n<p>A projekt \u00f6sszk\u00f6lts\u00e9ge: 110,273 milli\u00f3 Ft<\/p>\n\n\n\n<p>A projekt v\u00e1rhat\u00f3 befejez\u00e9se: 2024. december 31.<\/p>\n\n\n\n<figure class=\"wp-block-image size-full\"><a href=\"https:\/\/www.petervasara.hu\/2013\/wp-content\/uploads\/2024\/01\/top_plusz.jpg\"><img loading=\"lazy\" decoding=\"async\" width=\"800\" height=\"418\" src=\"https:\/\/www.petervasara.hu\/2013\/wp-content\/uploads\/2024\/01\/top_plusz.jpg\" alt=\"\" class=\"wp-image-11931\" srcset=\"https:\/\/www.petervasara.hu\/2013\/wp-content\/uploads\/2024\/01\/top_plusz.jpg 800w, https:\/\/www.petervasara.hu\/2013\/wp-content\/uploads\/2024\/01\/top_plusz-300x157.jpg 300w, https:\/\/www.petervasara.hu\/2013\/wp-content\/uploads\/2024\/01\/top_plusz-768x401.jpg 768w, https:\/\/www.petervasara.hu\/2013\/wp-content\/uploads\/2024\/01\/top_plusz-380x199.jpg 380w\" sizes=\"(max-width: 800px) 100vw, 800px\" \/><\/a><\/figure>\n","protected":false},"excerpt":{"rendered":"P\u00e9terv\u00e1s\u00e1ra V\u00e1ros \u00d6nkorm\u00e1nyzata sikeresen p\u00e1ly\u00e1zott TOP_PLUSZ-3.3.2-21-HE1-2022-00012 k\u00f3dsz\u00e1mon \u201eP\u00e9terv\u00e1s\u00e1rai eg\u00e9szs\u00e9gh\u00e1z infrastruktur\u00e1lis fejleszt\u00e9se\u201d c. projektben. Az int\u00e9zm\u00e9ny P\u00e9terv\u00e1s\u00e1ra, Szabads\u00e1g t\u00e9r&hellip;\n","protected":false},"author":1,"featured_media":11932,"comment_status":"closed","ping_status":"open","sticky":false,"template":"","format":"standard","meta":{"footnotes":""},"categories":[61,2],"tags":[274,103,50,43],"views":1131,"_links":{"self":[{"href":"https:\/\/www.petervasara.hu\/2013\/index.php?rest_route=\/wp\/v2\/posts\/11930"}],"collection":[{"href":"https:\/\/www.petervasara.hu\/2013\/index.php?rest_route=\/wp\/v2\/posts"}],"about":[{"href":"https:\/\/www.petervasara.hu\/2013\/index.php?rest_route=\/wp\/v2\/types\/post"}],"author":[{"embeddable":true,"href":"https:\/\/www.petervasara.hu\/2013\/index.php?rest_route=\/wp\/v2\/users\/1"}],"replies":[{"embeddable":true,"href":"https:\/\/www.petervasara.hu\/2013\/index.php?rest_route=%2Fwp%2Fv2%2Fcomments&post=11930"}],"version-history":[{"count":3,"href":"https:\/\/www.petervasara.hu\/2013\/index.php?rest_route=\/wp\/v2\/posts\/11930\/revisions"}],"predecessor-version":[{"id":12898,"href":"https:\/\/www.petervasara.hu\/2013\/index.php?rest_route=\/wp\/v2\/posts\/11930\/revisions\/12898"}],"wp:featuredmedia":[{"embeddable":true,"href":"https:\/\/www.petervasara.hu\/2013\/index.php?rest_route=\/wp\/v2\/media\/11932"}],"wp:attachment":[{"href":"https:\/\/www.petervasara.hu\/2013\/index.php?rest_route=%2Fwp%2Fv2%2Fmedia&parent=11930"}],"wp:term":[{"taxonomy":"category","embeddable":true,"href":"https:\/\/www.petervasara.hu\/2013\/index.php?rest_route=%2Fwp%2Fv2%2Fcategories&post=11930"},{"taxonomy":"post_tag","embeddable":true,"href":"https:\/\/www.petervasara.hu\/2013\/index.php?rest_route=%2Fwp%2Fv2%2Ftags&post=11930"}],"curies":[{"name":"wp","href":"https:\/\/api.w.org\/{rel}","templated":true}]}}